{"id":13355,"date":"2024-03-31T00:26:20","date_gmt":"2024-03-31T00:26:20","guid":{"rendered":"https:\/\/diariodigitalnea.com\/?p=13355"},"modified":"2024-03-31T00:26:21","modified_gmt":"2024-03-31T00:26:21","slug":"francia-extreman-medidas-de-seguridad-para-los-juegos-olimpicos","status":"publish","type":"post","link":"https:\/\/diariodigitalnea.com\/index.php\/2024\/03\/31\/francia-extreman-medidas-de-seguridad-para-los-juegos-olimpicos\/","title":{"rendered":"Francia extreman medidas de seguridad para los Juegos Ol\u00edmpicos"},"content":{"rendered":"\n<p>A menos de tres meses de disputarse las Olimp\u00edadas, Francia decret\u00f3 el estado de alerta por posible atentado.<\/p>\n\n\n\n<p><br>La organizaci\u00f3n de los Juegos Ol\u00edmpicos de Par\u00eds afronta un importante desaf\u00edo en materia de seguridad. La posibilidad de un ataque terrorista durante el evento volvi\u00f3 a quedar en el centro de la escena despu\u00e9s de que Francia elevar\u00e1 el nivel m\u00e1ximo de alerta tras el ataque en Mosc\u00fa, donde que murieron unas 140 personas que hab\u00edan asistido a un concierto en el Crocus City Hall.<\/p>\n\n\n\n<p><br>La decisi\u00f3n de elevar al m\u00e1ximo el nivel de alerta implica que cuatro mil militares est\u00e1n a la espera de ser movilizados, seg\u00fan inform\u00f3 el primer ministro franc\u00e9s, Gabriel Attal. El objetivo es sumar efectivos en \u00ablugares sensibles como las escuelas, los templos religiosos, las salas de espect\u00e1culos, las estaciones, los aeropuertos o los centros de las ciudades\u00bb.<\/p>\n\n\n\n<figure class=\"wp-block-image size-large\"><img fetchpriority=\"high\" decoding=\"async\" width=\"1024\" height=\"513\" src=\"http:\/\/diariodigitalnea.com\/wp-content\/uploads\/2023\/05\/ENCUENTRO-IG-Verde-copy-1024x513.jpg\" alt=\"PUBLICIDAD\" class=\"wp-image-8132\" srcset=\"https:\/\/diariodigitalnea.com\/wp-content\/uploads\/2023\/05\/ENCUENTRO-IG-Verde-copy-1024x513.jpg 1024w, https:\/\/diariodigitalnea.com\/wp-content\/uploads\/2023\/05\/ENCUENTRO-IG-Verde-copy-300x150.jpg 300w, https:\/\/diariodigitalnea.com\/wp-content\/uploads\/2023\/05\/ENCUENTRO-IG-Verde-copy-768x385.jpg 768w, https:\/\/diariodigitalnea.com\/wp-content\/uploads\/2023\/05\/ENCUENTRO-IG-Verde-copy-1536x769.jpg 1536w, https:\/\/diariodigitalnea.com\/wp-content\/uploads\/2023\/05\/ENCUENTRO-IG-Verde-copy-2048x1026.jpg 2048w\" sizes=\"(max-width: 1024px) 100vw, 1024px\" \/><figcaption class=\"wp-element-caption\">Publicidad: Encuentro Tienda de Bebidas, Chile 190 Local 4 \u2013 Tel: 3624386655 &#8211; Gral San Mart\u00edn<\/figcaption><\/figure>\n\n\n\n<p>El atentado en un teatro en Mosc\u00fa dej\u00f3 al menos 143 muertos y 180 heridos, fue perpetrado por el Estado Isl\u00e1mico y encendi\u00f3 las alarmas en el resto de Europa, ya que en las \u00faltimas horas tambi\u00e9n llam\u00f3 atacar esa regi\u00f3n y a Estados Unidos.<\/p>\n\n\n\n<p><\/p>\n\n\n\n<p>Esto no es todo sino que de cara a los Juegos Ol\u00edmpicos Par\u00eds 2024, el servicio de inteligencia franc\u00e9s tambi\u00e9n recomend\u00f3 cancelar la ceremonia de apertura o tener un plan alternativo. Ya que se tratar\u00e1 de un evento al que asistir\u00e1n unos 300.000 espectadores y se realizar\u00e1 al aire libre, en el r\u00edo Sena.<\/p>\n\n\n\n<p><br>Est\u00e1 previsto que durante la inauguraci\u00f3n de las olimpiadas, asistan tambi\u00e9n pol\u00edticos y comitivas de diferentes pa\u00edses, por lo que temen que se realice un ataque terrorista coordinado durante el evento, ya que es demasiado arriesgado dada la situaci\u00f3n actual.<\/p>\n\n\n\n<figure class=\"wp-block-image size-large\"><img decoding=\"async\" width=\"1024\" height=\"596\" src=\"https:\/\/diariodigitalnea.com\/wp-content\/uploads\/2024\/03\/francia4-1024x596.jpg\" alt=\"\" class=\"wp-image-13356\" srcset=\"https:\/\/diariodigitalnea.com\/wp-content\/uploads\/2024\/03\/francia4-1024x596.jpg 1024w, https:\/\/diariodigitalnea.com\/wp-content\/uploads\/2024\/03\/francia4-300x174.jpg 300w, https:\/\/diariodigitalnea.com\/wp-content\/uploads\/2024\/03\/francia4-768x447.jpg 768w, https:\/\/diariodigitalnea.com\/wp-content\/uploads\/2024\/03\/francia4.jpg 1066w\" sizes=\"(max-width: 1024px) 100vw, 1024px\" \/><\/figure>\n\n\n\n<p><strong>Militares extranjeros<\/strong><\/p>\n\n\n\n<p>Tambi\u00e9n desde el Ministerio de Defensa franc\u00e9s aplicar\u00e1 extremas medidas de seguridad y para ello tambi\u00e9n pedir\u00e1 la colaboraci\u00f3n a otros pa\u00edses. \u00abVarias naciones extranjeras van a reforzarnos en algunas \u00e1reas cr\u00edticas, como las capacidades de manejo de perros, donde las necesidades son enormes durante los Juegos Ol\u00edmpicos\u00bb, explic\u00f3 el ministro de Defensa del pa\u00eds.<\/p>\n\n\n\n<p><\/p>\n\n\n\n<p>La pr\u00f3xima cita ol\u00edmpica, que se disputar\u00e1 del 26 de julio al 11 de agosto, est\u00e1 catalogada como un evento de alto riesgo terrorista, en especial por su in\u00e9dita ceremonia de inauguraci\u00f3n al aire libre. Se llevar\u00e1 a cabo en pleno r\u00edo Sena y ante unos 300.000 espectadores.<br>Durante ese periodo, se calcula que la capital francesa recibir\u00e1 unos 15 millones de turistas, cerca de un 40 por ciento del extranjero.<\/p>\n\n\n\n<figure class=\"wp-block-image size-full\"><img decoding=\"async\" width=\"852\" height=\"575\" src=\"https:\/\/diariodigitalnea.com\/wp-content\/uploads\/2024\/03\/francia44.jpg\" alt=\"\" class=\"wp-image-13357\" srcset=\"https:\/\/diariodigitalnea.com\/wp-content\/uploads\/2024\/03\/francia44.jpg 852w, https:\/\/diariodigitalnea.com\/wp-content\/uploads\/2024\/03\/francia44-300x202.jpg 300w, https:\/\/diariodigitalnea.com\/wp-content\/uploads\/2024\/03\/francia44-768x518.jpg 768w\" sizes=\"(max-width: 852px) 100vw, 852px\" \/><\/figure>\n\n\n\n<p>Una portavoz del Ministerio confirm\u00f3 la informaci\u00f3n, revelada inicialmente por el Gobierno de Polonia, que hab\u00eda indicado que sus Fuerzas Armadas formar\u00e1n parte de la \u00abcoalici\u00f3n internacional\u00bb que va a constituir Francia de cara a los Juegos Ol\u00edmpicos.<\/p>\n\n\n\n<p><\/p>\n\n\n\n<p>Si bien todav\u00eda no precisaron la cantidad exacta de efectivos, la ciudad de Par\u00eds estar\u00e1 custodiada por soldados y perros adiestrados para operaciones de detecci\u00f3n de explosivos y de lucha contra el terrorismo.<\/p>\n\n\n\n<p>Fuente: Minuto Uno<\/p>\n\n\n\n<figure class=\"wp-block-image size-large\"><img loading=\"lazy\" decoding=\"async\" width=\"1024\" height=\"607\" src=\"http:\/\/diariodigitalnea.com\/wp-content\/uploads\/2023\/11\/DDN-FOTO-PC-Y-CEL-1024x607.jpg\" alt=\"publicidad\" class=\"wp-image-11794\" srcset=\"https:\/\/diariodigitalnea.com\/wp-content\/uploads\/2023\/11\/DDN-FOTO-PC-Y-CEL-1024x607.jpg 1024w, https:\/\/diariodigitalnea.com\/wp-content\/uploads\/2023\/11\/DDN-FOTO-PC-Y-CEL-300x178.jpg 300w, https:\/\/diariodigitalnea.com\/wp-content\/uploads\/2023\/11\/DDN-FOTO-PC-Y-CEL-768x455.jpg 768w, https:\/\/diariodigitalnea.com\/wp-content\/uploads\/2023\/11\/DDN-FOTO-PC-Y-CEL-1536x910.jpg 1536w, https:\/\/diariodigitalnea.com\/wp-content\/uploads\/2023\/11\/DDN-FOTO-PC-Y-CEL.jpg 2000w\" sizes=\"(max-width: 1024px) 100vw, 1024px\" \/><figcaption class=\"wp-element-caption\">Diario Digital Nea. Noticias de la regi\u00f3n y el mundo. <\/figcaption><\/figure>\n","protected":false},"excerpt":{"rendered":"<p>A menos de tres meses de disputarse las Olimp\u00edadas, Francia decret\u00f3 el estado de alerta por posible atentado. La organizaci\u00f3n de los Juegos Ol\u00edmpicos de Par\u00eds afronta un importante desaf\u00edo en materia de seguridad. La posibilidad de un ataque terrorista durante el evento volvi\u00f3 a quedar en el centro de la escena despu\u00e9s de que [&hellip;]<\/p>\n","protected":false},"author":4,"featured_media":13358,"comment_status":"closed","ping_status":"closed","sticky":false,"template":"","format":"standard","meta":{"om_disable_all_campaigns":false,"_monsterinsights_skip_tracking":false,"_monsterinsights_sitenote_active":false,"_monsterinsights_sitenote_note":"","_monsterinsights_sitenote_category":0,"footnotes":""},"categories":[95,9],"tags":[630,135],"class_list":["post-13355","post","type-post","status-publish","format-standard","has-post-thumbnail","hentry","category-informacion-general","category-internacionales","tag-francia","tag-seguridad"],"aioseo_notices":[],"amp_enabled":true,"_links":{"self":[{"href":"https:\/\/diariodigitalnea.com\/index.php\/wp-json\/wp\/v2\/posts\/13355","targetHints":{"allow":["GET"]}}],"collection":[{"href":"https:\/\/diariodigitalnea.com\/index.php\/wp-json\/wp\/v2\/posts"}],"about":[{"href":"https:\/\/diariodigitalnea.com\/index.php\/wp-json\/wp\/v2\/types\/post"}],"author":[{"embeddable":true,"href":"https:\/\/diariodigitalnea.com\/index.php\/wp-json\/wp\/v2\/users\/4"}],"replies":[{"embeddable":true,"href":"https:\/\/diariodigitalnea.com\/index.php\/wp-json\/wp\/v2\/comments?post=13355"}],"version-history":[{"count":1,"href":"https:\/\/diariodigitalnea.com\/index.php\/wp-json\/wp\/v2\/posts\/13355\/revisions"}],"predecessor-version":[{"id":13359,"href":"https:\/\/diariodigitalnea.com\/index.php\/wp-json\/wp\/v2\/posts\/13355\/revisions\/13359"}],"wp:featuredmedia":[{"embeddable":true,"href":"https:\/\/diariodigitalnea.com\/index.php\/wp-json\/wp\/v2\/media\/13358"}],"wp:attachment":[{"href":"https:\/\/diariodigitalnea.com\/index.php\/wp-json\/wp\/v2\/media?parent=13355"}],"wp:term":[{"taxonomy":"category","embeddable":true,"href":"https:\/\/diariodigitalnea.com\/index.php\/wp-json\/wp\/v2\/categories?post=13355"},{"taxonomy":"post_tag","embeddable":true,"href":"https:\/\/diariodigitalnea.com\/index.php\/wp-json\/wp\/v2\/tags?post=13355"}],"curies":[{"name":"wp","href":"https:\/\/api.w.org\/{rel}","templated":true}]}}