{"id":13077,"date":"2024-03-13T13:25:54","date_gmt":"2024-03-13T13:25:54","guid":{"rendered":"https:\/\/diariodigitalnea.com\/?p=13077"},"modified":"2024-03-13T13:26:11","modified_gmt":"2024-03-13T13:26:11","slug":"desigualdad-alarmante-7-de-cada-10-ninos-argentinos-viven-en-la-pobreza-segun-unicef","status":"publish","type":"post","link":"https:\/\/diariodigitalnea.com\/index.php\/2024\/03\/13\/desigualdad-alarmante-7-de-cada-10-ninos-argentinos-viven-en-la-pobreza-segun-unicef\/","title":{"rendered":"Desigualdad alarmante: 7 de cada 10 ni\u00f1os argentinos viven en la pobreza, seg\u00fan Unicef"},"content":{"rendered":"\n<p>Un informe de Unicef revel\u00f3 que la pobreza infantil en Argentina afecta a 8,6 millones de menores, destacando la urgencia de medidas para proteger sus derechos y mejorar sus condiciones de vida.<\/p>\n\n\n\n<figure class=\"wp-block-image size-large\"><img fetchpriority=\"high\" decoding=\"async\" width=\"1024\" height=\"513\" src=\"http:\/\/diariodigitalnea.com\/wp-content\/uploads\/2023\/05\/ENCUENTRO-IG-Verde-copy-1024x513.jpg\" alt=\"PUBLICIDAD\" class=\"wp-image-8132\" srcset=\"https:\/\/diariodigitalnea.com\/wp-content\/uploads\/2023\/05\/ENCUENTRO-IG-Verde-copy-1024x513.jpg 1024w, https:\/\/diariodigitalnea.com\/wp-content\/uploads\/2023\/05\/ENCUENTRO-IG-Verde-copy-300x150.jpg 300w, https:\/\/diariodigitalnea.com\/wp-content\/uploads\/2023\/05\/ENCUENTRO-IG-Verde-copy-768x385.jpg 768w, https:\/\/diariodigitalnea.com\/wp-content\/uploads\/2023\/05\/ENCUENTRO-IG-Verde-copy-1536x769.jpg 1536w, https:\/\/diariodigitalnea.com\/wp-content\/uploads\/2023\/05\/ENCUENTRO-IG-Verde-copy-2048x1026.jpg 2048w\" sizes=\"(max-width: 1024px) 100vw, 1024px\" \/><figcaption class=\"wp-element-caption\">Publicidad: Encuentro Tienda de Bebidas, Chile 190 Local 4 \u2013 Tel: 3624386655 &#8211; Gral San Mart\u00edn<\/figcaption><\/figure>\n\n\n\n<p>Un reciente informe presentado por UNICEF arroj\u00f3 cifras alarmantes sobre la situaci\u00f3n de la infancia en Argentina. Seg\u00fan el estudio, siete de cada diez ni\u00f1os en el pa\u00eds viven en condiciones de pobreza, lo que equivale a aproximadamente 8,6 millones de menores de 18 a\u00f1os que enfrentan dificultades econ\u00f3micas o privaciones de sus derechos fundamentales.<\/p>\n\n\n\n<p><\/p>\n\n\n\n<p>Los datos recopilados para el segundo semestre del 2023 revelan que la pobreza infantil se manifiesta en dos dimensiones principales. Por un lado, el 57,5% de los ni\u00f1os experimentan pobreza debido a la falta de recursos econ\u00f3micos, mientras que el 43% enfrenta pobreza por privaci\u00f3n de derechos como acceso a la educaci\u00f3n y la salud. Alarmantemente, un 31% de los menores padecen ambas formas de pobreza simult\u00e1neamente, afectando a 3,8 millones de ni\u00f1os .<\/p>\n\n\n\n<figure class=\"wp-block-image size-full\"><img decoding=\"async\" width=\"835\" height=\"587\" src=\"https:\/\/diariodigitalnea.com\/wp-content\/uploads\/2024\/03\/pobre4.jpg\" alt=\"\" class=\"wp-image-13078\" srcset=\"https:\/\/diariodigitalnea.com\/wp-content\/uploads\/2024\/03\/pobre4.jpg 835w, https:\/\/diariodigitalnea.com\/wp-content\/uploads\/2024\/03\/pobre4-300x211.jpg 300w, https:\/\/diariodigitalnea.com\/wp-content\/uploads\/2024\/03\/pobre4-768x540.jpg 768w\" sizes=\"(max-width: 835px) 100vw, 835px\" \/><\/figure>\n\n\n\n<p>El economista especialista en Inclusi\u00f3n Social y Monitoreo en Unicef Argentina, Sebasti\u00e1n Waisgrais, resalt\u00f3 el impacto del deterioro macroecon\u00f3mico en este panorama. Waisgrais se\u00f1al\u00f3 que \u00abLa canasta b\u00e1sica aumenta en mayor proporci\u00f3n que los \u00edndices de inflaci\u00f3n general y que los salarios\u00bb, lo que evidencia la urgente necesidad de medidas para proteger los ingresos de los hogares y mejorar la cobertura de las prestaciones sociales.<\/p>\n\n\n\n<p><\/p>\n\n\n\n<p>En el \u00faltimo semestre del a\u00f1o pasado, la indigencia infantil aument\u00f3 significativamente, alcanzando un 19,4%, lo que representa un aumento del 5%. Esta es la primera vez que se registra un incremento tan notable en la indigencia, lo que significa que 643.000 ni\u00f1os m\u00e1s cayeron en la pobreza extrema .<\/p>\n\n\n\n<figure class=\"wp-block-image size-full\"><img decoding=\"async\" width=\"955\" height=\"623\" src=\"https:\/\/diariodigitalnea.com\/wp-content\/uploads\/2024\/03\/pobres2.jpg\" alt=\"\" class=\"wp-image-13079\" srcset=\"https:\/\/diariodigitalnea.com\/wp-content\/uploads\/2024\/03\/pobres2.jpg 955w, https:\/\/diariodigitalnea.com\/wp-content\/uploads\/2024\/03\/pobres2-300x196.jpg 300w, https:\/\/diariodigitalnea.com\/wp-content\/uploads\/2024\/03\/pobres2-768x501.jpg 768w\" sizes=\"(max-width: 955px) 100vw, 955px\" \/><\/figure>\n\n\n\n<p>El informe tambi\u00e9n destaca las disparidades significativas en la pobreza infantil seg\u00fan la ubicaci\u00f3n geogr\u00e1fica, g\u00e9nero y nivel educativo . Por ejemplo, la pobreza en barrios populares afecta al 84% de los ni\u00f1os, mientras que la brecha entre ni\u00f1as y ni\u00f1os es del 63% y 50,8%, respectivamente. Adem\u00e1s, se observa que la pobreza es m\u00e1s pronunciada en hogares con bajo nivel educativo (83%), hogares monomarentales (68%) y en aquellos que residen en barrios populares (84%).<\/p>\n\n\n\n<p><\/p>\n\n\n\n<p>Ante esta situaci\u00f3n, Waisgrais enfatiza la importancia de mantener y fortalecer las partidas presupuestarias destinadas a las pol\u00edticas de protecci\u00f3n de ingresos a los hogares. \u00abSi bien hubo se\u00f1ales positivas en este sentido, es clave maximizar los esfuerzos para mejorar la cobertura y suficiencia de las prestaciones\u00bb, subray\u00f3, destacando la urgencia de medidas concretas para revertir esta alarmante realidad que afecta a millones de ni\u00f1os en Argentina.<\/p>\n\n\n\n<figure class=\"wp-block-image size-large\"><img loading=\"lazy\" decoding=\"async\" width=\"1024\" height=\"607\" src=\"http:\/\/diariodigitalnea.com\/wp-content\/uploads\/2023\/11\/DDN-FOTO-PC-Y-CEL-1024x607.jpg\" alt=\"publicidad\" class=\"wp-image-11794\" srcset=\"https:\/\/diariodigitalnea.com\/wp-content\/uploads\/2023\/11\/DDN-FOTO-PC-Y-CEL-1024x607.jpg 1024w, https:\/\/diariodigitalnea.com\/wp-content\/uploads\/2023\/11\/DDN-FOTO-PC-Y-CEL-300x178.jpg 300w, https:\/\/diariodigitalnea.com\/wp-content\/uploads\/2023\/11\/DDN-FOTO-PC-Y-CEL-768x455.jpg 768w, https:\/\/diariodigitalnea.com\/wp-content\/uploads\/2023\/11\/DDN-FOTO-PC-Y-CEL-1536x910.jpg 1536w, https:\/\/diariodigitalnea.com\/wp-content\/uploads\/2023\/11\/DDN-FOTO-PC-Y-CEL.jpg 2000w\" sizes=\"(max-width: 1024px) 100vw, 1024px\" \/><figcaption class=\"wp-element-caption\">Diario Digital Nea. Noticias de la regi\u00f3n y el mundo. <\/figcaption><\/figure>\n","protected":false},"excerpt":{"rendered":"<p>Un informe de Unicef revel\u00f3 que la pobreza infantil en Argentina afecta a 8,6 millones de menores, destacando la urgencia de medidas para proteger sus derechos y mejorar sus condiciones de vida. Un reciente informe presentado por UNICEF arroj\u00f3 cifras alarmantes sobre la situaci\u00f3n de la infancia en Argentina. Seg\u00fan el estudio, siete de cada [&hellip;]<\/p>\n","protected":false},"author":4,"featured_media":13080,"comment_status":"closed","ping_status":"closed","sticky":false,"template":"","format":"standard","meta":{"om_disable_all_campaigns":false,"_monsterinsights_skip_tracking":false,"_monsterinsights_sitenote_active":false,"_monsterinsights_sitenote_note":"","_monsterinsights_sitenote_category":0,"footnotes":""},"categories":[5,90],"tags":[3986,199,516],"class_list":["post-13077","post","type-post","status-publish","format-standard","has-post-thumbnail","hentry","category-economia","category-nacionales","tag-desigualdad","tag-ninos","tag-pobreza"],"aioseo_notices":[],"amp_enabled":true,"_links":{"self":[{"href":"https:\/\/diariodigitalnea.com\/index.php\/wp-json\/wp\/v2\/posts\/13077","targetHints":{"allow":["GET"]}}],"collection":[{"href":"https:\/\/diariodigitalnea.com\/index.php\/wp-json\/wp\/v2\/posts"}],"about":[{"href":"https:\/\/diariodigitalnea.com\/index.php\/wp-json\/wp\/v2\/types\/post"}],"author":[{"embeddable":true,"href":"https:\/\/diariodigitalnea.com\/index.php\/wp-json\/wp\/v2\/users\/4"}],"replies":[{"embeddable":true,"href":"https:\/\/diariodigitalnea.com\/index.php\/wp-json\/wp\/v2\/comments?post=13077"}],"version-history":[{"count":1,"href":"https:\/\/diariodigitalnea.com\/index.php\/wp-json\/wp\/v2\/posts\/13077\/revisions"}],"predecessor-version":[{"id":13081,"href":"https:\/\/diariodigitalnea.com\/index.php\/wp-json\/wp\/v2\/posts\/13077\/revisions\/13081"}],"wp:featuredmedia":[{"embeddable":true,"href":"https:\/\/diariodigitalnea.com\/index.php\/wp-json\/wp\/v2\/media\/13080"}],"wp:attachment":[{"href":"https:\/\/diariodigitalnea.com\/index.php\/wp-json\/wp\/v2\/media?parent=13077"}],"wp:term":[{"taxonomy":"category","embeddable":true,"href":"https:\/\/diariodigitalnea.com\/index.php\/wp-json\/wp\/v2\/categories?post=13077"},{"taxonomy":"post_tag","embeddable":true,"href":"https:\/\/diariodigitalnea.com\/index.php\/wp-json\/wp\/v2\/tags?post=13077"}],"curies":[{"name":"wp","href":"https:\/\/api.w.org\/{rel}","templated":true}]}}