{"id":13024,"date":"2024-03-11T00:00:28","date_gmt":"2024-03-11T00:00:28","guid":{"rendered":"https:\/\/diariodigitalnea.com\/?p=13024"},"modified":"2024-03-11T02:10:22","modified_gmt":"2024-03-11T02:10:22","slug":"santa-fe-y-el-gobierno-crearon-un-comite-de-crisis-para-frenar-los-atentados-narco-en-rosario","status":"publish","type":"post","link":"https:\/\/diariodigitalnea.com\/index.php\/2024\/03\/11\/santa-fe-y-el-gobierno-crearon-un-comite-de-crisis-para-frenar-los-atentados-narco-en-rosario\/","title":{"rendered":"Santa Fe y el Gobierno crearon un comit\u00e9 de crisis para frenar los atentados narco en Rosario"},"content":{"rendered":"\n<p>Tras el crimen del playero Bruno Bussanich, se anunci\u00f3 la creaci\u00f3n de una Junta Operativa integrada por el Ministerio P\u00fablico de la Acusaci\u00f3n, la Municipalidad de Rosario y las fuerzas federales.<\/p>\n\n\n\n<p><br>El presidente Javier Milei y la ministra de Seguridad, Patricia Bullrich, anunciaron la conformaci\u00f3n, por pedido del gobernador de Santa Fe, Maximiliano Pullaro, de un nuevo Comit\u00e9 de Crisis, con el objetivo de intervenir en Rosario con las Fuerzas Federales.<\/p>\n\n\n\n<figure class=\"wp-block-image size-large\"><img fetchpriority=\"high\" decoding=\"async\" width=\"1024\" height=\"513\" src=\"http:\/\/diariodigitalnea.com\/wp-content\/uploads\/2023\/05\/ENCUENTRO-IG-Verde-copy-1024x513.jpg\" alt=\"PUBLICIDAD\" class=\"wp-image-8132\" srcset=\"https:\/\/diariodigitalnea.com\/wp-content\/uploads\/2023\/05\/ENCUENTRO-IG-Verde-copy-1024x513.jpg 1024w, https:\/\/diariodigitalnea.com\/wp-content\/uploads\/2023\/05\/ENCUENTRO-IG-Verde-copy-300x150.jpg 300w, https:\/\/diariodigitalnea.com\/wp-content\/uploads\/2023\/05\/ENCUENTRO-IG-Verde-copy-768x385.jpg 768w, https:\/\/diariodigitalnea.com\/wp-content\/uploads\/2023\/05\/ENCUENTRO-IG-Verde-copy-1536x769.jpg 1536w, https:\/\/diariodigitalnea.com\/wp-content\/uploads\/2023\/05\/ENCUENTRO-IG-Verde-copy-2048x1026.jpg 2048w\" sizes=\"(max-width: 1024px) 100vw, 1024px\" \/><figcaption class=\"wp-element-caption\">Publicidad: Encuentro Tienda de Bebidas, Chile 190 Local 4 \u2013 Tel: 3624386655 &#8211; Gral San Mart\u00edn<\/figcaption><\/figure>\n\n\n\n<p>La noticia se conoci\u00f3 tras un nuevo crimen que conmocion\u00f3 a la ciudad: Bruno Bussanich trabajaba en una estaci\u00f3n de servicio cuando, pasada la medianoche, fue baleado por sicarios en una peque\u00f1a oficina del comercio.<\/p>\n\n\n\n<p><\/p>\n\n\n\n<p>\u00abDe esta manera, la Polic\u00eda Federal, la Gendarmer\u00eda Nacional, la Prefectura Naval, la Polic\u00eda de Seguridad Aeroportuaria y el Servicio Penitenciario asistir\u00e1n a la Polic\u00eda de Santa Fe en el combate contra el narcotr\u00e1fico\u00bb, reza el comunicado que lanzaron desde el Gobierno este mediod\u00eda. Y agrega que \u00ablas Fuerzas Armadas han sido facultadas para otorgar asistencia en las operaciones de seguridad interior, en los t\u00e9rminos del art\u00edculo 27 de la Ley 24.059\u2033.<\/p>\n\n\n\n<p><br>Y se\u00f1alaron: \u00abEl Gobierno Nacional est\u00e1 decidido a enfrentar a la mafia del narcotr\u00e1fico y a los sicarios que instauraron un r\u00e9gimen de muerte y terror en la ciudad de Rosario. No se dar\u00e1 ni un paso atr\u00e1s. Los rosarinos van a recuperar las calles y la libertad\u00bb.<\/p>\n\n\n\n<figure class=\"wp-block-image size-full\"><img decoding=\"async\" width=\"846\" height=\"555\" src=\"https:\/\/diariodigitalnea.com\/wp-content\/uploads\/2024\/03\/ros8.jpg\" alt=\"\" class=\"wp-image-13025\" srcset=\"https:\/\/diariodigitalnea.com\/wp-content\/uploads\/2024\/03\/ros8.jpg 846w, https:\/\/diariodigitalnea.com\/wp-content\/uploads\/2024\/03\/ros8-300x197.jpg 300w, https:\/\/diariodigitalnea.com\/wp-content\/uploads\/2024\/03\/ros8-768x504.jpg 768w\" sizes=\"(max-width: 846px) 100vw, 846px\" \/><\/figure>\n\n\n\n<p>Al mismo tiempo, el Gobierno de Santa Fe dio a conocer nuevas medidas para detener los atentados en Rosario llevados adelante por organizaciones criminales, tras el homicidio de Bussanich, que ten\u00eda de 25 a\u00f1os. El anuncio coincidi\u00f3 con la confirmaci\u00f3n del deceso de Marcos Daloia, el colectivero de 39 a\u00f1os que recibi\u00f3 un balazo en el cr\u00e1neo y estaba internado desde el jueves pasado.<\/p>\n\n\n\n<p><\/p>\n\n\n\n<p>Mediante un comunicado, la administraci\u00f3n del gobernador Pullaro manifest\u00f3: \u00abEn estas horas, lo primero es acompa\u00f1ar en el dolor a familiares y seres queridos de las v\u00edctimas de estos atentados que venimos atravesando en la ciudad de Rosario\u00bb. Lo dijo en referencia al crimen de Bussanich, los asesinatos de los taxistas Diego Alejandro Celentano y H\u00e9ctor Ra\u00fal Figueroa y al ataque a balazos contra el chofer de troleb\u00fas Marcos Iv\u00e1n Daloia.<\/p>\n\n\n\n<p><br>\u00abLos ide\u00f3logos y ejecutores de estos hechos, que no dudamos en calificar como terroristas, pretenden recuperar los privilegios que ten\u00edan las organizaciones criminales dentro de las c\u00e1rceles: quieren recuperar el delivery, tener celulares, visitas \u00edntimas ilimitadas, y sobre todo organizar y cometer delitos desde la c\u00e1rcel\u00bb, se\u00f1ala el comunicado en el que se destaca la palabra que el Gobernador viene usando desde esta semana que pas\u00f3 para referirse a los narcos: terrorismo.<\/p>\n\n\n\n<figure class=\"wp-block-image size-large\"><img decoding=\"async\" width=\"1024\" height=\"615\" src=\"https:\/\/diariodigitalnea.com\/wp-content\/uploads\/2024\/03\/ros1-1024x615.jpg\" alt=\"\" class=\"wp-image-13026\" srcset=\"https:\/\/diariodigitalnea.com\/wp-content\/uploads\/2024\/03\/ros1-1024x615.jpg 1024w, https:\/\/diariodigitalnea.com\/wp-content\/uploads\/2024\/03\/ros1-300x180.jpg 300w, https:\/\/diariodigitalnea.com\/wp-content\/uploads\/2024\/03\/ros1-768x461.jpg 768w, https:\/\/diariodigitalnea.com\/wp-content\/uploads\/2024\/03\/ros1.jpg 1042w\" sizes=\"(max-width: 1024px) 100vw, 1024px\" \/><\/figure>\n\n\n\n<p><br>\u00abNo act\u00faan contra un gobierno: est\u00e1n en contra de todos los rosarinos y los santafesinos en general que queremos la aplicaci\u00f3n de la ley para impedirles que sigan cometiendo delitos tras las rejas\u00bb, a\u00f1adieron en la misma l\u00f3gica.<\/p>\n\n\n\n<p><\/p>\n\n\n\n<p>Al mismo tiempo, indicaron que este mismo domingo se constituy\u00f3 una Junta Operativa, conformada por el Gobierno de Santa Fe, Ministerio P\u00fablico de la Acusaci\u00f3n, Municipalidad de Rosario y Gobierno Nacional, que \u00abtrabajar\u00e1 de manera permanente\u00bb.<\/p>\n\n\n\n<figure class=\"wp-block-image size-full\"><img loading=\"lazy\" decoding=\"async\" width=\"895\" height=\"531\" src=\"https:\/\/diariodigitalnea.com\/wp-content\/uploads\/2024\/03\/ros12.jpg\" alt=\"\" class=\"wp-image-13028\" srcset=\"https:\/\/diariodigitalnea.com\/wp-content\/uploads\/2024\/03\/ros12.jpg 895w, https:\/\/diariodigitalnea.com\/wp-content\/uploads\/2024\/03\/ros12-300x178.jpg 300w, https:\/\/diariodigitalnea.com\/wp-content\/uploads\/2024\/03\/ros12-768x456.jpg 768w\" sizes=\"(max-width: 895px) 100vw, 895px\" \/><\/figure>\n\n\n\n<p>Entre las medidas, se destacan:<br>Triplicar la acci\u00f3n operativa de las fuerzas de seguridad en el territorio<\/p>\n\n\n\n<p><br>Acciones operativas focalizadas en zonas vinculadas a las investigaciones en curso<\/p>\n\n\n\n<p><br>Operativos de saturaci\u00f3n<\/p>\n\n\n\n<p><br>Conformaci\u00f3n de un equipo especial de investigaciones con miembros de distintas unidades de fiscal\u00eda<\/p>\n\n\n\n<p><br>Incremento del personal policial cubriendo horas de servicio extraordinario<\/p>\n\n\n\n<p><br>Refuerzo de las fuerzas federales y participaci\u00f3n de las Fuerzas Armadas en el apoyo log\u00edstico<\/p>\n\n\n\n<p><br>Ampliaci\u00f3n de las recompensas para quienes aporten al esclarecimiento de los hechos<\/p>\n\n\n\n<p><br>Intensificaci\u00f3n de los controles de veh\u00edculos y personas, para lo cual requerimos la predisposici\u00f3n de la ciudadan\u00eda.<\/p>\n\n\n\n<figure class=\"wp-block-image size-full\"><img loading=\"lazy\" decoding=\"async\" width=\"706\" height=\"592\" src=\"https:\/\/diariodigitalnea.com\/wp-content\/uploads\/2024\/03\/ros5.jpg\" alt=\"\" class=\"wp-image-13027\" srcset=\"https:\/\/diariodigitalnea.com\/wp-content\/uploads\/2024\/03\/ros5.jpg 706w, https:\/\/diariodigitalnea.com\/wp-content\/uploads\/2024\/03\/ros5-300x252.jpg 300w\" sizes=\"(max-width: 706px) 100vw, 706px\" \/><\/figure>\n\n\n\n<p><br>Sospechas<br>Por estas horas, los investigadores sospechan que el crimen del joven playero podr\u00eda estar vinculado a los homicidios de los taxistas Diego Alejandro Celentano y H\u00e9ctor Ra\u00fal Figueroa, asesinados a balazos el martes y el mi\u00e9rcoles pasado; y al ataque a balazos contra el chofer de troleb\u00fas Marcos Iv\u00e1n Daloia, que contin\u00faa internado en grave estado.<\/p>\n\n\n\n<p><\/p>\n\n\n\n<p>El objetivo de todos los ataques ser\u00eda generar conmoci\u00f3n, en reprimenda por las requisas al estilo Bukele en las c\u00e1rceles de la provincia de Santa Fe y las r\u00edgidas medidas que tom\u00f3 el gobernador Pullaro con las visitas de los presos de alto perfil.<\/p>\n\n\n\n<figure class=\"wp-block-image size-large\"><img loading=\"lazy\" decoding=\"async\" width=\"1024\" height=\"446\" src=\"http:\/\/diariodigitalnea.com\/wp-content\/uploads\/2023\/05\/CONSTRUCAL-CON-FABRICA-2-1024x446.jpg\" alt=\"publicidad Construcal 2\" class=\"wp-image-8211\" srcset=\"https:\/\/diariodigitalnea.com\/wp-content\/uploads\/2023\/05\/CONSTRUCAL-CON-FABRICA-2-1024x446.jpg 1024w, https:\/\/diariodigitalnea.com\/wp-content\/uploads\/2023\/05\/CONSTRUCAL-CON-FABRICA-2-300x131.jpg 300w, https:\/\/diariodigitalnea.com\/wp-content\/uploads\/2023\/05\/CONSTRUCAL-CON-FABRICA-2-768x334.jpg 768w, https:\/\/diariodigitalnea.com\/wp-content\/uploads\/2023\/05\/CONSTRUCAL-CON-FABRICA-2-1536x669.jpg 1536w, https:\/\/diariodigitalnea.com\/wp-content\/uploads\/2023\/05\/CONSTRUCAL-CON-FABRICA-2-2048x892.jpg 2048w\" sizes=\"(max-width: 1024px) 100vw, 1024px\" \/><figcaption class=\"wp-element-caption\">Publicidad: ConstruCal Cales hidratas y vivas para uso vial y construcci\u00f3n TEL: 3624602737\n<\/figcaption><\/figure>\n\n\n\n<p>Esta hip\u00f3tesis creci\u00f3 durante las \u00faltimas horas tras el homicidio de Bussanich debido al mensaje mafioso, escrito en birome, sobre una hoja rajada escolar. \u00abEsta guerra no es por el territorio, es contra Pullaro y (Pablo) Cococcioni\u00bb, comienza diciendo la nueva amenaza del crimen organizado contra el gobernador y su ministro de seguridad y contin\u00faa: \u00abAs\u00ed como nosotros llegamos a 300 muertos, estando unidos vamos a matar a m\u00e1s inocentes por a\u00f1o\u00bb.<\/p>\n\n\n\n<figure class=\"wp-block-image size-large\"><img loading=\"lazy\" decoding=\"async\" width=\"1024\" height=\"607\" src=\"http:\/\/diariodigitalnea.com\/wp-content\/uploads\/2023\/11\/DDN-FOTO-PC-Y-CEL-1024x607.jpg\" alt=\"publicidad\" class=\"wp-image-11794\" srcset=\"https:\/\/diariodigitalnea.com\/wp-content\/uploads\/2023\/11\/DDN-FOTO-PC-Y-CEL-1024x607.jpg 1024w, https:\/\/diariodigitalnea.com\/wp-content\/uploads\/2023\/11\/DDN-FOTO-PC-Y-CEL-300x178.jpg 300w, https:\/\/diariodigitalnea.com\/wp-content\/uploads\/2023\/11\/DDN-FOTO-PC-Y-CEL-768x455.jpg 768w, https:\/\/diariodigitalnea.com\/wp-content\/uploads\/2023\/11\/DDN-FOTO-PC-Y-CEL-1536x910.jpg 1536w, https:\/\/diariodigitalnea.com\/wp-content\/uploads\/2023\/11\/DDN-FOTO-PC-Y-CEL.jpg 2000w\" sizes=\"(max-width: 1024px) 100vw, 1024px\" \/><figcaption class=\"wp-element-caption\">Diario Digital Nea. Noticias de la regi\u00f3n y el mundo. <\/figcaption><\/figure>\n\n\n\n<p>Fuente: Infobae.<\/p>\n","protected":false},"excerpt":{"rendered":"<p>Tras el crimen del playero Bruno Bussanich, se anunci\u00f3 la creaci\u00f3n de una Junta Operativa integrada por el Ministerio P\u00fablico de la Acusaci\u00f3n, la Municipalidad de Rosario y las fuerzas federales. El presidente Javier Milei y la ministra de Seguridad, Patricia Bullrich, anunciaron la conformaci\u00f3n, por pedido del gobernador de Santa Fe, Maximiliano Pullaro, de [&hellip;]<\/p>\n","protected":false},"author":4,"featured_media":13029,"comment_status":"closed","ping_status":"closed","sticky":false,"template":"","format":"standard","meta":{"om_disable_all_campaigns":false,"_monsterinsights_skip_tracking":false,"_monsterinsights_sitenote_active":false,"_monsterinsights_sitenote_note":"","_monsterinsights_sitenote_category":0,"footnotes":""},"categories":[90,52],"tags":[3975,598,43,795],"class_list":["post-13024","post","type-post","status-publish","format-standard","has-post-thumbnail","hentry","category-nacionales","category-policiales","tag-atentados","tag-gobierno","tag-rosario","tag-santa-fe"],"aioseo_notices":[],"amp_enabled":true,"_links":{"self":[{"href":"https:\/\/diariodigitalnea.com\/index.php\/wp-json\/wp\/v2\/posts\/13024","targetHints":{"allow":["GET"]}}],"collection":[{"href":"https:\/\/diariodigitalnea.com\/index.php\/wp-json\/wp\/v2\/posts"}],"about":[{"href":"https:\/\/diariodigitalnea.com\/index.php\/wp-json\/wp\/v2\/types\/post"}],"author":[{"embeddable":true,"href":"https:\/\/diariodigitalnea.com\/index.php\/wp-json\/wp\/v2\/users\/4"}],"replies":[{"embeddable":true,"href":"https:\/\/diariodigitalnea.com\/index.php\/wp-json\/wp\/v2\/comments?post=13024"}],"version-history":[{"count":1,"href":"https:\/\/diariodigitalnea.com\/index.php\/wp-json\/wp\/v2\/posts\/13024\/revisions"}],"predecessor-version":[{"id":13030,"href":"https:\/\/diariodigitalnea.com\/index.php\/wp-json\/wp\/v2\/posts\/13024\/revisions\/13030"}],"wp:featuredmedia":[{"embeddable":true,"href":"https:\/\/diariodigitalnea.com\/index.php\/wp-json\/wp\/v2\/media\/13029"}],"wp:attachment":[{"href":"https:\/\/diariodigitalnea.com\/index.php\/wp-json\/wp\/v2\/media?parent=13024"}],"wp:term":[{"taxonomy":"category","embeddable":true,"href":"https:\/\/diariodigitalnea.com\/index.php\/wp-json\/wp\/v2\/categories?post=13024"},{"taxonomy":"post_tag","embeddable":true,"href":"https:\/\/diariodigitalnea.com\/index.php\/wp-json\/wp\/v2\/tags?post=13024"}],"curies":[{"name":"wp","href":"https:\/\/api.w.org\/{rel}","templated":true}]}}