{"id":12940,"date":"2024-03-06T12:40:30","date_gmt":"2024-03-06T12:40:30","guid":{"rendered":"https:\/\/diariodigitalnea.com\/?p=12940"},"modified":"2024-03-06T12:40:31","modified_gmt":"2024-03-06T12:40:31","slug":"ercolini-ordeno-27-operativos-por-el-escandalo-de-los-seguros","status":"publish","type":"post","link":"https:\/\/diariodigitalnea.com\/index.php\/2024\/03\/06\/ercolini-ordeno-27-operativos-por-el-escandalo-de-los-seguros\/","title":{"rendered":"Ercolini orden\u00f3 27 operativos por el esc\u00e1ndalo de los seguros"},"content":{"rendered":"\n<p>El juez federal Juli\u00e1n Ercolini orden\u00f3 este martes unos 27 operativos en distintas empresas de seguros involucradas en la trama por la cual est\u00e1 imputado el expresidente de la Naci\u00f3n, Alberto Fern\u00e1ndez.<\/p>\n\n\n\n<p>Son \u00f3rdenes de presentaci\u00f3n, no allanamientos, por las cuales una comisi\u00f3n policial se constituye en cada una de estas empresas a solicitar la documentaci\u00f3n para avanzar en la causa.<\/p>\n\n\n\n<p>Ercolini recibi\u00f3 de Naci\u00f3n Seguros una n\u00f3mina de empresas aseguradoras que intervinieron en la asignaci\u00f3n de p\u00f3lizas en cr\u00e9ditos otorgados por la ANSES y por ello orden\u00f3 esa medida para recabar informaci\u00f3n, m\u00e1s all\u00e1 de los dos imputados de ese rubro que ya tiene la causa, H\u00e9ctor Mart\u00ednez Sosa y Pablo Torres Garc\u00eda.<\/p>\n\n\n\n<p>Hasta el momento, son dos las investigaciones que existen por separado aunque por ser hechos similares puede que se acumulen en una sola.<\/p>\n","protected":false},"excerpt":{"rendered":"<p>El juez federal Juli\u00e1n Ercolini orden\u00f3 este martes unos 27 operativos en distintas empresas de seguros involucradas en la trama por la cual est\u00e1 imputado el expresidente de la Naci\u00f3n, Alberto Fern\u00e1ndez. Son \u00f3rdenes de presentaci\u00f3n, no allanamientos, por las cuales una comisi\u00f3n policial se constituye en cada una de estas empresas a solicitar la [&hellip;]<\/p>\n","protected":false},"author":3,"featured_media":12941,"comment_status":"closed","ping_status":"closed","sticky":false,"template":"","format":"standard","meta":{"om_disable_all_campaigns":false,"_monsterinsights_skip_tracking":false,"_monsterinsights_sitenote_active":false,"_monsterinsights_sitenote_note":"","_monsterinsights_sitenote_category":0,"footnotes":""},"categories":[5,90],"tags":[685,3953,3952],"class_list":["post-12940","post","type-post","status-publish","format-standard","has-post-thumbnail","hentry","category-economia","category-nacionales","tag-alberto-fernandez-2","tag-causa-seguros","tag-julian-ercolini"],"aioseo_notices":[],"amp_enabled":true,"_links":{"self":[{"href":"https:\/\/diariodigitalnea.com\/index.php\/wp-json\/wp\/v2\/posts\/12940","targetHints":{"allow":["GET"]}}],"collection":[{"href":"https:\/\/diariodigitalnea.com\/index.php\/wp-json\/wp\/v2\/posts"}],"about":[{"href":"https:\/\/diariodigitalnea.com\/index.php\/wp-json\/wp\/v2\/types\/post"}],"author":[{"embeddable":true,"href":"https:\/\/diariodigitalnea.com\/index.php\/wp-json\/wp\/v2\/users\/3"}],"replies":[{"embeddable":true,"href":"https:\/\/diariodigitalnea.com\/index.php\/wp-json\/wp\/v2\/comments?post=12940"}],"version-history":[{"count":1,"href":"https:\/\/diariodigitalnea.com\/index.php\/wp-json\/wp\/v2\/posts\/12940\/revisions"}],"predecessor-version":[{"id":12942,"href":"https:\/\/diariodigitalnea.com\/index.php\/wp-json\/wp\/v2\/posts\/12940\/revisions\/12942"}],"wp:featuredmedia":[{"embeddable":true,"href":"https:\/\/diariodigitalnea.com\/index.php\/wp-json\/wp\/v2\/media\/12941"}],"wp:attachment":[{"href":"https:\/\/diariodigitalnea.com\/index.php\/wp-json\/wp\/v2\/media?parent=12940"}],"wp:term":[{"taxonomy":"category","embeddable":true,"href":"https:\/\/diariodigitalnea.com\/index.php\/wp-json\/wp\/v2\/categories?post=12940"},{"taxonomy":"post_tag","embeddable":true,"href":"https:\/\/diariodigitalnea.com\/index.php\/wp-json\/wp\/v2\/tags?post=12940"}],"curies":[{"name":"wp","href":"https:\/\/api.w.org\/{rel}","templated":true}]}}