{"id":12890,"date":"2024-03-05T13:09:48","date_gmt":"2024-03-05T13:09:48","guid":{"rendered":"https:\/\/diariodigitalnea.com\/?p=12890"},"modified":"2024-03-05T16:45:16","modified_gmt":"2024-03-05T16:45:16","slug":"nikisch-presento-una-denuncia-penal-contra-la-gestion-anterior-del-municipio-de-resistencia","status":"publish","type":"post","link":"https:\/\/diariodigitalnea.com\/index.php\/2024\/03\/05\/nikisch-presento-una-denuncia-penal-contra-la-gestion-anterior-del-municipio-de-resistencia\/","title":{"rendered":"Nikisch present\u00f3 una denuncia penal contra la gesti\u00f3n anterior del municipio de Resistencia"},"content":{"rendered":"\n<p>El intendente de Resistencia, Roy Nikisch, denunci\u00f3 penalmente a la gesti\u00f3n municipal anterior, pidiendo a la Justicia que investigue el supuesto Incumplimiento de los Deberes del Funcionario Publico y otros cargos que correspondieran, con manejo de sumas millonarias en pesos.<\/p>\n\n\n\n<p>La presentaci\u00f3n judicial fue este lunes en la Unidad Descentralizada de Atenci\u00f3n a la V\u00edctima y al Ciudadano.<\/p>\n\n\n\n<p>\u201cEs el fruto de un arduo trabajo del equipo legal del Municipio que demand\u00f3 estos meses desde que asumimos, definiendo y ahora concretada esta denuncia penal\u201d, explic\u00f3 el mandatario comunal.<\/p>\n\n\n\n<p>\u201cEra una necesidad hacerlo, firmamos esta presentaci\u00f3n para que sea la Justicia la que determine si el accionar de la gesti\u00f3n anterior amerita ser acusada de cargos penales\u201d, agreg\u00f3.<\/p>\n\n\n\n<figure class=\"wp-block-image size-large\"><img fetchpriority=\"high\" decoding=\"async\" width=\"1024\" height=\"682\" src=\"http:\/\/diariodigitalnea.com\/wp-content\/uploads\/2024\/03\/denuncia-1024x682.jpg\" alt=\"\" class=\"wp-image-12893\" srcset=\"https:\/\/diariodigitalnea.com\/wp-content\/uploads\/2024\/03\/denuncia-1024x682.jpg 1024w, https:\/\/diariodigitalnea.com\/wp-content\/uploads\/2024\/03\/denuncia-300x200.jpg 300w, https:\/\/diariodigitalnea.com\/wp-content\/uploads\/2024\/03\/denuncia-768x512.jpg 768w, https:\/\/diariodigitalnea.com\/wp-content\/uploads\/2024\/03\/denuncia-1536x1023.jpg 1536w, https:\/\/diariodigitalnea.com\/wp-content\/uploads\/2024\/03\/denuncia-900x600.jpg 900w, https:\/\/diariodigitalnea.com\/wp-content\/uploads\/2024\/03\/denuncia.jpg 1600w\" sizes=\"(max-width: 1024px) 100vw, 1024px\" \/><\/figure>\n\n\n\n<p>Consider\u00f3 Nikisch que \u201clos resistencianos tenemos la necesidad de saber qu\u00e9 pas\u00f3 y tambi\u00e9n para salvaguardar el buen nombre y honor de los denunciados, y que sea la Justicia y el Tribunal de Cuentas, donde tambi\u00e9n presentamos demandas, quienes juzguen respecto a si obraron mal o bien en esa gesti\u00f3n\u201d.<\/p>\n\n\n\n<p>\u201cQueremos que se investigue ya que creemos que hubo un desmanejo total y absoluto de los recursos municipales, sin documentaci\u00f3n respaldatoria, lo m\u00e1s claro fue el Fondo Fiduciario, que actuaba sin facturaci\u00f3n\u201d, asever\u00f3.<\/p>\n\n\n\n<p>A modo de ejemplo, el intendente record\u00f3 que \u201cen tres meses, la Municipalidad debi\u00f3 pagar 8.100 millones de pesos a este Fondo, que a modo de comparaci\u00f3n ser\u00eda lo que se recauda en los impuestos que pagan los vecinos\u201d.<\/p>\n\n\n\n<p>\u201cHay otras cuestiones, como la Fundaci\u00f3n Resistencia Solidaria que en solo dos d\u00edas recibi\u00f3 156 millones sin que sea legalmente habilitada, aun siendo de la propia Comuna\u201d, a\u00f1adi\u00f3.<\/p>\n\n\n\n<p>Dijo que pueden aparecer otros casos, por eso se profundizar\u00e1 la investigaci\u00f3n, apuntando a ex funcionarios de \u00e1reas como Econom\u00eda y la Caja Municipal.<\/p>\n\n\n\n<figure class=\"wp-block-image size-large\"><img decoding=\"async\" width=\"1024\" height=\"708\" src=\"http:\/\/diariodigitalnea.com\/wp-content\/uploads\/2024\/03\/denmuncia2-1024x708.jpg\" alt=\"\" class=\"wp-image-12891\" srcset=\"https:\/\/diariodigitalnea.com\/wp-content\/uploads\/2024\/03\/denmuncia2-1024x708.jpg 1024w, https:\/\/diariodigitalnea.com\/wp-content\/uploads\/2024\/03\/denmuncia2-300x207.jpg 300w, https:\/\/diariodigitalnea.com\/wp-content\/uploads\/2024\/03\/denmuncia2-768x531.jpg 768w, https:\/\/diariodigitalnea.com\/wp-content\/uploads\/2024\/03\/denmuncia2-1536x1062.jpg 1536w, https:\/\/diariodigitalnea.com\/wp-content\/uploads\/2024\/03\/denmuncia2.jpg 1600w\" sizes=\"(max-width: 1024px) 100vw, 1024px\" \/><\/figure>\n\n\n\n<p>Aclar\u00f3 que \u201choy estamos inhabilitados por el Tribunal de Cuentas a que paguemos las deudas a prestadores y proveedores de bienes de la anterior gesti\u00f3n porque toda la documentaci\u00f3n est\u00e1 mal hecha. No existen \u00f3rdenes de compra ni \u00f3rdenes de pago. Queremos pagar pero hoy seria de la manera incorrecta, no es que no querramos pagar, la Municipalidad tiene continuidad jur\u00eddica y hay que honrar las cuentas, estamos en condiciones de empezar a pagar, nos hemos sentado arriba de la caja, hemos garantizado el pago de los salarios de los empleados, hemos podido empezar a pagar a la empresa recolectora de residuos, obviamente discutimos todos los d\u00edas, la deuda vieja de 400, 500 millones de pesos est\u00e1 dentro de los varios paquetes que hay de deuda\u201d.<\/p>\n\n\n\n<figure class=\"wp-block-image size-large\"><img decoding=\"async\" width=\"1024\" height=\"446\" src=\"http:\/\/diariodigitalnea.com\/wp-content\/uploads\/2023\/05\/CONSTRUCAL-CON-FABRICA-2-1024x446.jpg\" alt=\"publicidad Construcal 2\" class=\"wp-image-8211\" srcset=\"https:\/\/diariodigitalnea.com\/wp-content\/uploads\/2023\/05\/CONSTRUCAL-CON-FABRICA-2-1024x446.jpg 1024w, https:\/\/diariodigitalnea.com\/wp-content\/uploads\/2023\/05\/CONSTRUCAL-CON-FABRICA-2-300x131.jpg 300w, https:\/\/diariodigitalnea.com\/wp-content\/uploads\/2023\/05\/CONSTRUCAL-CON-FABRICA-2-768x334.jpg 768w, https:\/\/diariodigitalnea.com\/wp-content\/uploads\/2023\/05\/CONSTRUCAL-CON-FABRICA-2-1536x669.jpg 1536w, https:\/\/diariodigitalnea.com\/wp-content\/uploads\/2023\/05\/CONSTRUCAL-CON-FABRICA-2-2048x892.jpg 2048w\" sizes=\"(max-width: 1024px) 100vw, 1024px\" \/><figcaption class=\"wp-element-caption\">Publicidad: ConstruCal Cales hidratas y vivas para uso vial y construcci\u00f3n TEL: 3624602737\n<\/figcaption><\/figure>\n\n\n\n<p>Cerr\u00f3 diciendo que \u201cnosotros cumplimos con una demanda muy fuerte de la sociedad que es que sea la justicia la que determine si las cosas se hicieron bien o mal, lo bueno de todo esto es que vamos a salir adelante, nosotros vamos a enderezar el barco, vamos a poner en condiciones la Municipalidad, vamos a sanear sus cuentas y vamos a empezar a prestar los servicios como corresponde\u201d.<\/p>\n\n\n\n<figure class=\"wp-block-image size-large\"><img loading=\"lazy\" decoding=\"async\" width=\"1024\" height=\"607\" src=\"http:\/\/diariodigitalnea.com\/wp-content\/uploads\/2023\/11\/DDN-FOTO-PC-Y-CEL-1024x607.jpg\" alt=\"publicidad\" class=\"wp-image-11794\" srcset=\"https:\/\/diariodigitalnea.com\/wp-content\/uploads\/2023\/11\/DDN-FOTO-PC-Y-CEL-1024x607.jpg 1024w, https:\/\/diariodigitalnea.com\/wp-content\/uploads\/2023\/11\/DDN-FOTO-PC-Y-CEL-300x178.jpg 300w, https:\/\/diariodigitalnea.com\/wp-content\/uploads\/2023\/11\/DDN-FOTO-PC-Y-CEL-768x455.jpg 768w, https:\/\/diariodigitalnea.com\/wp-content\/uploads\/2023\/11\/DDN-FOTO-PC-Y-CEL-1536x910.jpg 1536w, https:\/\/diariodigitalnea.com\/wp-content\/uploads\/2023\/11\/DDN-FOTO-PC-Y-CEL.jpg 2000w\" sizes=\"(max-width: 1024px) 100vw, 1024px\" \/><figcaption class=\"wp-element-caption\">Diario Digital Nea. Noticias de la regi\u00f3n y el mundo. <\/figcaption><\/figure>\n","protected":false},"excerpt":{"rendered":"<p>El intendente de Resistencia, Roy Nikisch, denunci\u00f3 penalmente a la gesti\u00f3n municipal anterior, pidiendo a la Justicia que investigue el supuesto Incumplimiento de los Deberes del Funcionario Publico y otros cargos que correspondieran, con manejo de sumas millonarias en pesos. La presentaci\u00f3n judicial fue este lunes en la Unidad Descentralizada de Atenci\u00f3n a la V\u00edctima [&hellip;]<\/p>\n","protected":false},"author":3,"featured_media":12892,"comment_status":"closed","ping_status":"closed","sticky":false,"template":"","format":"standard","meta":{"om_disable_all_campaigns":false,"_monsterinsights_skip_tracking":false,"_monsterinsights_sitenote_active":false,"_monsterinsights_sitenote_note":"","_monsterinsights_sitenote_category":0,"footnotes":""},"categories":[33,4],"tags":[3943,3942,612],"class_list":["post-12890","post","type-post","status-publish","format-standard","has-post-thumbnail","hentry","category-chaco","category-politica","tag-denuncia-penal","tag-gestion-municipal","tag-justicia"],"aioseo_notices":[],"amp_enabled":true,"_links":{"self":[{"href":"https:\/\/diariodigitalnea.com\/index.php\/wp-json\/wp\/v2\/posts\/12890","targetHints":{"allow":["GET"]}}],"collection":[{"href":"https:\/\/diariodigitalnea.com\/index.php\/wp-json\/wp\/v2\/posts"}],"about":[{"href":"https:\/\/diariodigitalnea.com\/index.php\/wp-json\/wp\/v2\/types\/post"}],"author":[{"embeddable":true,"href":"https:\/\/diariodigitalnea.com\/index.php\/wp-json\/wp\/v2\/users\/3"}],"replies":[{"embeddable":true,"href":"https:\/\/diariodigitalnea.com\/index.php\/wp-json\/wp\/v2\/comments?post=12890"}],"version-history":[{"count":3,"href":"https:\/\/diariodigitalnea.com\/index.php\/wp-json\/wp\/v2\/posts\/12890\/revisions"}],"predecessor-version":[{"id":12902,"href":"https:\/\/diariodigitalnea.com\/index.php\/wp-json\/wp\/v2\/posts\/12890\/revisions\/12902"}],"wp:featuredmedia":[{"embeddable":true,"href":"https:\/\/diariodigitalnea.com\/index.php\/wp-json\/wp\/v2\/media\/12892"}],"wp:attachment":[{"href":"https:\/\/diariodigitalnea.com\/index.php\/wp-json\/wp\/v2\/media?parent=12890"}],"wp:term":[{"taxonomy":"category","embeddable":true,"href":"https:\/\/diariodigitalnea.com\/index.php\/wp-json\/wp\/v2\/categories?post=12890"},{"taxonomy":"post_tag","embeddable":true,"href":"https:\/\/diariodigitalnea.com\/index.php\/wp-json\/wp\/v2\/tags?post=12890"}],"curies":[{"name":"wp","href":"https:\/\/api.w.org\/{rel}","templated":true}]}}