{"id":12880,"date":"2024-03-04T15:23:25","date_gmt":"2024-03-04T15:23:25","guid":{"rendered":"https:\/\/diariodigitalnea.com\/?p=12880"},"modified":"2024-03-04T23:25:17","modified_gmt":"2024-03-04T23:25:17","slug":"la-uta-anuncio-un-paro-de-colectivos-en-el-interior-del-pais-para-este-martes","status":"publish","type":"post","link":"https:\/\/diariodigitalnea.com\/index.php\/2024\/03\/04\/la-uta-anuncio-un-paro-de-colectivos-en-el-interior-del-pais-para-este-martes\/","title":{"rendered":"La UTA anunci\u00f3 un paro de colectivos en el interior del pa\u00eds para este martes"},"content":{"rendered":"\n<p>Tras no llegar a un acuerdo en la conciliaci\u00f3n obligatoria que se llev\u00f3 a cabo en la secretar\u00eda de Trabajo, la Uni\u00f3n Tranviarios Automotor (UTA) anunci\u00f3 un nuevo paro de colectivos en el interior del pa\u00eds.<\/p>\n\n\n\n<p><\/p>\n\n\n\n<p>La medida de fuerza se llevar\u00e1 a cabo el pr\u00f3ximo martes 5 de marzo y se extender\u00e1 por 24 horas. La aplicaci\u00f3n ser\u00e1 para el interior del pa\u00eds, mientras que en el AMBA el funcionamiento del servicio ser\u00e1 normal.<\/p>\n\n\n\n<figure class=\"wp-block-image size-large\"><img fetchpriority=\"high\" decoding=\"async\" width=\"1024\" height=\"513\" src=\"http:\/\/diariodigitalnea.com\/wp-content\/uploads\/2023\/05\/ENCUENTRO-IG-Verde-copy-1024x513.jpg\" alt=\"PUBLICIDAD\" class=\"wp-image-8132\" srcset=\"https:\/\/diariodigitalnea.com\/wp-content\/uploads\/2023\/05\/ENCUENTRO-IG-Verde-copy-1024x513.jpg 1024w, https:\/\/diariodigitalnea.com\/wp-content\/uploads\/2023\/05\/ENCUENTRO-IG-Verde-copy-300x150.jpg 300w, https:\/\/diariodigitalnea.com\/wp-content\/uploads\/2023\/05\/ENCUENTRO-IG-Verde-copy-768x385.jpg 768w, https:\/\/diariodigitalnea.com\/wp-content\/uploads\/2023\/05\/ENCUENTRO-IG-Verde-copy-1536x769.jpg 1536w, https:\/\/diariodigitalnea.com\/wp-content\/uploads\/2023\/05\/ENCUENTRO-IG-Verde-copy-2048x1026.jpg 2048w\" sizes=\"(max-width: 1024px) 100vw, 1024px\" \/><figcaption class=\"wp-element-caption\">Publicidad: Encuentro Tienda de Bebidas, Chile 190 Local 4 \u2013 Tel: 3624386655 &#8211; Gral San Mart\u00edn<\/figcaption><\/figure>\n\n\n\n<p>La noticia la dio a conocer la Asociaci\u00f3n Argentina de Empresarios del Transporte Automotor (AAETA) mediante un posteo en la red social X.<\/p>\n\n\n\n<p><\/p>\n\n\n\n<p>\u00abFinaliz\u00f3 la audiencia en Secretar\u00eda de Trabajo entre los empresarios de colectivos del interior del pa\u00eds y la UTA. No hubo acuerdo y finaliza la conciliaci\u00f3n obligatoria. UTA llama a un paro de 24 horas para el pr\u00f3ximo 5 de marzo\u00bb, detallaron tras el fracaso de la audiencia y no llegar a acordar un nuevo acuerdo paritario.<\/p>\n\n\n\n<p><\/p>\n\n\n\n<p>Las partes quedaron en retomar las negociaciones el 7 de marzo a las 13, dos d\u00edas despu\u00e9s de la medida de fuerza.<\/p>\n\n\n\n<p><\/p>\n\n\n\n<p>\u00abTras dos meses de audiencia en la Secretar\u00eda de Trabajo de la Naci\u00f3n, sin ofrecimiento salarial alguno\u00bb y con la \u00abprofundizaci\u00f3n del conflicto, informamos que se ha resuelto la adopci\u00f3n de una medida de acci\u00f3n gremial\u00bb, comunicaron desde la Uni\u00f3n Tranviarios Automotor (UTA).<\/p>\n\n\n\n<figure class=\"wp-block-image size-large\"><img decoding=\"async\" width=\"1024\" height=\"446\" src=\"http:\/\/diariodigitalnea.com\/wp-content\/uploads\/2023\/05\/CONSTRUCAL-CON-FABRICA-2-1024x446.jpg\" alt=\"publicidad Construcal 2\" class=\"wp-image-8211\" srcset=\"https:\/\/diariodigitalnea.com\/wp-content\/uploads\/2023\/05\/CONSTRUCAL-CON-FABRICA-2-1024x446.jpg 1024w, https:\/\/diariodigitalnea.com\/wp-content\/uploads\/2023\/05\/CONSTRUCAL-CON-FABRICA-2-300x131.jpg 300w, https:\/\/diariodigitalnea.com\/wp-content\/uploads\/2023\/05\/CONSTRUCAL-CON-FABRICA-2-768x334.jpg 768w, https:\/\/diariodigitalnea.com\/wp-content\/uploads\/2023\/05\/CONSTRUCAL-CON-FABRICA-2-1536x669.jpg 1536w, https:\/\/diariodigitalnea.com\/wp-content\/uploads\/2023\/05\/CONSTRUCAL-CON-FABRICA-2-2048x892.jpg 2048w\" sizes=\"(max-width: 1024px) 100vw, 1024px\" \/><figcaption class=\"wp-element-caption\">Publicidad: ConstruCal Cales hidratas y vivas para uso vial y construcci\u00f3n TEL: 3624602737\n<\/figcaption><\/figure>\n\n\n\n<p>\u00abTal como lo expresamos, el conflicto se profundizar\u00e1 ante la inacci\u00f3n de los actores del presente proceso, ya sea empresarios y autoridades nacionales, provinciales y municipales, al vencimiento del periodo de conciliaci\u00f3n laboral obligatoria\u00bb, concluye el texto que lleva la firma del Consejo Directivo Nacional Juntas Ejecutivas Seccionales Uni\u00f3n Tranviarios Automotor.<\/p>\n\n\n\n<p><\/p>\n\n\n\n<p>Del encuentro de este mediod\u00eda participaron distintos sectores con funcionarios de la Secretar\u00eda de Trabajo, dirigentes de la Uni\u00f3n Tranviarios Automotor (UTA) y la Federaci\u00f3n Argentina de Transportadores por Automotor de Pasajeros (FATAP), adem\u00e1s de representantes de la Asociaci\u00f3n Argentina de Empresarios del Transporte Automotor (AAETA), en busca de fijar los trabajadores m\u00e1s all\u00e1 del AMBA.<\/p>\n\n\n\n<p><\/p>\n\n\n\n<p>Con esta medida de acci\u00f3n se profundiza la crisis del Gobierno con los gremios, que esta semana cont\u00f3 con un paro de docentes, y otro de Aerol\u00edneas Argentinas e Intercargo; y la semana entrante contin\u00faa con docentes el lunes, tras el fracaso de su negociaci\u00f3n paritaria, y de colectivos el martes.<\/p>\n\n\n\n<figure class=\"wp-block-image size-large\"><img decoding=\"async\" width=\"1024\" height=\"607\" src=\"http:\/\/diariodigitalnea.com\/wp-content\/uploads\/2023\/11\/DDN-FOTO-PC-Y-CEL-1024x607.jpg\" alt=\"publicidad\" class=\"wp-image-11794\" srcset=\"https:\/\/diariodigitalnea.com\/wp-content\/uploads\/2023\/11\/DDN-FOTO-PC-Y-CEL-1024x607.jpg 1024w, https:\/\/diariodigitalnea.com\/wp-content\/uploads\/2023\/11\/DDN-FOTO-PC-Y-CEL-300x178.jpg 300w, https:\/\/diariodigitalnea.com\/wp-content\/uploads\/2023\/11\/DDN-FOTO-PC-Y-CEL-768x455.jpg 768w, https:\/\/diariodigitalnea.com\/wp-content\/uploads\/2023\/11\/DDN-FOTO-PC-Y-CEL-1536x910.jpg 1536w, https:\/\/diariodigitalnea.com\/wp-content\/uploads\/2023\/11\/DDN-FOTO-PC-Y-CEL.jpg 2000w\" sizes=\"(max-width: 1024px) 100vw, 1024px\" \/><figcaption class=\"wp-element-caption\">Diario Digital Nea. Noticias de la regi\u00f3n y el mundo. <\/figcaption><\/figure>\n","protected":false},"excerpt":{"rendered":"<p>Tras no llegar a un acuerdo en la conciliaci\u00f3n obligatoria que se llev\u00f3 a cabo en la secretar\u00eda de Trabajo, la Uni\u00f3n Tranviarios Automotor (UTA) anunci\u00f3 un nuevo paro de colectivos en el interior del pa\u00eds. La medida de fuerza se llevar\u00e1 a cabo el pr\u00f3ximo martes 5 de marzo y se extender\u00e1 por 24 [&hellip;]<\/p>\n","protected":false},"author":3,"featured_media":12881,"comment_status":"closed","ping_status":"closed","sticky":false,"template":"","format":"standard","meta":{"om_disable_all_campaigns":false,"_monsterinsights_skip_tracking":false,"_monsterinsights_sitenote_active":false,"_monsterinsights_sitenote_note":"","_monsterinsights_sitenote_category":0,"footnotes":""},"categories":[33,34,35,36],"tags":[528,3070,3939],"class_list":["post-12880","post","type-post","status-publish","format-standard","has-post-thumbnail","hentry","category-chaco","category-corrientes","category-formosa","category-misiones","tag-paro-de-colectivos","tag-transporte","tag-union-tranviarios-automotor"],"aioseo_notices":[],"amp_enabled":true,"_links":{"self":[{"href":"https:\/\/diariodigitalnea.com\/index.php\/wp-json\/wp\/v2\/posts\/12880","targetHints":{"allow":["GET"]}}],"collection":[{"href":"https:\/\/diariodigitalnea.com\/index.php\/wp-json\/wp\/v2\/posts"}],"about":[{"href":"https:\/\/diariodigitalnea.com\/index.php\/wp-json\/wp\/v2\/types\/post"}],"author":[{"embeddable":true,"href":"https:\/\/diariodigitalnea.com\/index.php\/wp-json\/wp\/v2\/users\/3"}],"replies":[{"embeddable":true,"href":"https:\/\/diariodigitalnea.com\/index.php\/wp-json\/wp\/v2\/comments?post=12880"}],"version-history":[{"count":2,"href":"https:\/\/diariodigitalnea.com\/index.php\/wp-json\/wp\/v2\/posts\/12880\/revisions"}],"predecessor-version":[{"id":12888,"href":"https:\/\/diariodigitalnea.com\/index.php\/wp-json\/wp\/v2\/posts\/12880\/revisions\/12888"}],"wp:featuredmedia":[{"embeddable":true,"href":"https:\/\/diariodigitalnea.com\/index.php\/wp-json\/wp\/v2\/media\/12881"}],"wp:attachment":[{"href":"https:\/\/diariodigitalnea.com\/index.php\/wp-json\/wp\/v2\/media?parent=12880"}],"wp:term":[{"taxonomy":"category","embeddable":true,"href":"https:\/\/diariodigitalnea.com\/index.php\/wp-json\/wp\/v2\/categories?post=12880"},{"taxonomy":"post_tag","embeddable":true,"href":"https:\/\/diariodigitalnea.com\/index.php\/wp-json\/wp\/v2\/tags?post=12880"}],"curies":[{"name":"wp","href":"https:\/\/api.w.org\/{rel}","templated":true}]}}