{"id":12842,"date":"2024-03-02T00:44:35","date_gmt":"2024-03-02T00:44:35","guid":{"rendered":"https:\/\/diariodigitalnea.com\/?p=12842"},"modified":"2024-03-02T00:44:36","modified_gmt":"2024-03-02T00:44:36","slug":"javier-milei-dio-apertura-a-las-sesiones-ordinarias-del-congreso-el-momento-mas-critico-de-la-historia","status":"publish","type":"post","link":"https:\/\/diariodigitalnea.com\/index.php\/2024\/03\/02\/javier-milei-dio-apertura-a-las-sesiones-ordinarias-del-congreso-el-momento-mas-critico-de-la-historia\/","title":{"rendered":"Javier Milei dio apertura a las sesiones ordinarias del Congreso: \u201cEl momento m\u00e1s cr\u00edtico de la historia\u201d"},"content":{"rendered":"\n<p>Javier Milei llev\u00f3 a cabo la apertura de las sesiones ordinarias en el Congreso de la Naci\u00f3n y apunt\u00f3 contra la herencia que dej\u00f3 el Gobierno anterior.<\/p>\n\n\n\n<p><br>Javier Milei realiz\u00f3 la apertura de las sesiones ordinarias en el Congreso en frente de la Asamblea Legislativa. El mandatario nacional se bas\u00f3 en la herencia que dejaron los Gobiernos anteriores y detall\u00f3 como es el momento actual del pa\u00eds.<\/p>\n\n\n\n<figure class=\"wp-block-embed is-type-video is-provider-youtube wp-block-embed-youtube wp-embed-aspect-16-9 wp-has-aspect-ratio\"><div class=\"wp-block-embed__wrapper\">\n<iframe title=\"EN VIVO | Javier Milei en la Apertura de Sesiones Ordinarias 2024 en el Congreso\" width=\"1200\" height=\"675\" src=\"https:\/\/www.youtube.com\/embed\/Q5NHgdOtMJM?feature=oembed\" frameborder=\"0\" allow=\"accelerometer; autoplay; clipboard-write; encrypted-media; gyroscope; picture-in-picture; web-share\" allowfullscreen><\/iframe>\n<\/div><\/figure>\n\n\n\n<p>\u201cEs el momento m\u00e1s critico de la historia\u201d, fueron las primeras palabras que dijo Javier Milei, apuntando contra el Gobierno que lo precedi\u00f3. As\u00ed mismo, tambi\u00e9n detall\u00f3 en que situaci\u00f3n se encuentra la naci\u00f3n: \u201cLos \u00faltimos 20 a\u00f1os han sido particularmente un desastre econ\u00f3mico, una org\u00eda de gasto p\u00fablico, emisi\u00f3n descontrolada, que tuvo como resultado la peor herencia que ning\u00fan Gobierno en la historia de la Argentina haya recibido jam\u00e1s\u201d.<\/p>\n\n\n\n<figure class=\"wp-block-image size-large\"><img fetchpriority=\"high\" decoding=\"async\" width=\"1024\" height=\"607\" src=\"http:\/\/diariodigitalnea.com\/wp-content\/uploads\/2023\/11\/DDN-FOTO-PC-Y-CEL-1024x607.jpg\" alt=\"publicidad\" class=\"wp-image-11794\" srcset=\"https:\/\/diariodigitalnea.com\/wp-content\/uploads\/2023\/11\/DDN-FOTO-PC-Y-CEL-1024x607.jpg 1024w, https:\/\/diariodigitalnea.com\/wp-content\/uploads\/2023\/11\/DDN-FOTO-PC-Y-CEL-300x178.jpg 300w, https:\/\/diariodigitalnea.com\/wp-content\/uploads\/2023\/11\/DDN-FOTO-PC-Y-CEL-768x455.jpg 768w, https:\/\/diariodigitalnea.com\/wp-content\/uploads\/2023\/11\/DDN-FOTO-PC-Y-CEL-1536x910.jpg 1536w, https:\/\/diariodigitalnea.com\/wp-content\/uploads\/2023\/11\/DDN-FOTO-PC-Y-CEL.jpg 2000w\" sizes=\"(max-width: 1024px) 100vw, 1024px\" \/><figcaption class=\"wp-element-caption\">Diario Digital Nea. Noticias de la regi\u00f3n y el mundo. <\/figcaption><\/figure>\n","protected":false},"excerpt":{"rendered":"<p>Javier Milei llev\u00f3 a cabo la apertura de las sesiones ordinarias en el Congreso de la Naci\u00f3n y apunt\u00f3 contra la herencia que dej\u00f3 el Gobierno anterior. Javier Milei realiz\u00f3 la apertura de las sesiones ordinarias en el Congreso en frente de la Asamblea Legislativa. El mandatario nacional se bas\u00f3 en la herencia que dejaron [&hellip;]<\/p>\n","protected":false},"author":4,"featured_media":12843,"comment_status":"closed","ping_status":"closed","sticky":false,"template":"","format":"standard","meta":{"om_disable_all_campaigns":false,"_monsterinsights_skip_tracking":false,"_monsterinsights_sitenote_active":false,"_monsterinsights_sitenote_note":"","_monsterinsights_sitenote_category":0,"footnotes":""},"categories":[90,4],"tags":[2784,3927],"class_list":["post-12842","post","type-post","status-publish","format-standard","has-post-thumbnail","hentry","category-nacionales","category-politica","tag-javier-milei","tag-sesiones-ordinarias"],"aioseo_notices":[],"amp_enabled":true,"_links":{"self":[{"href":"https:\/\/diariodigitalnea.com\/index.php\/wp-json\/wp\/v2\/posts\/12842","targetHints":{"allow":["GET"]}}],"collection":[{"href":"https:\/\/diariodigitalnea.com\/index.php\/wp-json\/wp\/v2\/posts"}],"about":[{"href":"https:\/\/diariodigitalnea.com\/index.php\/wp-json\/wp\/v2\/types\/post"}],"author":[{"embeddable":true,"href":"https:\/\/diariodigitalnea.com\/index.php\/wp-json\/wp\/v2\/users\/4"}],"replies":[{"embeddable":true,"href":"https:\/\/diariodigitalnea.com\/index.php\/wp-json\/wp\/v2\/comments?post=12842"}],"version-history":[{"count":1,"href":"https:\/\/diariodigitalnea.com\/index.php\/wp-json\/wp\/v2\/posts\/12842\/revisions"}],"predecessor-version":[{"id":12844,"href":"https:\/\/diariodigitalnea.com\/index.php\/wp-json\/wp\/v2\/posts\/12842\/revisions\/12844"}],"wp:featuredmedia":[{"embeddable":true,"href":"https:\/\/diariodigitalnea.com\/index.php\/wp-json\/wp\/v2\/media\/12843"}],"wp:attachment":[{"href":"https:\/\/diariodigitalnea.com\/index.php\/wp-json\/wp\/v2\/media?parent=12842"}],"wp:term":[{"taxonomy":"category","embeddable":true,"href":"https:\/\/diariodigitalnea.com\/index.php\/wp-json\/wp\/v2\/categories?post=12842"},{"taxonomy":"post_tag","embeddable":true,"href":"https:\/\/diariodigitalnea.com\/index.php\/wp-json\/wp\/v2\/tags?post=12842"}],"curies":[{"name":"wp","href":"https:\/\/api.w.org\/{rel}","templated":true}]}}