{"id":12823,"date":"2024-03-01T12:03:56","date_gmt":"2024-03-01T12:03:56","guid":{"rendered":"https:\/\/diariodigitalnea.com\/?p=12823"},"modified":"2024-03-01T12:03:57","modified_gmt":"2024-03-01T12:03:57","slug":"ataco-a-un-colectivo-porque-no-lo-llevaron-hasta-donde-queria","status":"publish","type":"post","link":"https:\/\/diariodigitalnea.com\/index.php\/2024\/03\/01\/ataco-a-un-colectivo-porque-no-lo-llevaron-hasta-donde-queria\/","title":{"rendered":"Atac\u00f3 a un colectivo porque no lo llevaron hasta donde quer\u00eda"},"content":{"rendered":"\n<p>Se trata de un joven quien utiliz\u00f3 el servicio p\u00fablico de transporte. Le pidi\u00f3 al chofer que lo acercara hasta una direcci\u00f3n que no coincid\u00eda con el recorrido, se enoj\u00f3 y le tir\u00f3 una piedra.<\/p>\n\n\n\n<p><\/p>\n\n\n\n<p>Este jueves, los agentes de la Comisar\u00eda Octava recibieron una denuncia por un chofer de colectivo urbano, quien manifest\u00f3 que al estar realizando sus recorridas en su horario laboral, un joven le tir\u00f3 una piedra que impact\u00f3 en la ventanilla delantera del bus.<\/p>\n\n\n\n<figure class=\"wp-block-image size-large\"><img fetchpriority=\"high\" decoding=\"async\" width=\"1024\" height=\"681\" src=\"https:\/\/diariodigitalnea.com\/wp-content\/uploads\/2024\/03\/colectivo2-1024x681.jpg\" alt=\"\" class=\"wp-image-12824\" srcset=\"https:\/\/diariodigitalnea.com\/wp-content\/uploads\/2024\/03\/colectivo2-1024x681.jpg 1024w, https:\/\/diariodigitalnea.com\/wp-content\/uploads\/2024\/03\/colectivo2-300x199.jpg 300w, https:\/\/diariodigitalnea.com\/wp-content\/uploads\/2024\/03\/colectivo2-768x510.jpg 768w, https:\/\/diariodigitalnea.com\/wp-content\/uploads\/2024\/03\/colectivo2-900x600.jpg 900w, https:\/\/diariodigitalnea.com\/wp-content\/uploads\/2024\/03\/colectivo2.jpg 1300w\" sizes=\"(max-width: 1024px) 100vw, 1024px\" \/><\/figure>\n\n\n\n<p>Ocurri\u00f3 cerca de las 20, cuando el conductor circulaba por avenida Nicol\u00e1s Rojas Acosta. All\u00ed, subi\u00f3 un joven de 20 a\u00f1os, quien le solicit\u00f3 que lo llevara hasta un lugar que no coincid\u00eda con su recorrido, por lo que \u00e9ste se molest\u00f3 y, al bajarse del coche, arroj\u00f3 una piedra que provoc\u00f3 la destrucci\u00f3n del vidrio.<\/p>\n\n\n\n<p><\/p>\n\n\n\n<p>Por ello, al obtener caracter\u00edsticas f\u00edsicas y vestimenta del presunto autor, lograron demorarlo metros m\u00e1s adelante.<\/p>\n\n\n\n<p><\/p>\n\n\n\n<p>Seguidamente, consultaron con el fiscal en turno, quien dispuso que el detenido sea notificado de su aprehensi\u00f3n\u00a0 en la causa \u00absupuestos da\u00f1os\u00bb.<\/p>\n\n\n\n<figure class=\"wp-block-image size-large\"><img decoding=\"async\" width=\"1024\" height=\"607\" src=\"http:\/\/diariodigitalnea.com\/wp-content\/uploads\/2023\/11\/DDN-FOTO-PC-Y-CEL-1024x607.jpg\" alt=\"publicidad\" class=\"wp-image-11794\" srcset=\"https:\/\/diariodigitalnea.com\/wp-content\/uploads\/2023\/11\/DDN-FOTO-PC-Y-CEL-1024x607.jpg 1024w, https:\/\/diariodigitalnea.com\/wp-content\/uploads\/2023\/11\/DDN-FOTO-PC-Y-CEL-300x178.jpg 300w, https:\/\/diariodigitalnea.com\/wp-content\/uploads\/2023\/11\/DDN-FOTO-PC-Y-CEL-768x455.jpg 768w, https:\/\/diariodigitalnea.com\/wp-content\/uploads\/2023\/11\/DDN-FOTO-PC-Y-CEL-1536x910.jpg 1536w, https:\/\/diariodigitalnea.com\/wp-content\/uploads\/2023\/11\/DDN-FOTO-PC-Y-CEL.jpg 2000w\" sizes=\"(max-width: 1024px) 100vw, 1024px\" \/><figcaption class=\"wp-element-caption\">Diario Digital Nea. Noticias de la regi\u00f3n y el mundo. <\/figcaption><\/figure>\n","protected":false},"excerpt":{"rendered":"<p>Se trata de un joven quien utiliz\u00f3 el servicio p\u00fablico de transporte. Le pidi\u00f3 al chofer que lo acercara hasta una direcci\u00f3n que no coincid\u00eda con el recorrido, se enoj\u00f3 y le tir\u00f3 una piedra. Este jueves, los agentes de la Comisar\u00eda Octava recibieron una denuncia por un chofer de colectivo urbano, quien manifest\u00f3 que [&hellip;]<\/p>\n","protected":false},"author":4,"featured_media":12825,"comment_status":"closed","ping_status":"closed","sticky":false,"template":"","format":"standard","meta":{"om_disable_all_campaigns":false,"_monsterinsights_skip_tracking":false,"_monsterinsights_sitenote_active":false,"_monsterinsights_sitenote_note":"","_monsterinsights_sitenote_category":0,"footnotes":""},"categories":[33,52],"tags":[3924,216],"class_list":["post-12823","post","type-post","status-publish","format-standard","has-post-thumbnail","hentry","category-chaco","category-policiales","tag-ataco","tag-colectivo"],"aioseo_notices":[],"amp_enabled":true,"_links":{"self":[{"href":"https:\/\/diariodigitalnea.com\/index.php\/wp-json\/wp\/v2\/posts\/12823","targetHints":{"allow":["GET"]}}],"collection":[{"href":"https:\/\/diariodigitalnea.com\/index.php\/wp-json\/wp\/v2\/posts"}],"about":[{"href":"https:\/\/diariodigitalnea.com\/index.php\/wp-json\/wp\/v2\/types\/post"}],"author":[{"embeddable":true,"href":"https:\/\/diariodigitalnea.com\/index.php\/wp-json\/wp\/v2\/users\/4"}],"replies":[{"embeddable":true,"href":"https:\/\/diariodigitalnea.com\/index.php\/wp-json\/wp\/v2\/comments?post=12823"}],"version-history":[{"count":1,"href":"https:\/\/diariodigitalnea.com\/index.php\/wp-json\/wp\/v2\/posts\/12823\/revisions"}],"predecessor-version":[{"id":12826,"href":"https:\/\/diariodigitalnea.com\/index.php\/wp-json\/wp\/v2\/posts\/12823\/revisions\/12826"}],"wp:featuredmedia":[{"embeddable":true,"href":"https:\/\/diariodigitalnea.com\/index.php\/wp-json\/wp\/v2\/media\/12825"}],"wp:attachment":[{"href":"https:\/\/diariodigitalnea.com\/index.php\/wp-json\/wp\/v2\/media?parent=12823"}],"wp:term":[{"taxonomy":"category","embeddable":true,"href":"https:\/\/diariodigitalnea.com\/index.php\/wp-json\/wp\/v2\/categories?post=12823"},{"taxonomy":"post_tag","embeddable":true,"href":"https:\/\/diariodigitalnea.com\/index.php\/wp-json\/wp\/v2\/tags?post=12823"}],"curies":[{"name":"wp","href":"https:\/\/api.w.org\/{rel}","templated":true}]}}