{"id":12800,"date":"2024-02-29T14:46:03","date_gmt":"2024-02-29T14:46:03","guid":{"rendered":"https:\/\/diariodigitalnea.com\/?p=12800"},"modified":"2024-02-29T14:46:04","modified_gmt":"2024-02-29T14:46:04","slug":"resistencia-lleva-adelante-un-operativo-de-saneamiento-integral-en-distintos-puntos-de-la-ciudad","status":"publish","type":"post","link":"https:\/\/diariodigitalnea.com\/index.php\/2024\/02\/29\/resistencia-lleva-adelante-un-operativo-de-saneamiento-integral-en-distintos-puntos-de-la-ciudad\/","title":{"rendered":"Resistencia lleva adelante un operativo de saneamiento integral en distintos puntos de la ciudad"},"content":{"rendered":"\n<p>La Municipalidad de Resistencia ejecut\u00f3 un amplio operativo de saneamiento integral en distintos puntos de la ciudad, respondiendo a una planificaci\u00f3n para mantenerla en buenas condiciones. En este caso, cuadrillas de centros comunitarios municipales, con el apoyo de la Secretar\u00eda de Obras P\u00fablicas, tuvieron a su cargo las tareas de desmalezado, barrido, limpieza de sistemas de drenaje y recolecci\u00f3n de basura y restos verdes.<\/p>\n\n\n\n<p>En el barrio Vial se llev\u00f3 adelante este trabajo, y al respecto habl\u00f3 Abel L\u00f3pez, director del CCM del barrio Los Cisnes, encargado del procedimiento: \u201cEstamos limpiando y desmalezando el sector de la calle Isa\u00edas, desde avenida Islas Malvinas hacia el sur, y dentro de ese programa, poniendo en condiciones el espacio de la escuela N\u00ba 1.030, donde el lunes se iniciar\u00e1n las clases\u201d.<\/p>\n\n\n\n<figure class=\"wp-block-image size-large\"><img fetchpriority=\"high\" decoding=\"async\" width=\"1024\" height=\"683\" src=\"http:\/\/diariodigitalnea.com\/wp-content\/uploads\/2024\/02\/muni5-1024x683.jpg\" alt=\"\" class=\"wp-image-12804\" srcset=\"https:\/\/diariodigitalnea.com\/wp-content\/uploads\/2024\/02\/muni5-1024x683.jpg 1024w, https:\/\/diariodigitalnea.com\/wp-content\/uploads\/2024\/02\/muni5-300x200.jpg 300w, https:\/\/diariodigitalnea.com\/wp-content\/uploads\/2024\/02\/muni5-768x512.jpg 768w, https:\/\/diariodigitalnea.com\/wp-content\/uploads\/2024\/02\/muni5-1536x1024.jpg 1536w, https:\/\/diariodigitalnea.com\/wp-content\/uploads\/2024\/02\/muni5-900x600.jpg 900w, https:\/\/diariodigitalnea.com\/wp-content\/uploads\/2024\/02\/muni5.jpg 1599w\" sizes=\"(max-width: 1024px) 100vw, 1024px\" \/><\/figure>\n\n\n\n<p>Acot\u00f3 que este trabajo coordinado fue encarado por 20 operarios de su centro comunitario, labor que se extender\u00e1 hasta el s\u00e1bado, y consisti\u00f3 en dejar en condiciones el sector, despejando de restos verdes, desmalezando y barriendo las calles.<\/p>\n\n\n\n<p>Otra intervenci\u00f3n fue en avenida 25 de Mayo al 3.000, en la zona de Villa Elba, que en este caso se efectu\u00f3 con personal del Centro Comunitario de Villa Prosperidad. La misma llegar\u00e1 hasta el l\u00edmite con la localidad de Fontana.<\/p>\n\n\n\n<figure class=\"wp-block-image size-large\"><img decoding=\"async\" width=\"1024\" height=\"683\" src=\"http:\/\/diariodigitalnea.com\/wp-content\/uploads\/2024\/02\/muni4-1024x683.jpg\" alt=\"\" class=\"wp-image-12803\" srcset=\"https:\/\/diariodigitalnea.com\/wp-content\/uploads\/2024\/02\/muni4-1024x683.jpg 1024w, https:\/\/diariodigitalnea.com\/wp-content\/uploads\/2024\/02\/muni4-300x200.jpg 300w, https:\/\/diariodigitalnea.com\/wp-content\/uploads\/2024\/02\/muni4-768x512.jpg 768w, https:\/\/diariodigitalnea.com\/wp-content\/uploads\/2024\/02\/muni4-1536x1024.jpg 1536w, https:\/\/diariodigitalnea.com\/wp-content\/uploads\/2024\/02\/muni4-900x600.jpg 900w, https:\/\/diariodigitalnea.com\/wp-content\/uploads\/2024\/02\/muni4.jpg 1599w\" sizes=\"(max-width: 1024px) 100vw, 1024px\" \/><\/figure>\n\n\n\n<p>Carlos Moreno es un vecino y trabajador de la zona, quien valor\u00f3 esta labor \u201cporque evitamos muchas enfermedades, es muy importante tener en condiciones, en especial despejar yuyos y malezas que suelen crecer por donde caminamos\u201d.<\/p>\n\n\n\n<figure class=\"wp-block-gallery has-nested-images columns-default is-cropped wp-block-gallery-1 is-layout-flex wp-block-gallery-is-layout-flex\">\n<figure class=\"wp-block-image size-large\"><img decoding=\"async\" width=\"1599\" height=\"1066\" data-id=\"12805\" src=\"http:\/\/diariodigitalnea.com\/wp-content\/uploads\/2024\/02\/muni6.jpg\" alt=\"\" class=\"wp-image-12805\" srcset=\"https:\/\/diariodigitalnea.com\/wp-content\/uploads\/2024\/02\/muni6.jpg 1599w, https:\/\/diariodigitalnea.com\/wp-content\/uploads\/2024\/02\/muni6-300x200.jpg 300w, https:\/\/diariodigitalnea.com\/wp-content\/uploads\/2024\/02\/muni6-1024x683.jpg 1024w, https:\/\/diariodigitalnea.com\/wp-content\/uploads\/2024\/02\/muni6-768x512.jpg 768w, https:\/\/diariodigitalnea.com\/wp-content\/uploads\/2024\/02\/muni6-1536x1024.jpg 1536w, https:\/\/diariodigitalnea.com\/wp-content\/uploads\/2024\/02\/muni6-900x600.jpg 900w\" sizes=\"(max-width: 1599px) 100vw, 1599px\" \/><\/figure>\n\n\n\n<figure class=\"wp-block-image size-large\"><img loading=\"lazy\" decoding=\"async\" width=\"1599\" height=\"1066\" data-id=\"12802\" src=\"http:\/\/diariodigitalnea.com\/wp-content\/uploads\/2024\/02\/muni2-1.jpg\" alt=\"\" class=\"wp-image-12802\" srcset=\"https:\/\/diariodigitalnea.com\/wp-content\/uploads\/2024\/02\/muni2-1.jpg 1599w, https:\/\/diariodigitalnea.com\/wp-content\/uploads\/2024\/02\/muni2-1-300x200.jpg 300w, https:\/\/diariodigitalnea.com\/wp-content\/uploads\/2024\/02\/muni2-1-1024x683.jpg 1024w, https:\/\/diariodigitalnea.com\/wp-content\/uploads\/2024\/02\/muni2-1-768x512.jpg 768w, https:\/\/diariodigitalnea.com\/wp-content\/uploads\/2024\/02\/muni2-1-1536x1024.jpg 1536w, https:\/\/diariodigitalnea.com\/wp-content\/uploads\/2024\/02\/muni2-1-900x600.jpg 900w\" sizes=\"(max-width: 1599px) 100vw, 1599px\" \/><\/figure>\n<\/figure>\n\n\n\n<p>A su vez, Gast\u00f3n Galarza, director del CCM que lleva a cabo el trabajo, explic\u00f3 que \u201c10 personas ejecutan esta intervenci\u00f3n con desmalezadoras y una miniretroexcavadora para levantar las ramas y residuos\u201d.<\/p>\n","protected":false},"excerpt":{"rendered":"<p>La Municipalidad de Resistencia ejecut\u00f3 un amplio operativo de saneamiento integral en distintos puntos de la ciudad, respondiendo a una planificaci\u00f3n para mantenerla en buenas condiciones. En este caso, cuadrillas de centros comunitarios municipales, con el apoyo de la Secretar\u00eda de Obras P\u00fablicas, tuvieron a su cargo las tareas de desmalezado, barrido, limpieza de sistemas [&hellip;]<\/p>\n","protected":false},"author":3,"featured_media":12801,"comment_status":"closed","ping_status":"closed","sticky":false,"template":"","format":"standard","meta":{"om_disable_all_campaigns":false,"_monsterinsights_skip_tracking":false,"_monsterinsights_sitenote_active":false,"_monsterinsights_sitenote_note":"","_monsterinsights_sitenote_category":0,"footnotes":""},"categories":[33,95,2497],"tags":[1173,58,211,3919,3918],"class_list":["post-12800","post","type-post","status-publish","format-standard","has-post-thumbnail","hentry","category-chaco","category-informacion-general","category-salud-informacion-general","tag-espacios-verdes","tag-municipalidad-de-resistencia","tag-operativo-de-limpieza","tag-pastos-altos","tag-saneamiento"],"aioseo_notices":[],"amp_enabled":true,"_links":{"self":[{"href":"https:\/\/diariodigitalnea.com\/index.php\/wp-json\/wp\/v2\/posts\/12800","targetHints":{"allow":["GET"]}}],"collection":[{"href":"https:\/\/diariodigitalnea.com\/index.php\/wp-json\/wp\/v2\/posts"}],"about":[{"href":"https:\/\/diariodigitalnea.com\/index.php\/wp-json\/wp\/v2\/types\/post"}],"author":[{"embeddable":true,"href":"https:\/\/diariodigitalnea.com\/index.php\/wp-json\/wp\/v2\/users\/3"}],"replies":[{"embeddable":true,"href":"https:\/\/diariodigitalnea.com\/index.php\/wp-json\/wp\/v2\/comments?post=12800"}],"version-history":[{"count":1,"href":"https:\/\/diariodigitalnea.com\/index.php\/wp-json\/wp\/v2\/posts\/12800\/revisions"}],"predecessor-version":[{"id":12806,"href":"https:\/\/diariodigitalnea.com\/index.php\/wp-json\/wp\/v2\/posts\/12800\/revisions\/12806"}],"wp:featuredmedia":[{"embeddable":true,"href":"https:\/\/diariodigitalnea.com\/index.php\/wp-json\/wp\/v2\/media\/12801"}],"wp:attachment":[{"href":"https:\/\/diariodigitalnea.com\/index.php\/wp-json\/wp\/v2\/media?parent=12800"}],"wp:term":[{"taxonomy":"category","embeddable":true,"href":"https:\/\/diariodigitalnea.com\/index.php\/wp-json\/wp\/v2\/categories?post=12800"},{"taxonomy":"post_tag","embeddable":true,"href":"https:\/\/diariodigitalnea.com\/index.php\/wp-json\/wp\/v2\/tags?post=12800"}],"curies":[{"name":"wp","href":"https:\/\/api.w.org\/{rel}","templated":true}]}}