{"id":12740,"date":"2024-02-26T23:09:07","date_gmt":"2024-02-26T23:09:07","guid":{"rendered":"https:\/\/diariodigitalnea.com\/?p=12740"},"modified":"2024-02-26T23:51:56","modified_gmt":"2024-02-26T23:51:56","slug":"anses-reducen-los-topes-de-ingresos-para-percibir-las-asignaciones-familiares","status":"publish","type":"post","link":"https:\/\/diariodigitalnea.com\/index.php\/2024\/02\/26\/anses-reducen-los-topes-de-ingresos-para-percibir-las-asignaciones-familiares\/","title":{"rendered":"Anses: reducen los topes de ingresos para percibir las asignaciones familiares"},"content":{"rendered":"\n<p>El Gobierno estableci\u00f3 que la movilidad se aplicar\u00e1 a la actualizaci\u00f3n de l\u00edmites y rangos de ingresos del grupo familiar.<\/p>\n\n\n\n<p><br>El Gobierno nacional modific\u00f3 este lunes, por decreto, la Ley 27.160 de Asignaciones Familiares y redujo los topes de ingresos para cobrar el plan.<\/p>\n\n\n\n<p><\/p>\n\n\n\n<p>A partir de marzo 2023 se hab\u00eda igualado el tope de ingresos de las Asignaciones Familiares con el piso del Impuesto a las Ganancias. \u00abAnte cada actualizaci\u00f3n que tenga el piso por el cual se comienza a tributar el Impuesto a las Ganancias, tambi\u00e9n se actualizar\u00e1 el tope hasta el cual se perciben las Asignaciones Familiares\u00bb, se hab\u00eda establecido entonces.<\/p>\n\n\n\n<figure class=\"wp-block-image size-large\"><img fetchpriority=\"high\" decoding=\"async\" width=\"1024\" height=\"675\" src=\"https:\/\/diariodigitalnea.com\/wp-content\/uploads\/2024\/02\/anses-1-1024x675.jpg\" alt=\"\" class=\"wp-image-12741\" srcset=\"https:\/\/diariodigitalnea.com\/wp-content\/uploads\/2024\/02\/anses-1-1024x675.jpg 1024w, https:\/\/diariodigitalnea.com\/wp-content\/uploads\/2024\/02\/anses-1-300x198.jpg 300w, https:\/\/diariodigitalnea.com\/wp-content\/uploads\/2024\/02\/anses-1-768x506.jpg 768w, https:\/\/diariodigitalnea.com\/wp-content\/uploads\/2024\/02\/anses-1.jpg 1300w\" sizes=\"(max-width: 1024px) 100vw, 1024px\" \/><\/figure>\n\n\n\n<p>Sin embargo, el Poder Ejecutivo redujo considerablemente los topes de ingresos y precis\u00f3: \u00abLa movilidad se aplicar\u00e1 al monto de las asignaciones familiares y a la actualizaci\u00f3n de los l\u00edmites y rangos de ingresos del grupo familiar que determinan el cobro, en los casos en que corresponde su utilizaci\u00f3n\u00bb.<\/p>\n\n\n\n<p><\/p>\n\n\n\n<p>A trav\u00e9s del decreto 194\/2024 publicado este lunes en el Bolet\u00edn Oficial, el Gobierno redujo el l\u00edmite de ingresos establecido de $1.980.000 a $1.077.403. En tanto, el tope m\u00e1ximo familiar pas\u00f3 de $3.960.000 a $2.154.806.<\/p>\n\n\n\n<figure class=\"wp-block-image size-large\"><img decoding=\"async\" width=\"1024\" height=\"513\" src=\"http:\/\/diariodigitalnea.com\/wp-content\/uploads\/2023\/05\/ENCUENTRO-IG-Verde-copy-1024x513.jpg\" alt=\"PUBLICIDAD\" class=\"wp-image-8132\" srcset=\"https:\/\/diariodigitalnea.com\/wp-content\/uploads\/2023\/05\/ENCUENTRO-IG-Verde-copy-1024x513.jpg 1024w, https:\/\/diariodigitalnea.com\/wp-content\/uploads\/2023\/05\/ENCUENTRO-IG-Verde-copy-300x150.jpg 300w, https:\/\/diariodigitalnea.com\/wp-content\/uploads\/2023\/05\/ENCUENTRO-IG-Verde-copy-768x385.jpg 768w, https:\/\/diariodigitalnea.com\/wp-content\/uploads\/2023\/05\/ENCUENTRO-IG-Verde-copy-1536x769.jpg 1536w, https:\/\/diariodigitalnea.com\/wp-content\/uploads\/2023\/05\/ENCUENTRO-IG-Verde-copy-2048x1026.jpg 2048w\" sizes=\"(max-width: 1024px) 100vw, 1024px\" \/><figcaption>Publicidad: Encuentro Tienda de Bebidas, Chile 190 Local 4 \u2013 Tel: 3624386655 &#8211; Gral San Mart\u00edn<\/figcaption><\/figure>\n\n\n\n<p>\u00abEl l\u00edmite de ingresos previsto en el art\u00edculo precedente comprende la actualizaci\u00f3n prevista en la Ley N\u00b027.160 y sus modificaciones, en concepto de la movilidad que resulte corresponder para el mensual marzo de 2024\u2033, indic\u00f3.<\/p>\n\n\n\n<p><\/p>\n\n\n\n<p>Adem\u00e1s, derog\u00f3 el art\u00edculo 6\u00b0 de la ley 27.160 que no permit\u00eda a un mismo titular recibir prestaciones del r\u00e9gimen de asignaciones familiares y a la vez aplicar la deducci\u00f3n especial por hijo o c\u00f3nyuge prevista en el Impuesto a las Ganancias.<\/p>\n\n\n\n<p><\/p>\n\n\n\n<p>\u00abLa presente medida tiene por objeto implementar una equitativa distribuci\u00f3n de los recursos sobre la base del principio cardinal de solidaridad social en atenci\u00f3n al uso racional, eficaz y eficiente de los recursos p\u00fablicos\u00bb, expresaron en los considerandos del decreto.<\/p>\n\n\n\n<figure class=\"wp-block-image size-large\"><img decoding=\"async\" width=\"1024\" height=\"607\" src=\"http:\/\/diariodigitalnea.com\/wp-content\/uploads\/2023\/11\/DDN-FOTO-PC-Y-CEL-1024x607.jpg\" alt=\"publicidad\" class=\"wp-image-11794\" srcset=\"https:\/\/diariodigitalnea.com\/wp-content\/uploads\/2023\/11\/DDN-FOTO-PC-Y-CEL-1024x607.jpg 1024w, https:\/\/diariodigitalnea.com\/wp-content\/uploads\/2023\/11\/DDN-FOTO-PC-Y-CEL-300x178.jpg 300w, https:\/\/diariodigitalnea.com\/wp-content\/uploads\/2023\/11\/DDN-FOTO-PC-Y-CEL-768x455.jpg 768w, https:\/\/diariodigitalnea.com\/wp-content\/uploads\/2023\/11\/DDN-FOTO-PC-Y-CEL-1536x910.jpg 1536w, https:\/\/diariodigitalnea.com\/wp-content\/uploads\/2023\/11\/DDN-FOTO-PC-Y-CEL.jpg 2000w\" sizes=\"(max-width: 1024px) 100vw, 1024px\" \/><figcaption>Diario Digital Nea. Noticias de la regi\u00f3n y el mundo. <\/figcaption><\/figure>\n","protected":false},"excerpt":{"rendered":"<p>El Gobierno estableci\u00f3 que la movilidad se aplicar\u00e1 a la actualizaci\u00f3n de l\u00edmites y rangos de ingresos del grupo familiar. El Gobierno nacional modific\u00f3 este lunes, por decreto, la Ley 27.160 de Asignaciones Familiares y redujo los topes de ingresos para cobrar el plan. A partir de marzo 2023 se hab\u00eda igualado el tope de [&hellip;]<\/p>\n","protected":false},"author":4,"featured_media":12744,"comment_status":"closed","ping_status":"closed","sticky":false,"template":"","format":"standard","meta":{"om_disable_all_campaigns":false,"_monsterinsights_skip_tracking":false,"_monsterinsights_sitenote_active":false,"_monsterinsights_sitenote_note":"","_monsterinsights_sitenote_category":0,"footnotes":""},"categories":[5,90],"tags":[711,3904],"class_list":["post-12740","post","type-post","status-publish","format-standard","has-post-thumbnail","hentry","category-economia","category-nacionales","tag-anses","tag-asignaciones-familiares"],"aioseo_notices":[],"amp_enabled":true,"_links":{"self":[{"href":"https:\/\/diariodigitalnea.com\/index.php\/wp-json\/wp\/v2\/posts\/12740","targetHints":{"allow":["GET"]}}],"collection":[{"href":"https:\/\/diariodigitalnea.com\/index.php\/wp-json\/wp\/v2\/posts"}],"about":[{"href":"https:\/\/diariodigitalnea.com\/index.php\/wp-json\/wp\/v2\/types\/post"}],"author":[{"embeddable":true,"href":"https:\/\/diariodigitalnea.com\/index.php\/wp-json\/wp\/v2\/users\/4"}],"replies":[{"embeddable":true,"href":"https:\/\/diariodigitalnea.com\/index.php\/wp-json\/wp\/v2\/comments?post=12740"}],"version-history":[{"count":1,"href":"https:\/\/diariodigitalnea.com\/index.php\/wp-json\/wp\/v2\/posts\/12740\/revisions"}],"predecessor-version":[{"id":12743,"href":"https:\/\/diariodigitalnea.com\/index.php\/wp-json\/wp\/v2\/posts\/12740\/revisions\/12743"}],"wp:featuredmedia":[{"embeddable":true,"href":"https:\/\/diariodigitalnea.com\/index.php\/wp-json\/wp\/v2\/media\/12744"}],"wp:attachment":[{"href":"https:\/\/diariodigitalnea.com\/index.php\/wp-json\/wp\/v2\/media?parent=12740"}],"wp:term":[{"taxonomy":"category","embeddable":true,"href":"https:\/\/diariodigitalnea.com\/index.php\/wp-json\/wp\/v2\/categories?post=12740"},{"taxonomy":"post_tag","embeddable":true,"href":"https:\/\/diariodigitalnea.com\/index.php\/wp-json\/wp\/v2\/tags?post=12740"}],"curies":[{"name":"wp","href":"https:\/\/api.w.org\/{rel}","templated":true}]}}