{"id":12721,"date":"2024-02-24T01:19:30","date_gmt":"2024-02-24T01:19:30","guid":{"rendered":"https:\/\/diariodigitalnea.com\/?p=12721"},"modified":"2024-02-24T01:19:31","modified_gmt":"2024-02-24T01:19:31","slug":"milei-respondio-a-torresproceda-con-su-amenaza-y-hagase-cargo-de-las-consecuencias","status":"publish","type":"post","link":"https:\/\/diariodigitalnea.com\/index.php\/2024\/02\/24\/milei-respondio-a-torresproceda-con-su-amenaza-y-hagase-cargo-de-las-consecuencias\/","title":{"rendered":"Milei respondi\u00f3 a Torres:\u00bbProceda con su amenaza y h\u00e1gase cargo de las consecuencias\u00bb"},"content":{"rendered":"\n<p>La Oficina del Presidente emiti\u00f3 un duro comunicado para responderle al gobernador de Chubut, que dijo que no sacar\u00eda \u00abni un barril m\u00e1s\u00bb de petr\u00f3leo por la retenci\u00f3n de fondos coparticipables.<\/p>\n\n\n\n<p><br>En un nuevo cap\u00edtulo del conflicto entre la Naci\u00f3n y las provincias por los fondos de coparticipaci\u00f3n, Javier Milei respondi\u00f3 de manera contundente a las declaraciones del gobernador de Chubut, Ignacio Torres. Este \u00faltimo hab\u00eda afirmado que no permitir\u00eda la salida de \u00abni un barril\u00bb m\u00e1s de petr\u00f3leo de su provincia si no se le devolv\u00edan los 13.500 millones de pesos que reclama.<\/p>\n\n\n\n<figure class=\"wp-block-image size-large\"><img fetchpriority=\"high\" decoding=\"async\" width=\"1024\" height=\"610\" src=\"https:\/\/diariodigitalnea.com\/wp-content\/uploads\/2024\/02\/milei11-1024x610.jpg\" alt=\"\" class=\"wp-image-12723\" srcset=\"https:\/\/diariodigitalnea.com\/wp-content\/uploads\/2024\/02\/milei11-1024x610.jpg 1024w, https:\/\/diariodigitalnea.com\/wp-content\/uploads\/2024\/02\/milei11-300x179.jpg 300w, https:\/\/diariodigitalnea.com\/wp-content\/uploads\/2024\/02\/milei11-768x458.jpg 768w, https:\/\/diariodigitalnea.com\/wp-content\/uploads\/2024\/02\/milei11.jpg 1300w\" sizes=\"(max-width: 1024px) 100vw, 1024px\" \/><\/figure>\n\n\n\n<p>La Oficina del Presidente emiti\u00f3 un comunicado definiendo la advertencia de Torres como \u00abextorsi\u00f3n\u00bb. En el texto, se reitera la posici\u00f3n del Gobierno de que el descuento mencionado por Torres es, en realidad, una deuda que Chubut mantiene con el Fondo Fiduciaria para el Desarrollo Provincial.<\/p>\n\n\n\n<p><\/p>\n\n\n\n<p>El comunicado tambi\u00e9n encuadra la decisi\u00f3n de la Naci\u00f3n bajo el compromiso de reducir el gasto p\u00fablico y critica la falta de voluntad de las provincias para hacerlo. Se menciona el retiro de subsidios al transporte, el dinero del Fondo de Incentivo Docente y el fracaso de la Ley \u00d3mnibus como puntos de conflicto<\/p>\n\n\n\n<p><br>Adem\u00e1s, se habla de una supuesta amenaza \u00abchavista\u00bb en referencia a las declaraciones de Torres, vincul\u00e1ndolo con Axel Kicillof y otros gobernadores que respaldaron su posici\u00f3n. Milei, en el comunicado, insta a Torres a proceder con su amenaza de inmediato y asumir las consecuencias en la Justicia.<\/p>\n\n\n\n<figure class=\"wp-block-image size-full\"><img decoding=\"async\" width=\"644\" height=\"476\" src=\"https:\/\/diariodigitalnea.com\/wp-content\/uploads\/2024\/02\/milei19.jpg\" alt=\"\" class=\"wp-image-12722\" srcset=\"https:\/\/diariodigitalnea.com\/wp-content\/uploads\/2024\/02\/milei19.jpg 644w, https:\/\/diariodigitalnea.com\/wp-content\/uploads\/2024\/02\/milei19-300x222.jpg 300w, https:\/\/diariodigitalnea.com\/wp-content\/uploads\/2024\/02\/milei19-160x117.jpg 160w\" sizes=\"(max-width: 644px) 100vw, 644px\" \/><\/figure>\n\n\n\n<p>El texto concluye con una divisi\u00f3n de aguas, planteando que la Argentina est\u00e1 en un momento hist\u00f3rico en el que cada uno debe elegir de qu\u00e9 lado estar, en referencia a aquellos que quieren que el pa\u00eds siga igual y los que buscan un cambio.<\/p>\n\n\n\n<p><\/p>\n\n\n\n<p>La respuesta de Milei se da luego de que Ignacio Torres pusiera un plazo hasta el mi\u00e9rcoles para que se le devuelvan los fondos coparticipables, advirtiendo que en caso contrario no permitir\u00eda la salida de petr\u00f3leo de la provincia.<\/p>\n\n\n\n<p><\/p>\n\n\n\n<p>En un acto ante gremialistas en Comodoro Rivadavia, Torres hab\u00eda profundizado su posici\u00f3n, afirmando que no permitir\u00eda la salida de petr\u00f3leo de Chubut para la Argentina. Por su parte, Guillermo Francos, ministro del Interior, calific\u00f3 como \u00ababsolutamente ilegal\u00bb la medida de Torres y asegur\u00f3 que ser\u00eda un delito paralizar el suministro de petr\u00f3leo y gas.<\/p>\n\n\n\n<figure class=\"wp-block-image size-large\"><img decoding=\"async\" width=\"1024\" height=\"607\" src=\"http:\/\/diariodigitalnea.com\/wp-content\/uploads\/2023\/11\/DDN-FOTO-PC-Y-CEL-1024x607.jpg\" alt=\"publicidad\" class=\"wp-image-11794\" srcset=\"https:\/\/diariodigitalnea.com\/wp-content\/uploads\/2023\/11\/DDN-FOTO-PC-Y-CEL-1024x607.jpg 1024w, https:\/\/diariodigitalnea.com\/wp-content\/uploads\/2023\/11\/DDN-FOTO-PC-Y-CEL-300x178.jpg 300w, https:\/\/diariodigitalnea.com\/wp-content\/uploads\/2023\/11\/DDN-FOTO-PC-Y-CEL-768x455.jpg 768w, https:\/\/diariodigitalnea.com\/wp-content\/uploads\/2023\/11\/DDN-FOTO-PC-Y-CEL-1536x910.jpg 1536w, https:\/\/diariodigitalnea.com\/wp-content\/uploads\/2023\/11\/DDN-FOTO-PC-Y-CEL.jpg 2000w\" sizes=\"(max-width: 1024px) 100vw, 1024px\" \/><figcaption>Diario Digital Nea. Noticias de la regi\u00f3n y el mundo. <\/figcaption><\/figure>\n","protected":false},"excerpt":{"rendered":"<p>La Oficina del Presidente emiti\u00f3 un duro comunicado para responderle al gobernador de Chubut, que dijo que no sacar\u00eda \u00abni un barril m\u00e1s\u00bb de petr\u00f3leo por la retenci\u00f3n de fondos coparticipables. En un nuevo cap\u00edtulo del conflicto entre la Naci\u00f3n y las provincias por los fondos de coparticipaci\u00f3n, Javier Milei respondi\u00f3 de manera contundente a [&hellip;]<\/p>\n","protected":false},"author":4,"featured_media":12595,"comment_status":"closed","ping_status":"closed","sticky":false,"template":"","format":"standard","meta":{"om_disable_all_campaigns":false,"_monsterinsights_skip_tracking":false,"_monsterinsights_sitenote_active":false,"_monsterinsights_sitenote_note":"","_monsterinsights_sitenote_category":0,"footnotes":""},"categories":[90,4],"tags":[3901,1480],"class_list":["post-12721","post","type-post","status-publish","format-standard","has-post-thumbnail","hentry","category-nacionales","category-politica","tag-chubut","tag-milei"],"aioseo_notices":[],"amp_enabled":true,"_links":{"self":[{"href":"https:\/\/diariodigitalnea.com\/index.php\/wp-json\/wp\/v2\/posts\/12721","targetHints":{"allow":["GET"]}}],"collection":[{"href":"https:\/\/diariodigitalnea.com\/index.php\/wp-json\/wp\/v2\/posts"}],"about":[{"href":"https:\/\/diariodigitalnea.com\/index.php\/wp-json\/wp\/v2\/types\/post"}],"author":[{"embeddable":true,"href":"https:\/\/diariodigitalnea.com\/index.php\/wp-json\/wp\/v2\/users\/4"}],"replies":[{"embeddable":true,"href":"https:\/\/diariodigitalnea.com\/index.php\/wp-json\/wp\/v2\/comments?post=12721"}],"version-history":[{"count":1,"href":"https:\/\/diariodigitalnea.com\/index.php\/wp-json\/wp\/v2\/posts\/12721\/revisions"}],"predecessor-version":[{"id":12724,"href":"https:\/\/diariodigitalnea.com\/index.php\/wp-json\/wp\/v2\/posts\/12721\/revisions\/12724"}],"wp:featuredmedia":[{"embeddable":true,"href":"https:\/\/diariodigitalnea.com\/index.php\/wp-json\/wp\/v2\/media\/12595"}],"wp:attachment":[{"href":"https:\/\/diariodigitalnea.com\/index.php\/wp-json\/wp\/v2\/media?parent=12721"}],"wp:term":[{"taxonomy":"category","embeddable":true,"href":"https:\/\/diariodigitalnea.com\/index.php\/wp-json\/wp\/v2\/categories?post=12721"},{"taxonomy":"post_tag","embeddable":true,"href":"https:\/\/diariodigitalnea.com\/index.php\/wp-json\/wp\/v2\/tags?post=12721"}],"curies":[{"name":"wp","href":"https:\/\/api.w.org\/{rel}","templated":true}]}}