{"id":12598,"date":"2024-01-29T22:49:14","date_gmt":"2024-01-29T22:49:14","guid":{"rendered":"https:\/\/diariodigitalnea.com\/?p=12598"},"modified":"2024-01-29T22:51:38","modified_gmt":"2024-01-29T22:51:38","slug":"carritos-gastronomicos-de-la-costanera-de-corrientes-cuenta-regresiva-para-su-regulacion","status":"publish","type":"post","link":"https:\/\/diariodigitalnea.com\/index.php\/2024\/01\/29\/carritos-gastronomicos-de-la-costanera-de-corrientes-cuenta-regresiva-para-su-regulacion\/","title":{"rendered":"Carritos gastron\u00f3micos de la costanera correntina: cuenta regresiva para su regulaci\u00f3n"},"content":{"rendered":"\n<p>Este mi\u00e9rcoles 31 de enero finaliza el plazo establecido para que los propietarios de los carritos adhieran al \u201cPlan de Transici\u00f3n\u201d y,&nbsp; de esta manera, inicien el proceso de regularizaci\u00f3n y habilitaci\u00f3n. En paralelo, la Municipalidad avanza con la obra del nuevo paseo gastron\u00f3mico en la zona del Paseo Arazaty, en el marco del proyecto de modernizaci\u00f3n que se ejecuta junto a la Provincia.<\/p>\n\n\n\n<p>Por ordenanza N\u00b06663, la Municipalidad estableci\u00f3 en el a\u00f1o 2018 el proceso de regularizaci\u00f3n para la habilitaci\u00f3n e instalaci\u00f3n de los carros comerciales en el \u00e1mbito de la ciudad de Corrientes. Si bien culmin\u00f3 el plazo para cumplir con estos requisitos, por Resoluciones reglamentarias N\u00b0601\/2020 y 5178, publicadas en el 2022, se dispuso una pr\u00f3rroga para adherirse al \u201cPlan de Transici\u00f3n\u201d. Los propietarios tienen tiempo hasta este mi\u00e9rcoles 31 de enero.&nbsp;<\/p>\n\n\n\n<p>Los requisitos necesarios para el otorgamiento de los permisos de los carritos gastron\u00f3micos son: la suscripci\u00f3n del acta de compromiso en el cual se establecer\u00e1n los derechos, deberes y obligaciones que cumplir\u00e1n las partes interesadas y la Municipalidad de Corrientes, conforme a la normativa vigente. Para ello los interesados deben presentarse ante la Escriban\u00eda Municipal, ubicada en el Palacio Comunal; y no poseer deudas vigentes con el municipio al 31 de enero del a\u00f1o 2024.<\/p>\n\n\n\n<p>El subsecretario de Comercio, Valdemar Valtier, record\u00f3 que esta resoluci\u00f3n que se emiti\u00f3 por parte del Ejecutivo municipal tiene como objetivo que los carros gastron\u00f3micos puedan mejorar su servicio. \u201cSe unificaron una serie de requisitos, por ordenanza, entre los m\u00e1s importantes por ejemplo est\u00e1 el tama\u00f1o: no deben superar los 7 metros ni el ancho de 250, tambi\u00e9n que sean carros aptos bromatol\u00f3gica y ambientalmente amigables\u201d, indic\u00f3.<\/p>\n\n\n\n<figure class=\"wp-block-image size-full\"><img fetchpriority=\"high\" decoding=\"async\" width=\"848\" height=\"565\" src=\"http:\/\/diariodigitalnea.com\/wp-content\/uploads\/2024\/01\/carrito2.jpeg\" alt=\"\" class=\"wp-image-12600\" srcset=\"https:\/\/diariodigitalnea.com\/wp-content\/uploads\/2024\/01\/carrito2.jpeg 848w, https:\/\/diariodigitalnea.com\/wp-content\/uploads\/2024\/01\/carrito2-300x200.jpeg 300w, https:\/\/diariodigitalnea.com\/wp-content\/uploads\/2024\/01\/carrito2-768x512.jpeg 768w\" sizes=\"(max-width: 848px) 100vw, 848px\" \/><\/figure>\n\n\n\n<p>\u201cDurante la vigencia del Plan de Transici\u00f3n, se autoriza a la ocupaci\u00f3n del espacio p\u00fablico para el desarrollo de dicha actividad comercial, mediante el otorgamiento del correspondiente permiso de ocupaci\u00f3n, que vencer\u00e1 autom\u00e1ticamente el 1 de abril de este a\u00f1o\u201d, reiter\u00f3 el funcionario, asimismo \u201cse fij\u00f3 como fecha l\u00edmite para el acogimiento al Plan de Transici\u00f3n, el 31 de enero del 2024\u201d, acot\u00f3 luego.<\/p>\n\n\n\n<p>En el caso de los interesados en desarrollar la actividad comercial que no se acojan al \u201cPlan de Transici\u00f3n\u201d establecido, se proceder\u00e1 a retirar de la v\u00eda p\u00fablica aquellos carros gastron\u00f3micos, como las dem\u00e1s sanciones establecidas en la normativa vigente.<\/p>\n\n\n\n<p><strong>NUEVO PASEO GASTRON\u00d3MICO<\/strong><\/p>\n\n\n\n<p>En el marco de las obras de mejoras que se vienen realizando en toda la avenida costanera, la Municipalidad inici\u00f3 hace m\u00e1s de un a\u00f1o una ronda de consultas con propietarios de carros gastron\u00f3micos ubicados en esta zona de la capital. Se aprob\u00f3, entonces, la creaci\u00f3n del mencionado \u00abPlan de Transici\u00f3n\u00bb para la regularizaci\u00f3n de los requisitos establecidos por la Ordenanza N\u00b06663\/18 para los interesados en desarrollar esta actividad comercial en el espacio p\u00fablico.<\/p>\n\n\n\n<p>En tanto, la Municipalidad se encuentra trabajando en un moderno proyecto de paseos gastron\u00f3micos a cielo abierto, en dos sectores aleda\u00f1os a la zona del puente. El mismo prev\u00e9 sendas peatonales con iluminaci\u00f3n propia y mobiliario urbano, para brindar mayor comodidad y seguridad a los vecinos. Tambi\u00e9n tendr\u00e1 una zona de juegos completamente renovada con pisos blandos, elementos adaptados y m\u00e1s seguros para los infantes.<\/p>\n\n\n\n<p>Cabe destacar que esta obra es parte del proceso de modernizaci\u00f3n de la ciudad y reordenamiento de espacios p\u00fablicos conforme al Plan de Ordenamiento Territorial (POT) que se est\u00e1 llevando a cabo desde la Municipalidad de Corrientes, donde se establecen nuevos usos y aprovechamiento de los mismos. Por otra parte, esta propuesta permitir\u00e1 despejar y mejorar la circulaci\u00f3n de peatones y de veh\u00edculos en la avenida costanera.<\/p>\n","protected":false},"excerpt":{"rendered":"<p>Este mi\u00e9rcoles 31 de enero finaliza el plazo establecido para que los propietarios de los carritos adhieran al \u201cPlan de Transici\u00f3n\u201d y,&nbsp; de esta manera, inicien el proceso de regularizaci\u00f3n y habilitaci\u00f3n. En paralelo, la Municipalidad avanza con la obra del nuevo paseo gastron\u00f3mico en la zona del Paseo Arazaty, en el marco del proyecto [&hellip;]<\/p>\n","protected":false},"author":3,"featured_media":12599,"comment_status":"closed","ping_status":"closed","sticky":false,"template":"","format":"standard","meta":{"om_disable_all_campaigns":false,"_monsterinsights_skip_tracking":false,"_monsterinsights_sitenote_active":false,"_monsterinsights_sitenote_note":"","_monsterinsights_sitenote_category":0,"footnotes":""},"categories":[34,95],"tags":[3861,1077,2772],"class_list":["post-12598","post","type-post","status-publish","format-standard","has-post-thumbnail","hentry","category-corrientes","category-informacion-general","tag-carritos-gastronomicos","tag-costanera","tag-regulacion"],"aioseo_notices":[],"amp_enabled":true,"_links":{"self":[{"href":"https:\/\/diariodigitalnea.com\/index.php\/wp-json\/wp\/v2\/posts\/12598","targetHints":{"allow":["GET"]}}],"collection":[{"href":"https:\/\/diariodigitalnea.com\/index.php\/wp-json\/wp\/v2\/posts"}],"about":[{"href":"https:\/\/diariodigitalnea.com\/index.php\/wp-json\/wp\/v2\/types\/post"}],"author":[{"embeddable":true,"href":"https:\/\/diariodigitalnea.com\/index.php\/wp-json\/wp\/v2\/users\/3"}],"replies":[{"embeddable":true,"href":"https:\/\/diariodigitalnea.com\/index.php\/wp-json\/wp\/v2\/comments?post=12598"}],"version-history":[{"count":2,"href":"https:\/\/diariodigitalnea.com\/index.php\/wp-json\/wp\/v2\/posts\/12598\/revisions"}],"predecessor-version":[{"id":12602,"href":"https:\/\/diariodigitalnea.com\/index.php\/wp-json\/wp\/v2\/posts\/12598\/revisions\/12602"}],"wp:featuredmedia":[{"embeddable":true,"href":"https:\/\/diariodigitalnea.com\/index.php\/wp-json\/wp\/v2\/media\/12599"}],"wp:attachment":[{"href":"https:\/\/diariodigitalnea.com\/index.php\/wp-json\/wp\/v2\/media?parent=12598"}],"wp:term":[{"taxonomy":"category","embeddable":true,"href":"https:\/\/diariodigitalnea.com\/index.php\/wp-json\/wp\/v2\/categories?post=12598"},{"taxonomy":"post_tag","embeddable":true,"href":"https:\/\/diariodigitalnea.com\/index.php\/wp-json\/wp\/v2\/tags?post=12598"}],"curies":[{"name":"wp","href":"https:\/\/api.w.org\/{rel}","templated":true}]}}