{"id":12538,"date":"2024-01-22T13:51:53","date_gmt":"2024-01-22T13:51:53","guid":{"rendered":"https:\/\/diariodigitalnea.com\/?p=12538"},"modified":"2024-01-22T16:05:11","modified_gmt":"2024-01-22T16:05:11","slug":"sucedio-por-ruta-nacional-14-a-la-altura-de-la-localidad-correntina-de-santo-tome","status":"publish","type":"post","link":"https:\/\/diariodigitalnea.com\/index.php\/2024\/01\/22\/sucedio-por-ruta-nacional-14-a-la-altura-de-la-localidad-correntina-de-santo-tome\/","title":{"rendered":"Tr\u00e1gico siniestro vial en Santo Tom\u00e9"},"content":{"rendered":"\n<p>Sucedi\u00f3 por ruta nacional 14, a la altura de la localidad correntina de Santo Tom\u00e9<\/p>\n\n\n\n<p>El siniestro vial se produjo en horas de la tarde del s\u00e1bado y tuvo lugar en ruta nacional 14 km 706, en cercan\u00edas del empalme de la ruta 14 con la ruta provincial 40. En dicho sitio, por causas que se tratan de establecer, habr\u00edan colisionado un cami\u00f3n y una camioneta y que dej\u00f3 como resultado el deceso de dos personas mayores de edad.<\/p>\n\n\n\n<p>El cami\u00f3n, seg\u00fan se inform\u00f3, era conducido por Carlos Monje (32). En la cabina del veh\u00edculo se pudo apreciar la inscripci\u00f3n Transporte CDC, pertenecer\u00eda a una empresa que se dedica a env\u00edos puerta a puerta, de cargas refrigeradas y congeladas, con sede en Chivilcoy, Buenos&nbsp;<br>Aires.<\/p>\n\n\n\n<p>Por disposici\u00f3n de la Unidad Fiscal en turno, las actuaciones legales quedaron a cargo de la Polic\u00eda Rural y Ecol\u00f3gica del Destacamento Desiderio Sosa.<\/p>\n","protected":false},"excerpt":{"rendered":"<p>Sucedi\u00f3 por ruta nacional 14, a la altura de la localidad correntina de Santo Tom\u00e9 El siniestro vial se produjo en horas de la tarde del s\u00e1bado y tuvo lugar en ruta nacional 14 km 706, en cercan\u00edas del empalme de la ruta 14 con la ruta provincial 40. En dicho sitio, por causas que [&hellip;]<\/p>\n","protected":false},"author":3,"featured_media":12539,"comment_status":"closed","ping_status":"closed","sticky":false,"template":"","format":"standard","meta":{"om_disable_all_campaigns":false,"_monsterinsights_skip_tracking":false,"_monsterinsights_sitenote_active":false,"_monsterinsights_sitenote_note":"","_monsterinsights_sitenote_category":0,"footnotes":""},"categories":[34,52],"tags":[85,250,3844,756],"class_list":["post-12538","post","type-post","status-publish","format-standard","has-post-thumbnail","hentry","category-corrientes","category-policiales","tag-camion","tag-fatalidad","tag-santo-tome","tag-siniestro-vial"],"aioseo_notices":[],"amp_enabled":true,"_links":{"self":[{"href":"https:\/\/diariodigitalnea.com\/index.php\/wp-json\/wp\/v2\/posts\/12538","targetHints":{"allow":["GET"]}}],"collection":[{"href":"https:\/\/diariodigitalnea.com\/index.php\/wp-json\/wp\/v2\/posts"}],"about":[{"href":"https:\/\/diariodigitalnea.com\/index.php\/wp-json\/wp\/v2\/types\/post"}],"author":[{"embeddable":true,"href":"https:\/\/diariodigitalnea.com\/index.php\/wp-json\/wp\/v2\/users\/3"}],"replies":[{"embeddable":true,"href":"https:\/\/diariodigitalnea.com\/index.php\/wp-json\/wp\/v2\/comments?post=12538"}],"version-history":[{"count":2,"href":"https:\/\/diariodigitalnea.com\/index.php\/wp-json\/wp\/v2\/posts\/12538\/revisions"}],"predecessor-version":[{"id":12541,"href":"https:\/\/diariodigitalnea.com\/index.php\/wp-json\/wp\/v2\/posts\/12538\/revisions\/12541"}],"wp:featuredmedia":[{"embeddable":true,"href":"https:\/\/diariodigitalnea.com\/index.php\/wp-json\/wp\/v2\/media\/12539"}],"wp:attachment":[{"href":"https:\/\/diariodigitalnea.com\/index.php\/wp-json\/wp\/v2\/media?parent=12538"}],"wp:term":[{"taxonomy":"category","embeddable":true,"href":"https:\/\/diariodigitalnea.com\/index.php\/wp-json\/wp\/v2\/categories?post=12538"},{"taxonomy":"post_tag","embeddable":true,"href":"https:\/\/diariodigitalnea.com\/index.php\/wp-json\/wp\/v2\/tags?post=12538"}],"curies":[{"name":"wp","href":"https:\/\/api.w.org\/{rel}","templated":true}]}}