{"id":12498,"date":"2024-01-18T01:36:26","date_gmt":"2024-01-18T01:36:26","guid":{"rendered":"https:\/\/diariodigitalnea.com\/?p=12498"},"modified":"2024-01-18T01:36:27","modified_gmt":"2024-01-18T01:36:27","slug":"un-cordobes-creo-un-generador-de-energia-ecologico-y-portatil","status":"publish","type":"post","link":"https:\/\/diariodigitalnea.com\/index.php\/2024\/01\/18\/un-cordobes-creo-un-generador-de-energia-ecologico-y-portatil\/","title":{"rendered":"Un cordob\u00e9s cre\u00f3 un generador de energ\u00eda ecol\u00f3gico y port\u00e1til"},"content":{"rendered":"\n<p>Alexis Tapia, de 35 a\u00f1os, espera que esta iniciativa pueda contar con el apoyo econ\u00f3mico de empresas privadas o del sector p\u00fablico, para as\u00ed poder producir en serie y poder comercializarlo.<\/p>\n\n\n\n<p><br>Un cordob\u00e9s dise\u00f1\u00f3 un novedoso generador de energ\u00eda, que se caracteriza por ser ecol\u00f3gico y adem\u00e1s port\u00e1til. Se llama Alexis Tapia, y es un estudiante avanzado de arquitectura de la Universidad Nacional de C\u00f3rdoba (UNC).<\/p>\n\n\n\n<figure class=\"wp-block-embed is-type-video is-provider-youtube wp-block-embed-youtube wp-embed-aspect-16-9 wp-has-aspect-ratio\"><div class=\"wp-block-embed__wrapper\">\n<iframe title=\"Cre\u00f3 un generador el\u00e9ctrico port\u00e1til para zonas sin energ\u00eda\" width=\"1200\" height=\"675\" src=\"https:\/\/www.youtube.com\/embed\/89HTc7lmWwM?feature=oembed\" frameborder=\"0\" allow=\"accelerometer; autoplay; clipboard-write; encrypted-media; gyroscope; picture-in-picture; web-share\" allowfullscreen><\/iframe>\n<\/div><\/figure>\n\n\n\n<p><br>Con 35 a\u00f1os, cre\u00f3 este aparato que reduce la huella de carbono y puede recargarse de manera solar o cin\u00e9tica por el desplazamiento de un autom\u00f3vil, adem\u00e1s de alimentarse tambi\u00e9n de electricidad normal. Esto con la finalidad de solucionar la problem\u00e1tica de los cortes de luz domiciliarios.<\/p>\n\n\n\n<figure class=\"wp-block-image size-large\"><img fetchpriority=\"high\" decoding=\"async\" width=\"1024\" height=\"513\" src=\"http:\/\/diariodigitalnea.com\/wp-content\/uploads\/2023\/05\/ENCUENTRO-IG-Verde-copy-1024x513.jpg\" alt=\"PUBLICIDAD\" class=\"wp-image-8132\" srcset=\"https:\/\/diariodigitalnea.com\/wp-content\/uploads\/2023\/05\/ENCUENTRO-IG-Verde-copy-1024x513.jpg 1024w, https:\/\/diariodigitalnea.com\/wp-content\/uploads\/2023\/05\/ENCUENTRO-IG-Verde-copy-300x150.jpg 300w, https:\/\/diariodigitalnea.com\/wp-content\/uploads\/2023\/05\/ENCUENTRO-IG-Verde-copy-768x385.jpg 768w, https:\/\/diariodigitalnea.com\/wp-content\/uploads\/2023\/05\/ENCUENTRO-IG-Verde-copy-1536x769.jpg 1536w, https:\/\/diariodigitalnea.com\/wp-content\/uploads\/2023\/05\/ENCUENTRO-IG-Verde-copy-2048x1026.jpg 2048w\" sizes=\"(max-width: 1024px) 100vw, 1024px\" \/><figcaption>Publicidad: Encuentro Tienda de Bebidas, Chile 190 Local 4 \u2013 Tel: 3624386655 &#8211; Gral San Mart\u00edn<\/figcaption><\/figure>\n\n\n\n<p>\u00abLa idea surgi\u00f3 b\u00e1sicamente, de la problem\u00e1tica que tenemos en las grandes ciudades por los cortes de luz ya sea por sobrecarga del sistema o alguna inclemencia clim\u00e1tica\u00bb, sostuvo el estudiante oriundo de la localidad de R\u00edo Segundo.<\/p>\n\n\n\n<figure class=\"wp-block-image size-large\"><img decoding=\"async\" width=\"1024\" height=\"606\" src=\"https:\/\/diariodigitalnea.com\/wp-content\/uploads\/2024\/01\/GENERADOR-2-1024x606.jpg\" alt=\"\" class=\"wp-image-12500\" srcset=\"https:\/\/diariodigitalnea.com\/wp-content\/uploads\/2024\/01\/GENERADOR-2-1024x606.jpg 1024w, https:\/\/diariodigitalnea.com\/wp-content\/uploads\/2024\/01\/GENERADOR-2-300x178.jpg 300w, https:\/\/diariodigitalnea.com\/wp-content\/uploads\/2024\/01\/GENERADOR-2-768x454.jpg 768w, https:\/\/diariodigitalnea.com\/wp-content\/uploads\/2024\/01\/GENERADOR-2.jpg 1068w\" sizes=\"(max-width: 1024px) 100vw, 1024px\" \/><\/figure>\n\n\n\n<p>Tapia espera que esta iniciativa pueda contar con el apoyo econ\u00f3mico de empresas privadas o del sector p\u00fablico, para as\u00ed poder producir en serie y poder comercializarlo.<\/p>\n\n\n\n<figure class=\"wp-block-image size-large\"><img decoding=\"async\" width=\"1024\" height=\"607\" src=\"http:\/\/diariodigitalnea.com\/wp-content\/uploads\/2023\/11\/DDN-FOTO-PC-Y-CEL-1024x607.jpg\" alt=\"publicidad\" class=\"wp-image-11794\" srcset=\"https:\/\/diariodigitalnea.com\/wp-content\/uploads\/2023\/11\/DDN-FOTO-PC-Y-CEL-1024x607.jpg 1024w, https:\/\/diariodigitalnea.com\/wp-content\/uploads\/2023\/11\/DDN-FOTO-PC-Y-CEL-300x178.jpg 300w, https:\/\/diariodigitalnea.com\/wp-content\/uploads\/2023\/11\/DDN-FOTO-PC-Y-CEL-768x455.jpg 768w, https:\/\/diariodigitalnea.com\/wp-content\/uploads\/2023\/11\/DDN-FOTO-PC-Y-CEL-1536x910.jpg 1536w, https:\/\/diariodigitalnea.com\/wp-content\/uploads\/2023\/11\/DDN-FOTO-PC-Y-CEL.jpg 2000w\" sizes=\"(max-width: 1024px) 100vw, 1024px\" \/><figcaption>Diario Digital Nea. Noticias de la regi\u00f3n y el mundo <\/figcaption><\/figure>\n","protected":false},"excerpt":{"rendered":"<p>Alexis Tapia, de 35 a\u00f1os, espera que esta iniciativa pueda contar con el apoyo econ\u00f3mico de empresas privadas o del sector p\u00fablico, para as\u00ed poder producir en serie y poder comercializarlo. Un cordob\u00e9s dise\u00f1\u00f3 un novedoso generador de energ\u00eda, que se caracteriza por ser ecol\u00f3gico y adem\u00e1s port\u00e1til. Se llama Alexis Tapia, y es un [&hellip;]<\/p>\n","protected":false},"author":4,"featured_media":12499,"comment_status":"closed","ping_status":"closed","sticky":false,"template":"","format":"standard","meta":{"om_disable_all_campaigns":false,"_monsterinsights_skip_tracking":false,"_monsterinsights_sitenote_active":false,"_monsterinsights_sitenote_note":"","_monsterinsights_sitenote_category":0,"footnotes":""},"categories":[149,1345],"tags":[1024,3833,3832],"class_list":["post-12498","post","type-post","status-publish","format-standard","has-post-thumbnail","hentry","category-medio-ambiente","category-tecnologia","tag-cordoba","tag-ecologico","tag-generador-de-energia"],"aioseo_notices":[],"amp_enabled":true,"_links":{"self":[{"href":"https:\/\/diariodigitalnea.com\/index.php\/wp-json\/wp\/v2\/posts\/12498","targetHints":{"allow":["GET"]}}],"collection":[{"href":"https:\/\/diariodigitalnea.com\/index.php\/wp-json\/wp\/v2\/posts"}],"about":[{"href":"https:\/\/diariodigitalnea.com\/index.php\/wp-json\/wp\/v2\/types\/post"}],"author":[{"embeddable":true,"href":"https:\/\/diariodigitalnea.com\/index.php\/wp-json\/wp\/v2\/users\/4"}],"replies":[{"embeddable":true,"href":"https:\/\/diariodigitalnea.com\/index.php\/wp-json\/wp\/v2\/comments?post=12498"}],"version-history":[{"count":1,"href":"https:\/\/diariodigitalnea.com\/index.php\/wp-json\/wp\/v2\/posts\/12498\/revisions"}],"predecessor-version":[{"id":12501,"href":"https:\/\/diariodigitalnea.com\/index.php\/wp-json\/wp\/v2\/posts\/12498\/revisions\/12501"}],"wp:featuredmedia":[{"embeddable":true,"href":"https:\/\/diariodigitalnea.com\/index.php\/wp-json\/wp\/v2\/media\/12499"}],"wp:attachment":[{"href":"https:\/\/diariodigitalnea.com\/index.php\/wp-json\/wp\/v2\/media?parent=12498"}],"wp:term":[{"taxonomy":"category","embeddable":true,"href":"https:\/\/diariodigitalnea.com\/index.php\/wp-json\/wp\/v2\/categories?post=12498"},{"taxonomy":"post_tag","embeddable":true,"href":"https:\/\/diariodigitalnea.com\/index.php\/wp-json\/wp\/v2\/tags?post=12498"}],"curies":[{"name":"wp","href":"https:\/\/api.w.org\/{rel}","templated":true}]}}