{"id":12472,"date":"2024-01-16T01:07:24","date_gmt":"2024-01-16T01:07:24","guid":{"rendered":"https:\/\/diariodigitalnea.com\/?p=12472"},"modified":"2024-01-16T01:07:26","modified_gmt":"2024-01-16T01:07:26","slug":"sameep-revoco-la-designacion-de-liliana-spoljaric-habia-sido-designada-en-octubre-con-un-cargo-gerencial","status":"publish","type":"post","link":"https:\/\/diariodigitalnea.com\/index.php\/2024\/01\/16\/sameep-revoco-la-designacion-de-liliana-spoljaric-habia-sido-designada-en-octubre-con-un-cargo-gerencial\/","title":{"rendered":"SAMEEP revoc\u00f3 la designaci\u00f3n de Liliana Spoljaric: hab\u00eda sido designada en octubre con un cargo gerencial"},"content":{"rendered":"\n<p>Tras la pol\u00e9mica por los pases a planta con cargos jer\u00e1rquicos, el Directorio de la entidad estatal resolvi\u00f3 dejar sin efecto el pase a planta de la exdiputada<\/p>\n\n\n\n<p><br>Este lunes, el directorio de la entidad estatal emiti\u00f3 una resoluci\u00f3n en la cual, luego de explicar sus fundamentos, resolvi\u00f3 dejar sin efecto \u00abla designaci\u00f3n como personal efectivo y permanente\u00bb a la exdiputada peronista Liliana Spoljaric . El pase a planta de Spoljaric hab\u00eda sido en octubre , junto con otras 200 personas.<\/p>\n\n\n\n<figure class=\"wp-block-image size-large\"><img fetchpriority=\"high\" decoding=\"async\" width=\"1024\" height=\"446\" src=\"http:\/\/diariodigitalnea.com\/wp-content\/uploads\/2023\/05\/CONSTRUCAL-CON-FABRICA-2-1024x446.jpg\" alt=\"publicidad Construcal 2\" class=\"wp-image-8211\" srcset=\"https:\/\/diariodigitalnea.com\/wp-content\/uploads\/2023\/05\/CONSTRUCAL-CON-FABRICA-2-1024x446.jpg 1024w, https:\/\/diariodigitalnea.com\/wp-content\/uploads\/2023\/05\/CONSTRUCAL-CON-FABRICA-2-300x131.jpg 300w, https:\/\/diariodigitalnea.com\/wp-content\/uploads\/2023\/05\/CONSTRUCAL-CON-FABRICA-2-768x334.jpg 768w, https:\/\/diariodigitalnea.com\/wp-content\/uploads\/2023\/05\/CONSTRUCAL-CON-FABRICA-2-1536x669.jpg 1536w, https:\/\/diariodigitalnea.com\/wp-content\/uploads\/2023\/05\/CONSTRUCAL-CON-FABRICA-2-2048x892.jpg 2048w\" sizes=\"(max-width: 1024px) 100vw, 1024px\" \/><figcaption>Publicidad: ConstruCal Cales hidratas y vivas para uso vial y construcci\u00f3n TEL: 3624602737\n<\/figcaption><\/figure>\n\n\n\n<p>\u00abSe resuelve dejar sin efecto a partir de la fecha del presente instrumento legal la designaci\u00f3n de la agente Spoljaric Liliana Estela como Gerente de Planificaci\u00f3n y Desarrollo con Funci\u00f3n P7 Categor\u00eda 30 efectuada por Resoluci\u00f3n N\u00b0 760\/23 conforme los fundamentos expuestos en los considerandos\u00bb, explica la resoluci\u00f3n.<\/p>\n\n\n\n<figure class=\"wp-block-image size-full\"><img decoding=\"async\" width=\"973\" height=\"618\" src=\"https:\/\/diariodigitalnea.com\/wp-content\/uploads\/2024\/01\/spol1112.jpg\" alt=\"\" class=\"wp-image-12473\" srcset=\"https:\/\/diariodigitalnea.com\/wp-content\/uploads\/2024\/01\/spol1112.jpg 973w, https:\/\/diariodigitalnea.com\/wp-content\/uploads\/2024\/01\/spol1112-300x191.jpg 300w, https:\/\/diariodigitalnea.com\/wp-content\/uploads\/2024\/01\/spol1112-768x488.jpg 768w\" sizes=\"(max-width: 973px) 100vw, 973px\" \/><\/figure>\n\n\n\n<p>Spoljaric fue designada en el \u00e1rea de Planificaci\u00f3n y Desarrollo Organizacional, que depende del sector de Gerencia, Planificaci\u00f3n y Desarrollo. Le asignaron la categor\u00eda m\u00e1s alta (30) de todas. Seg\u00fan fuentes consultadas por DDN, esta categor\u00eda es reservada s\u00f3lo a la presidencia y su sueldo mensual oscilar\u00eda entre los 500 o 600 mil pesos. Tan solo en la primera resoluci\u00f3n, que comprende a 61 personas, ocho trabajadores recibieron esta categor\u00eda.<\/p>\n\n\n\n<p><br>El conocimiento de los pases a planta en SAMEEP se dio en un marco de quebrada transici\u00f3n entre el gobierno de Jorge Capitanich y el de quien ser\u00eda su sucesor, Leandro Zdero . En aquella oportunidad, a trav\u00e9s de la Resoluci\u00f3n N\u00b0 735\/23, la empresa estatal fundament\u00f3 las designaciones permanentes en base a los conceptos del Convenio Colectivo de Trabajo y debido a que las personas incluidas en la lista manifestaron su inter\u00e9s en ser designadas en los cargos vacantes.<\/p>\n\n\n\n<figure class=\"wp-block-image size-large\"><img decoding=\"async\" width=\"1024\" height=\"513\" src=\"http:\/\/diariodigitalnea.com\/wp-content\/uploads\/2023\/05\/ENCUENTRO-IG-Verde-copy-1024x513.jpg\" alt=\"PUBLICIDAD\" class=\"wp-image-8132\" srcset=\"https:\/\/diariodigitalnea.com\/wp-content\/uploads\/2023\/05\/ENCUENTRO-IG-Verde-copy-1024x513.jpg 1024w, https:\/\/diariodigitalnea.com\/wp-content\/uploads\/2023\/05\/ENCUENTRO-IG-Verde-copy-300x150.jpg 300w, https:\/\/diariodigitalnea.com\/wp-content\/uploads\/2023\/05\/ENCUENTRO-IG-Verde-copy-768x385.jpg 768w, https:\/\/diariodigitalnea.com\/wp-content\/uploads\/2023\/05\/ENCUENTRO-IG-Verde-copy-1536x769.jpg 1536w, https:\/\/diariodigitalnea.com\/wp-content\/uploads\/2023\/05\/ENCUENTRO-IG-Verde-copy-2048x1026.jpg 2048w\" sizes=\"(max-width: 1024px) 100vw, 1024px\" \/><figcaption>Publicidad: Encuentro Tienda de Bebidas, Chile 190 Local 4 \u2013 Tel: 3624386655 &#8211; Gral San Mart\u00edn<\/figcaption><\/figure>\n\n\n\n<p>LAS RAZONES DE LA DECISI\u00d3N<br>En un apartado de la Resoluci\u00f3n, el directorio de SAMEEP enumera las razones por la cual dej\u00f3 sin efecto el cargo de Spoljaric . Seg\u00fan el equipo legal, la exdiputada \u00abno es una persona alcanzada por el CCT 57\/75; no se encuentra alcanzada por la carrera administrativa; no aporta a la seguridad jur\u00eddica y laboral; no es un personal que se encuentre promovido o cumpliendo tareas de mayor dedicaci\u00f3n; no posee relaci\u00f3n contractual con contrato de servicio con la empresa; ni es personal de planta permanente al 10 de octubre de 2023 (su incorporaci\u00f3n es el 19\/10, con notificaci\u00f3n el 1\/11\/23); no posee reemplazo o designaci\u00f3n transitoria al d\u00eda 10 de octubre de 2023; y no cuenta con instrumento de subrogancia o designaci\u00f3n transitoria al d\u00eda 10 de octubre de 2023.<\/p>\n\n\n\n<p><\/p>\n\n\n\n<p>\u00abDe esta manera, su designaci\u00f3n no responde a los principios, fundamentos y requisitos de la Resoluci\u00f3n de convocatoria ni si advierte inscripci\u00f3n\u00bb, cierra la explicaci\u00f3n.<\/p>\n\n\n\n<figure class=\"wp-block-image size-large\"><img loading=\"lazy\" decoding=\"async\" width=\"1024\" height=\"607\" src=\"http:\/\/diariodigitalnea.com\/wp-content\/uploads\/2023\/11\/DDN-FOTO-PC-Y-CEL-1024x607.jpg\" alt=\"publicidad\" class=\"wp-image-11794\" srcset=\"https:\/\/diariodigitalnea.com\/wp-content\/uploads\/2023\/11\/DDN-FOTO-PC-Y-CEL-1024x607.jpg 1024w, https:\/\/diariodigitalnea.com\/wp-content\/uploads\/2023\/11\/DDN-FOTO-PC-Y-CEL-300x178.jpg 300w, https:\/\/diariodigitalnea.com\/wp-content\/uploads\/2023\/11\/DDN-FOTO-PC-Y-CEL-768x455.jpg 768w, https:\/\/diariodigitalnea.com\/wp-content\/uploads\/2023\/11\/DDN-FOTO-PC-Y-CEL-1536x910.jpg 1536w, https:\/\/diariodigitalnea.com\/wp-content\/uploads\/2023\/11\/DDN-FOTO-PC-Y-CEL.jpg 2000w\" sizes=\"(max-width: 1024px) 100vw, 1024px\" \/><figcaption>Diario Digital Nea. Noticias de la regi\u00f3n y el mundo <\/figcaption><\/figure>\n","protected":false},"excerpt":{"rendered":"<p>Tras la pol\u00e9mica por los pases a planta con cargos jer\u00e1rquicos, el Directorio de la entidad estatal resolvi\u00f3 dejar sin efecto el pase a planta de la exdiputada Este lunes, el directorio de la entidad estatal emiti\u00f3 una resoluci\u00f3n en la cual, luego de explicar sus fundamentos, resolvi\u00f3 dejar sin efecto \u00abla designaci\u00f3n como personal [&hellip;]<\/p>\n","protected":false},"author":4,"featured_media":12474,"comment_status":"closed","ping_status":"closed","sticky":false,"template":"","format":"standard","meta":{"om_disable_all_campaigns":false,"_monsterinsights_skip_tracking":false,"_monsterinsights_sitenote_active":false,"_monsterinsights_sitenote_note":"","_monsterinsights_sitenote_category":0,"footnotes":""},"categories":[33,4],"tags":[3825,1026],"class_list":["post-12472","post","type-post","status-publish","format-standard","has-post-thumbnail","hentry","category-chaco","category-politica","tag-liliana-spoljaric","tag-sameep"],"aioseo_notices":[],"amp_enabled":true,"_links":{"self":[{"href":"https:\/\/diariodigitalnea.com\/index.php\/wp-json\/wp\/v2\/posts\/12472","targetHints":{"allow":["GET"]}}],"collection":[{"href":"https:\/\/diariodigitalnea.com\/index.php\/wp-json\/wp\/v2\/posts"}],"about":[{"href":"https:\/\/diariodigitalnea.com\/index.php\/wp-json\/wp\/v2\/types\/post"}],"author":[{"embeddable":true,"href":"https:\/\/diariodigitalnea.com\/index.php\/wp-json\/wp\/v2\/users\/4"}],"replies":[{"embeddable":true,"href":"https:\/\/diariodigitalnea.com\/index.php\/wp-json\/wp\/v2\/comments?post=12472"}],"version-history":[{"count":1,"href":"https:\/\/diariodigitalnea.com\/index.php\/wp-json\/wp\/v2\/posts\/12472\/revisions"}],"predecessor-version":[{"id":12475,"href":"https:\/\/diariodigitalnea.com\/index.php\/wp-json\/wp\/v2\/posts\/12472\/revisions\/12475"}],"wp:featuredmedia":[{"embeddable":true,"href":"https:\/\/diariodigitalnea.com\/index.php\/wp-json\/wp\/v2\/media\/12474"}],"wp:attachment":[{"href":"https:\/\/diariodigitalnea.com\/index.php\/wp-json\/wp\/v2\/media?parent=12472"}],"wp:term":[{"taxonomy":"category","embeddable":true,"href":"https:\/\/diariodigitalnea.com\/index.php\/wp-json\/wp\/v2\/categories?post=12472"},{"taxonomy":"post_tag","embeddable":true,"href":"https:\/\/diariodigitalnea.com\/index.php\/wp-json\/wp\/v2\/tags?post=12472"}],"curies":[{"name":"wp","href":"https:\/\/api.w.org\/{rel}","templated":true}]}}