{"id":12439,"date":"2024-01-11T17:07:17","date_gmt":"2024-01-11T17:07:17","guid":{"rendered":"https:\/\/diariodigitalnea.com\/?p=12439"},"modified":"2024-01-11T17:07:18","modified_gmt":"2024-01-11T17:07:18","slug":"cuando-arrancan-las-clases-en-el-chaco","status":"publish","type":"post","link":"https:\/\/diariodigitalnea.com\/index.php\/2024\/01\/11\/cuando-arrancan-las-clases-en-el-chaco\/","title":{"rendered":"\u00bfCu\u00e1ndo arrancan las clases en el Chaco?"},"content":{"rendered":"\n<p>Las clases en la Ciudad de Buenos Aires se iniciar\u00e1n el lunes 26 de febrero pr\u00f3ximo, mientras que en la Provincia el comienzo del ciclo lectivo 2024 ser\u00e1 el viernes 1 de marzo, seg\u00fan confirm\u00f3 hoy la Secretar\u00eda de Educaci\u00f3n de la Naci\u00f3n.<\/p>\n\n\n\n<p>Los ministros y titulares del \u00e1rea de las 24 jurisdicciones se comprometieron a asegurar el cumplimiento de los 190 d\u00edas de clases efectivas, como lo establece la normativa vigente.<\/p>\n\n\n\n<p>Tambi\u00e9n se definieron las fechas de las vacaciones de invierno en julio y se determin\u00f3 el \u00faltimo d\u00eda del a\u00f1o lectivo.<\/p>\n\n\n\n<p>El regreso de los alumnos a las aulas tambi\u00e9n est\u00e1 previsto para el pr\u00f3ximo 26 de febrero, al igual que en la Ciudad de Buenos Aires, en las provincias de C\u00f3rdoba, Corrientes, Entre R\u00edos, Formosa, Jujuy, Mendoza, Salta, San Luis y Santa Fe.<\/p>\n\n\n\n<p>En tanto, Catamarca, La Rioja y Santa Cruz dar\u00e1n inicio a las clases un d\u00eda despu\u00e9s, el 27 de febrero.<\/p>\n\n\n\n<p>Por su parte, La Pampa, Tucum\u00e1n y Tierra del Fuego comenzar\u00e1n el ciclo lectivo 2024 el mismo d\u00eda que la provincia de Buenos Aires, el 1 de marzo pr\u00f3ximo.<\/p>\n\n\n\n<p><strong>Las \u00faltimas provincias en retomar la actividad escolar este a\u00f1o ser\u00e1n Chaco, Chubut, Misiones, Neuqu\u00e9n, San Juan y Santiago del Estero, el 4 de marzo.<\/strong><\/p>\n\n\n\n<p>Por otra parte, R\u00edo Negro tendr\u00e1, en febrero, un per\u00edodo de intensificaci\u00f3n del 14 al 26 de ese mes, y las clases dar\u00e1n inicio el 11 de marzo.<\/p>\n\n\n\n<figure class=\"wp-block-image size-full\"><img fetchpriority=\"high\" decoding=\"async\" width=\"800\" height=\"450\" src=\"http:\/\/diariodigitalnea.com\/wp-content\/uploads\/2024\/01\/clases6.jpg\" alt=\"\" class=\"wp-image-12440\" srcset=\"https:\/\/diariodigitalnea.com\/wp-content\/uploads\/2024\/01\/clases6.jpg 800w, https:\/\/diariodigitalnea.com\/wp-content\/uploads\/2024\/01\/clases6-300x169.jpg 300w, https:\/\/diariodigitalnea.com\/wp-content\/uploads\/2024\/01\/clases6-768x432.jpg 768w\" sizes=\"(max-width: 800px) 100vw, 800px\" \/><\/figure>\n\n\n\n<h2 class=\"wp-block-heading\">\u00bfCu\u00e1ndo ser\u00e1n las vacaciones de invierno?<\/h2>\n\n\n\n<p>El receso escolar de invierno en la Ciudad y en la provincia de Buenos Aires ser\u00e1 del 15 al 26 de julio, al igual que en Corrientes, Formosa, Jujuy, Santa Cruz, Chaco, Chubut, Misiones, Santiago del Estero y Tierra del Fuego.<\/p>\n\n\n\n<p>Por otro lado, C\u00f3rdoba, Entre R\u00edos, Mendoza, Salta, San Luis, Santa Fe, Catamarca, La Rioja, Tucum\u00e1n, Neuqu\u00e9n, San Juan y R\u00edo Negro tendr\u00e1n vacaciones de inverno del 8 al 19 de julio.<\/p>\n\n\n\n<p>Por \u00faltimo, en La Pampa el receso ser\u00e1 del 10 al 23 de julio pr\u00f3ximo, seg\u00fan se confirm\u00f3 este mi\u00e9rcoles.<\/p>\n\n\n\n<h2 class=\"wp-block-heading\">Cumplimiento de los 190 d\u00edas<\/h2>\n\n\n\n<p>De acuerdo a la resoluci\u00f3n dispuesta, se encomend\u00f3 \u00abla elaboraci\u00f3n de un dispositivo tecnol\u00f3gico de informaci\u00f3n digital que permita la identificaci\u00f3n y el registro de los d\u00edas de clase cumplidos y no cumplidos, a partir de los datos notificados por las jurisdicciones\u00bb, con el objetivo de que se cumpla el calendario de 190 d\u00edas.<\/p>\n\n\n\n<p>En ese sentido, se pidi\u00f3 \u00abregistrar y realizar un seguimiento de los motivos por los que pueda producirse la p\u00e9rdida de los mismos y de las medidas adoptadas por las autoridades educativas para garantizar su cumplimiento, tales como el control del ausentismo y la salud laboral, el financiamiento y el fortalecimiento de la infraestructura escolar\u00bb.<\/p>\n\n\n\n<p>En caso de que haya d\u00edas perdidos de clases, se implementar\u00e1 un \u00abprograma de acci\u00f3n para asegurar la compensaci\u00f3n, teniendo en cuenta, entre otras, las medidas acordadas por las m\u00e1ximas autoridades educativas\u00bb.<\/p>\n\n\n\n<p>Entre las medidas alternativas, aparecen la extensi\u00f3n de la jornada de clase; el acortamiento u otras formas de readecuaci\u00f3n del per\u00edodo de receso invernal; la ampliaci\u00f3n del ciclo lectivo; la compensaci\u00f3n a trav\u00e9s del dictado de clases en d\u00edas extras; la reestructuraci\u00f3n de los per\u00edodos de recuperaci\u00f3n y evaluaci\u00f3n de diciembre y marzo; el adelantamiento del inicio del ciclo lectivo del a\u00f1o inmediatamente posterior; el uso de medios tecnol\u00f3gicos para la intensificaci\u00f3n de la ense\u00f1anza y el aprendizaje; el traslado provisorio de alumnos a establecimientos educativos cercanos en caso de situaciones relativas a deficiencias de infraestructura; las estrategias institucionales para garantizar la presencia de docentes y estudiantes.<\/p>\n\n\n\n<p>La finalizaci\u00f3n del ciclo lectivo ser\u00e1 en diciembre, aunque con diferente fechas, seg\u00fan las provincias.<\/p>\n\n\n\n<p>El 13 de diciembre culminar\u00e1n en Catamarca, C\u00f3rdoba, Jujuy, La Rioja, Mendoza y Santa Fe, mientras que el 17 del mismo mes ser\u00e1 el turno de Santa Cruz y un d\u00eda despu\u00e9s el de Tucum\u00e1n.<\/p>\n\n\n\n<p>El 19 de diciembre le tocar\u00e1 a Chubut, Salta y San Luis, en tanto, el 20 del mismo mes finalizar\u00e1n la clases en la Ciudad de Buenos Aires, la provincia de Buenos Aires, Chaco, Corrientes, Entre R\u00edos, Formosa, La Pampa, Misiones, Neuqu\u00e9n, R\u00edo Negro, San Juan, Santiago del Estero y Tierra del Fuego.<\/p>\n","protected":false},"excerpt":{"rendered":"<p>Las clases en la Ciudad de Buenos Aires se iniciar\u00e1n el lunes 26 de febrero pr\u00f3ximo, mientras que en la Provincia el comienzo del ciclo lectivo 2024 ser\u00e1 el viernes 1 de marzo, seg\u00fan confirm\u00f3 hoy la Secretar\u00eda de Educaci\u00f3n de la Naci\u00f3n. Los ministros y titulares del \u00e1rea de las 24 jurisdicciones se comprometieron [&hellip;]<\/p>\n","protected":false},"author":3,"featured_media":12441,"comment_status":"closed","ping_status":"closed","sticky":false,"template":"","format":"standard","meta":{"om_disable_all_campaigns":false,"_monsterinsights_skip_tracking":false,"_monsterinsights_sitenote_active":false,"_monsterinsights_sitenote_note":"","_monsterinsights_sitenote_category":0,"footnotes":""},"categories":[33],"tags":[74,3818,192,3817],"class_list":["post-12439","post","type-post","status-publish","format-standard","has-post-thumbnail","hentry","category-chaco","tag-chaco","tag-ciclo-lectivo-2024","tag-educacion","tag-inicio-de-clases"],"aioseo_notices":[],"amp_enabled":true,"_links":{"self":[{"href":"https:\/\/diariodigitalnea.com\/index.php\/wp-json\/wp\/v2\/posts\/12439","targetHints":{"allow":["GET"]}}],"collection":[{"href":"https:\/\/diariodigitalnea.com\/index.php\/wp-json\/wp\/v2\/posts"}],"about":[{"href":"https:\/\/diariodigitalnea.com\/index.php\/wp-json\/wp\/v2\/types\/post"}],"author":[{"embeddable":true,"href":"https:\/\/diariodigitalnea.com\/index.php\/wp-json\/wp\/v2\/users\/3"}],"replies":[{"embeddable":true,"href":"https:\/\/diariodigitalnea.com\/index.php\/wp-json\/wp\/v2\/comments?post=12439"}],"version-history":[{"count":1,"href":"https:\/\/diariodigitalnea.com\/index.php\/wp-json\/wp\/v2\/posts\/12439\/revisions"}],"predecessor-version":[{"id":12442,"href":"https:\/\/diariodigitalnea.com\/index.php\/wp-json\/wp\/v2\/posts\/12439\/revisions\/12442"}],"wp:featuredmedia":[{"embeddable":true,"href":"https:\/\/diariodigitalnea.com\/index.php\/wp-json\/wp\/v2\/media\/12441"}],"wp:attachment":[{"href":"https:\/\/diariodigitalnea.com\/index.php\/wp-json\/wp\/v2\/media?parent=12439"}],"wp:term":[{"taxonomy":"category","embeddable":true,"href":"https:\/\/diariodigitalnea.com\/index.php\/wp-json\/wp\/v2\/categories?post=12439"},{"taxonomy":"post_tag","embeddable":true,"href":"https:\/\/diariodigitalnea.com\/index.php\/wp-json\/wp\/v2\/tags?post=12439"}],"curies":[{"name":"wp","href":"https:\/\/api.w.org\/{rel}","templated":true}]}}