{"id":12436,"date":"2024-01-11T16:28:50","date_gmt":"2024-01-11T16:28:50","guid":{"rendered":"https:\/\/diariodigitalnea.com\/?p=12436"},"modified":"2024-01-11T16:28:51","modified_gmt":"2024-01-11T16:28:51","slug":"un-sargento-mato-de-un-disparo-a-su-esposa-y-se-suicido-tras-cometer-el-femicidio","status":"publish","type":"post","link":"https:\/\/diariodigitalnea.com\/index.php\/2024\/01\/11\/un-sargento-mato-de-un-disparo-a-su-esposa-y-se-suicido-tras-cometer-el-femicidio\/","title":{"rendered":"Un sargento mat\u00f3 de un disparo a su esposa y se suicid\u00f3 tras cometer el femicidio"},"content":{"rendered":"\n<p>Una mujer de 31 a\u00f1os fue asesinada en la localidad chaque\u00f1a de <strong>Presidencia de la Plaza<\/strong> de un disparo por su esposo, un sargento de la polic\u00eda de esa provincia, quien se suicid\u00f3 tras cometer el femicidio, informaron hoy fuentes policiales.<\/p>\n\n\n\n<p>El crimen se registr\u00f3 esta madrugada, a la 1.20, en una casa ubicada en la intersecci\u00f3n de las calles Belgrano y Mart\u00edn Far\u00edas, en la localidad de Plaza, ubicada a m\u00e1s de 100 kil\u00f3metros de la capital de Chaco, donde efectivos de la comisar\u00eda local hallaron sin vida a Gabriela Betiana Alarc\u00f3n (31) y a Claudio David Mambr\u00edn (35).<\/p>\n\n\n\n<p>A partir de una serie de pericias, los informantes indicaron que el polic\u00eda asesin\u00f3 con una<strong> pistola Browning calibre 9 mil\u00edmetros<\/strong> a la mujer de 31 a\u00f1os.<\/p>\n\n\n\n<p>Luego de cometer el crimen, <strong>Mambr\u00edn se suicid\u00f3<\/strong> utilizando la misma pistola.<\/p>\n\n\n\n<p>Seg\u00fan los voceros, Alarc\u00f3n y Mambr\u00edn estaban casados y resid\u00edan en dicho domicilio junto a sus dos hijos adolescentes, de 12 y 14 a\u00f1os, quienes estaban en la vivienda.<\/p>\n\n\n\n<p>Adem\u00e1s, se\u00f1alaron que <strong>el hombre de 35 a\u00f1os trabajaba como sargento en la Divisi\u00f3n Transito Urbano y Patrulla Vial S\u00e1enz Pe\u00f1a <\/strong>de la polic\u00eda chaque\u00f1a y aseguraron que la v\u00edctima no hab\u00eda radicado ninguna denuncia por violencia de g\u00e9nero.<\/p>\n\n\n\n<p>Por otra parte, se hizo presente en la vivienda un equipo de la l\u00ednea 102 &#8211; especializada en los derechos de ni\u00f1as, ni\u00f1os y adolescentes-, que asisti\u00f3 a los <strong>dos hijos de la pareja.<\/strong><\/p>\n\n\n\n<p>La causa por femicidio y suicidio qued\u00f3 a cargo de la fiscal Nelia Vel\u00e1zquez, la misma que integra el equipo de investigadores del Ministerio Publico Fiscal en el caso de Cecilia Strzyzowski.<\/p>\n\n\n\n<p>Seg\u00fan los pesquisas, Vel\u00e1zquez orden\u00f3 el secuestro de los tel\u00e9fonos celulares de Alarc\u00f3n y Mambr\u00edn, y de otros elementos de relevancia para la causa<\/p>\n\n\n\n<p>Personal de la Divisi\u00f3n Bomberos traslad\u00f3 los cuerpos hasta las Instalaciones el Instituto de Medicina y Ciencias Forenses (Imcif) para la realizaci\u00f3n de las autopsias correspondientes.<\/p>\n\n\n\n<p>Este es el tercer femicidio en Chaco dado a conocer en los \u00faltimos cuatro d\u00edas y todos coinciden en que los cr\u00edmenes fueron cometidos por las respectivas parejas de las v\u00edctimas.<\/p>\n\n\n\n<p>El primero de ellos ocurri\u00f3 el domingo, cuando una adolescente de 15 a\u00f1os, Jenifer Obreg\u00f3n, fue hallada muerta con un disparo en la cabeza en la localidad de General Pinedo.<\/p>\n\n\n\n<p>Junto a ella, apareci\u00f3 el cad\u00e1ver de su pareja, Rodrigo Ren\u00e9 R\u00edos (20), quien se suicid\u00f3 tras cometer el crimen.<\/p>\n\n\n\n<p>Ese mismo d\u00eda, Mirta Iraz\u00e1bal (51) fue hallada asesinada con una c\u00e1mara de bicicleta enrollada en su cuello y, por el crimen, continuaba pr\u00f3fugo hasta esta ma\u00f1ana su esposo, Ram\u00f3n Gim\u00e9nez.<\/p>\n","protected":false},"excerpt":{"rendered":"<p>Una mujer de 31 a\u00f1os fue asesinada en la localidad chaque\u00f1a de Presidencia de la Plaza de un disparo por su esposo, un sargento de la polic\u00eda de esa provincia, quien se suicid\u00f3 tras cometer el femicidio, informaron hoy fuentes policiales. El crimen se registr\u00f3 esta madrugada, a la 1.20, en una casa ubicada en [&hellip;]<\/p>\n","protected":false},"author":3,"featured_media":12437,"comment_status":"closed","ping_status":"closed","sticky":false,"template":"","format":"standard","meta":{"om_disable_all_campaigns":false,"_monsterinsights_skip_tracking":false,"_monsterinsights_sitenote_active":false,"_monsterinsights_sitenote_note":"","_monsterinsights_sitenote_category":0,"footnotes":""},"categories":[33,52],"tags":[734,431,1423,3816],"class_list":["post-12436","post","type-post","status-publish","format-standard","has-post-thumbnail","hentry","category-chaco","category-policiales","tag-femicidio","tag-policia-del-chaco","tag-presidencia-de-la-plaza","tag-sargento"],"aioseo_notices":[],"amp_enabled":true,"_links":{"self":[{"href":"https:\/\/diariodigitalnea.com\/index.php\/wp-json\/wp\/v2\/posts\/12436","targetHints":{"allow":["GET"]}}],"collection":[{"href":"https:\/\/diariodigitalnea.com\/index.php\/wp-json\/wp\/v2\/posts"}],"about":[{"href":"https:\/\/diariodigitalnea.com\/index.php\/wp-json\/wp\/v2\/types\/post"}],"author":[{"embeddable":true,"href":"https:\/\/diariodigitalnea.com\/index.php\/wp-json\/wp\/v2\/users\/3"}],"replies":[{"embeddable":true,"href":"https:\/\/diariodigitalnea.com\/index.php\/wp-json\/wp\/v2\/comments?post=12436"}],"version-history":[{"count":1,"href":"https:\/\/diariodigitalnea.com\/index.php\/wp-json\/wp\/v2\/posts\/12436\/revisions"}],"predecessor-version":[{"id":12438,"href":"https:\/\/diariodigitalnea.com\/index.php\/wp-json\/wp\/v2\/posts\/12436\/revisions\/12438"}],"wp:featuredmedia":[{"embeddable":true,"href":"https:\/\/diariodigitalnea.com\/index.php\/wp-json\/wp\/v2\/media\/12437"}],"wp:attachment":[{"href":"https:\/\/diariodigitalnea.com\/index.php\/wp-json\/wp\/v2\/media?parent=12436"}],"wp:term":[{"taxonomy":"category","embeddable":true,"href":"https:\/\/diariodigitalnea.com\/index.php\/wp-json\/wp\/v2\/categories?post=12436"},{"taxonomy":"post_tag","embeddable":true,"href":"https:\/\/diariodigitalnea.com\/index.php\/wp-json\/wp\/v2\/tags?post=12436"}],"curies":[{"name":"wp","href":"https:\/\/api.w.org\/{rel}","templated":true}]}}