{"id":12391,"date":"2024-01-08T00:37:12","date_gmt":"2024-01-08T00:37:12","guid":{"rendered":"https:\/\/diariodigitalnea.com\/?p=12391"},"modified":"2024-01-08T00:37:14","modified_gmt":"2024-01-08T00:37:14","slug":"chaco-vuelve-a-encender-las-alarmas-por-2-femicidios-en-un-dia-en-la-primera-semana-del-ano","status":"publish","type":"post","link":"https:\/\/diariodigitalnea.com\/index.php\/2024\/01\/08\/chaco-vuelve-a-encender-las-alarmas-por-2-femicidios-en-un-dia-en-la-primera-semana-del-ano\/","title":{"rendered":"Chaco vuelve a encender las alarmas por 2 femicidios en un d\u00eda, en la primera semana del a\u00f1o"},"content":{"rendered":"\n<p>Al finalizar la primera semana de este 2024, la provincia registr\u00f3 dos nuevos casos de femicidios, ambos ocurridos este domingo. El 2023 termin\u00f3 con 11 casos registrados. Cifras que preocupan.<\/p>\n\n\n\n<p><br>La provincia de Chaco enciende nuevamente las alarmas ante dos casos de femicidios que ocurrieron este domingo. Uno sucedi\u00f3 en la localidad de General Pinedo y el otro en Quinta Landeca, en cercan\u00edas de Tres Isletas.<\/p>\n\n\n\n<p><\/p>\n\n\n\n<p>La gravedad de estos casos vuelve a generar preocupaci\u00f3n en Chaco. La provincia cerr\u00f3 el 2023 con 11 casos, y a menos de 10 d\u00edas de este 2024, ya se registraron nuevos hechos violentos que culminaron con la vida de dos chaque\u00f1as m\u00e1s.<\/p>\n\n\n\n<figure class=\"wp-block-image size-large\"><img fetchpriority=\"high\" decoding=\"async\" width=\"1024\" height=\"446\" src=\"http:\/\/diariodigitalnea.com\/wp-content\/uploads\/2023\/05\/CONSTRUCAL-CON-FABRICA-2-1024x446.jpg\" alt=\"publicidad Construcal 2\" class=\"wp-image-8211\" srcset=\"https:\/\/diariodigitalnea.com\/wp-content\/uploads\/2023\/05\/CONSTRUCAL-CON-FABRICA-2-1024x446.jpg 1024w, https:\/\/diariodigitalnea.com\/wp-content\/uploads\/2023\/05\/CONSTRUCAL-CON-FABRICA-2-300x131.jpg 300w, https:\/\/diariodigitalnea.com\/wp-content\/uploads\/2023\/05\/CONSTRUCAL-CON-FABRICA-2-768x334.jpg 768w, https:\/\/diariodigitalnea.com\/wp-content\/uploads\/2023\/05\/CONSTRUCAL-CON-FABRICA-2-1536x669.jpg 1536w, https:\/\/diariodigitalnea.com\/wp-content\/uploads\/2023\/05\/CONSTRUCAL-CON-FABRICA-2-2048x892.jpg 2048w\" sizes=\"(max-width: 1024px) 100vw, 1024px\" \/><figcaption>Publicidad: ConstruCal Cales hidratas y vivas para uso vial y construcci\u00f3n TEL: 3624602737\n<\/figcaption><\/figure>\n\n\n\n<p><strong>Femicidio en Pinedo<br><\/strong>Yenifer Obreg\u00f3n de tan solo 15 a\u00f1os fue encontrada sin vida en una casas de la calle 4 de General Pinedo. Seg\u00fan inform\u00f3 la Polic\u00eda del Chaco, la v\u00edctima ten\u00eda una herida de arma de fuego en la cabeza, y junto a la menor se encontraba Rodrigo Ren\u00e9 R\u00edos (20) quien tambi\u00e9n ten\u00eda una herida de arma de fuego en la cabeza pero en ese momento estaba con vida.<\/p>\n\n\n\n<p><\/p>\n\n\n\n<p>R\u00edos fue trasladado bajo custodia policial al hospital local pero falleci\u00f3 antes del mediod\u00eda del domingo.<\/p>\n\n\n\n<figure class=\"wp-block-image size-full\"><img decoding=\"async\" width=\"896\" height=\"614\" src=\"https:\/\/diariodigitalnea.com\/wp-content\/uploads\/2024\/01\/femici2.jpg\" alt=\"\" class=\"wp-image-12393\" srcset=\"https:\/\/diariodigitalnea.com\/wp-content\/uploads\/2024\/01\/femici2.jpg 896w, https:\/\/diariodigitalnea.com\/wp-content\/uploads\/2024\/01\/femici2-300x206.jpg 300w, https:\/\/diariodigitalnea.com\/wp-content\/uploads\/2024\/01\/femici2-768x526.jpg 768w\" sizes=\"(max-width: 896px) 100vw, 896px\" \/><figcaption>La principal hip\u00f3tesis radica en\u00a0R\u00edos mat\u00f3 a Obreg\u00f3n y se suicid\u00f3 tras cometer el crimen.<\/figcaption><\/figure>\n\n\n\n<p>Las fuentes policiales confirman que no exist\u00edan denuncias previas ni antecedentes de violencia, como as\u00ed tampoco la v\u00edctima no ten\u00eda bot\u00f3n antip\u00e1nico ni orden perimetral.<\/p>\n\n\n\n<p><\/p>\n\n\n\n<p>Asimismo, las autoridades secuestraron de la escena del crimen un cartucho calibre 32 y una vaina servida del mismo calibre, en el piso y al costado de la cama. Tambi\u00e9n hallaron un tel\u00e9fono celular que ser\u00eda de R\u00edos, un rev\u00f3lver calibre 32 largo, un tambor con dos vainas servidas alojadas, que se encontraba debajo de la cama.<\/p>\n\n\n\n<p><\/p>\n\n\n\n<p>Tambi\u00e9n descubrieron 17 envoltorios de nylon color negro, y otro de tama\u00f1o m\u00e1s grande, que conten\u00edan marihuana.<\/p>\n\n\n\n<figure class=\"wp-block-image size-large\"><img decoding=\"async\" width=\"1024\" height=\"513\" src=\"http:\/\/diariodigitalnea.com\/wp-content\/uploads\/2023\/05\/ENCUENTRO-IG-Verde-copy-1024x513.jpg\" alt=\"PUBLICIDAD\" class=\"wp-image-8132\" srcset=\"https:\/\/diariodigitalnea.com\/wp-content\/uploads\/2023\/05\/ENCUENTRO-IG-Verde-copy-1024x513.jpg 1024w, https:\/\/diariodigitalnea.com\/wp-content\/uploads\/2023\/05\/ENCUENTRO-IG-Verde-copy-300x150.jpg 300w, https:\/\/diariodigitalnea.com\/wp-content\/uploads\/2023\/05\/ENCUENTRO-IG-Verde-copy-768x385.jpg 768w, https:\/\/diariodigitalnea.com\/wp-content\/uploads\/2023\/05\/ENCUENTRO-IG-Verde-copy-1536x769.jpg 1536w, https:\/\/diariodigitalnea.com\/wp-content\/uploads\/2023\/05\/ENCUENTRO-IG-Verde-copy-2048x1026.jpg 2048w\" sizes=\"(max-width: 1024px) 100vw, 1024px\" \/><figcaption>Publicidad: Encuentro Tienda de Bebidas, Chile 190 Local 4 \u2013 Tel: 3624386655 &#8211; Gral San Mart\u00edn<\/figcaption><\/figure>\n\n\n\n<p><strong>Segundo femicidio: la pareja es buscada por la justicia<br><\/strong>Este mismo domingo, otro femicidio ocurri\u00f3 en Quinta Landeca, en cercan\u00edas de Tres Isletas. La v\u00edctima fue identificada como Mirta Irazabal, de 51 a\u00f1os y su pareja, Ram\u00f3n Gim\u00e9nez, es el principal sospechoso.<\/p>\n\n\n\n<figure class=\"wp-block-image size-large\"><img loading=\"lazy\" decoding=\"async\" width=\"1024\" height=\"619\" src=\"https:\/\/diariodigitalnea.com\/wp-content\/uploads\/2024\/01\/femici3-1024x619.jpg\" alt=\"\" class=\"wp-image-12394\" srcset=\"https:\/\/diariodigitalnea.com\/wp-content\/uploads\/2024\/01\/femici3-1024x619.jpg 1024w, https:\/\/diariodigitalnea.com\/wp-content\/uploads\/2024\/01\/femici3-300x181.jpg 300w, https:\/\/diariodigitalnea.com\/wp-content\/uploads\/2024\/01\/femici3-768x464.jpg 768w, https:\/\/diariodigitalnea.com\/wp-content\/uploads\/2024\/01\/femici3.jpg 1049w\" sizes=\"(max-width: 1024px) 100vw, 1024px\" \/><figcaption>Los investigadores se encontraban abocados hasta esta tarde a dar con el paradero del marido de la v\u00edctima.<\/figcaption><\/figure>\n\n\n\n<p>Los vecinos aportaron a la Polic\u00eda que en la madrugada hubo una discusi\u00f3n entre Irazabal y su marido. Seg\u00fan fuentes policiales cercanas al caso, en di\u00e1logo con Diario Chaco , Irazabal y Gim\u00e9nez no ten\u00edan antecedentes en la Justicia, bot\u00f3n antip\u00e1nico ni orden perimetral.<\/p>\n\n\n\n<figure class=\"wp-block-image size-large\"><img loading=\"lazy\" decoding=\"async\" width=\"1024\" height=\"607\" src=\"http:\/\/diariodigitalnea.com\/wp-content\/uploads\/2023\/11\/DDN-FOTO-PC-Y-CEL-1024x607.jpg\" alt=\"publicidad\" class=\"wp-image-11794\" srcset=\"https:\/\/diariodigitalnea.com\/wp-content\/uploads\/2023\/11\/DDN-FOTO-PC-Y-CEL-1024x607.jpg 1024w, https:\/\/diariodigitalnea.com\/wp-content\/uploads\/2023\/11\/DDN-FOTO-PC-Y-CEL-300x178.jpg 300w, https:\/\/diariodigitalnea.com\/wp-content\/uploads\/2023\/11\/DDN-FOTO-PC-Y-CEL-768x455.jpg 768w, https:\/\/diariodigitalnea.com\/wp-content\/uploads\/2023\/11\/DDN-FOTO-PC-Y-CEL-1536x910.jpg 1536w, https:\/\/diariodigitalnea.com\/wp-content\/uploads\/2023\/11\/DDN-FOTO-PC-Y-CEL.jpg 2000w\" sizes=\"(max-width: 1024px) 100vw, 1024px\" \/><figcaption>Diario Digital Nea. Noticias de la regi\u00f3n y el mundo <\/figcaption><\/figure>\n\n\n\n<p><\/p>\n","protected":false},"excerpt":{"rendered":"<p>Al finalizar la primera semana de este 2024, la provincia registr\u00f3 dos nuevos casos de femicidios, ambos ocurridos este domingo. El 2023 termin\u00f3 con 11 casos registrados. Cifras que preocupan. La provincia de Chaco enciende nuevamente las alarmas ante dos casos de femicidios que ocurrieron este domingo. Uno sucedi\u00f3 en la localidad de General Pinedo [&hellip;]<\/p>\n","protected":false},"author":4,"featured_media":12392,"comment_status":"closed","ping_status":"closed","sticky":false,"template":"","format":"standard","meta":{"om_disable_all_campaigns":false,"_monsterinsights_skip_tracking":false,"_monsterinsights_sitenote_active":false,"_monsterinsights_sitenote_note":"","_monsterinsights_sitenote_category":0,"footnotes":""},"categories":[52],"tags":[74,1772],"class_list":["post-12391","post","type-post","status-publish","format-standard","has-post-thumbnail","hentry","category-policiales","tag-chaco","tag-femicidios"],"aioseo_notices":[],"amp_enabled":true,"_links":{"self":[{"href":"https:\/\/diariodigitalnea.com\/index.php\/wp-json\/wp\/v2\/posts\/12391","targetHints":{"allow":["GET"]}}],"collection":[{"href":"https:\/\/diariodigitalnea.com\/index.php\/wp-json\/wp\/v2\/posts"}],"about":[{"href":"https:\/\/diariodigitalnea.com\/index.php\/wp-json\/wp\/v2\/types\/post"}],"author":[{"embeddable":true,"href":"https:\/\/diariodigitalnea.com\/index.php\/wp-json\/wp\/v2\/users\/4"}],"replies":[{"embeddable":true,"href":"https:\/\/diariodigitalnea.com\/index.php\/wp-json\/wp\/v2\/comments?post=12391"}],"version-history":[{"count":1,"href":"https:\/\/diariodigitalnea.com\/index.php\/wp-json\/wp\/v2\/posts\/12391\/revisions"}],"predecessor-version":[{"id":12395,"href":"https:\/\/diariodigitalnea.com\/index.php\/wp-json\/wp\/v2\/posts\/12391\/revisions\/12395"}],"wp:featuredmedia":[{"embeddable":true,"href":"https:\/\/diariodigitalnea.com\/index.php\/wp-json\/wp\/v2\/media\/12392"}],"wp:attachment":[{"href":"https:\/\/diariodigitalnea.com\/index.php\/wp-json\/wp\/v2\/media?parent=12391"}],"wp:term":[{"taxonomy":"category","embeddable":true,"href":"https:\/\/diariodigitalnea.com\/index.php\/wp-json\/wp\/v2\/categories?post=12391"},{"taxonomy":"post_tag","embeddable":true,"href":"https:\/\/diariodigitalnea.com\/index.php\/wp-json\/wp\/v2\/tags?post=12391"}],"curies":[{"name":"wp","href":"https:\/\/api.w.org\/{rel}","templated":true}]}}