{"id":12161,"date":"2023-12-17T12:56:00","date_gmt":"2023-12-17T12:56:00","guid":{"rendered":"https:\/\/diariodigitalnea.com\/?p=12161"},"modified":"2023-12-17T12:56:01","modified_gmt":"2023-12-17T12:56:01","slug":"fue-detenido-mientras-llevaba-una-pileta-de-lona-a-cuesta-en-plena-madrugada","status":"publish","type":"post","link":"https:\/\/diariodigitalnea.com\/index.php\/2023\/12\/17\/fue-detenido-mientras-llevaba-una-pileta-de-lona-a-cuesta-en-plena-madrugada\/","title":{"rendered":"Fue detenido mientras llevaba una pileta de lona a cuesta en plena madrugada"},"content":{"rendered":"\n<p>Anoche alrededor de las 3 de la madrugada, una mujer inform\u00f3 a los agentes de la Comisar\u00eda D\u00e9cimo Tercera que se hab\u00edan llevado su pileta desde el patio de su casa.<\/p>\n\n\n\n<p>El personal policial a cargo comenz\u00f3 el patrullaje por inmediaciones de la Chacra 24 y unos minutos m\u00e1s tarde logr\u00f3 demorar a un joven de 23 a\u00f1os que llevaba la pileta de lona sobre sus hombros.<\/p>\n\n\n\n<p>Las descripciones de la pileta de lona coincid\u00edan con lo denunciado, adem\u00e1s ten\u00eda una bacha de porcelana, tambi\u00e9n sustra\u00edda en el domicilio.<\/p>\n\n\n\n<p>Labraron acta de secuestro y condujeron al joven a la dependencia.<\/p>\n\n\n\n<p>Finalmente fue notificado de su aprehensi\u00f3n por la causa Supuesto Robo a disposici\u00f3n de la fiscal\u00eda en turno.<\/p>\n","protected":false},"excerpt":{"rendered":"<p>Anoche alrededor de las 3 de la madrugada, una mujer inform\u00f3 a los agentes de la Comisar\u00eda D\u00e9cimo Tercera que se hab\u00edan llevado su pileta desde el patio de su casa. El personal policial a cargo comenz\u00f3 el patrullaje por inmediaciones de la Chacra 24 y unos minutos m\u00e1s tarde logr\u00f3 demorar a un joven [&hellip;]<\/p>\n","protected":false},"author":3,"featured_media":12162,"comment_status":"closed","ping_status":"closed","sticky":false,"template":"","format":"standard","meta":{"om_disable_all_campaigns":false,"_monsterinsights_skip_tracking":false,"_monsterinsights_sitenote_active":false,"_monsterinsights_sitenote_note":"","_monsterinsights_sitenote_category":0,"footnotes":""},"categories":[33,52],"tags":[414,3750,109],"class_list":["post-12161","post","type-post","status-publish","format-standard","has-post-thumbnail","hentry","category-chaco","category-policiales","tag-detenido","tag-pileta-de-lona","tag-robo"],"aioseo_notices":[],"amp_enabled":true,"_links":{"self":[{"href":"https:\/\/diariodigitalnea.com\/index.php\/wp-json\/wp\/v2\/posts\/12161","targetHints":{"allow":["GET"]}}],"collection":[{"href":"https:\/\/diariodigitalnea.com\/index.php\/wp-json\/wp\/v2\/posts"}],"about":[{"href":"https:\/\/diariodigitalnea.com\/index.php\/wp-json\/wp\/v2\/types\/post"}],"author":[{"embeddable":true,"href":"https:\/\/diariodigitalnea.com\/index.php\/wp-json\/wp\/v2\/users\/3"}],"replies":[{"embeddable":true,"href":"https:\/\/diariodigitalnea.com\/index.php\/wp-json\/wp\/v2\/comments?post=12161"}],"version-history":[{"count":1,"href":"https:\/\/diariodigitalnea.com\/index.php\/wp-json\/wp\/v2\/posts\/12161\/revisions"}],"predecessor-version":[{"id":12163,"href":"https:\/\/diariodigitalnea.com\/index.php\/wp-json\/wp\/v2\/posts\/12161\/revisions\/12163"}],"wp:featuredmedia":[{"embeddable":true,"href":"https:\/\/diariodigitalnea.com\/index.php\/wp-json\/wp\/v2\/media\/12162"}],"wp:attachment":[{"href":"https:\/\/diariodigitalnea.com\/index.php\/wp-json\/wp\/v2\/media?parent=12161"}],"wp:term":[{"taxonomy":"category","embeddable":true,"href":"https:\/\/diariodigitalnea.com\/index.php\/wp-json\/wp\/v2\/categories?post=12161"},{"taxonomy":"post_tag","embeddable":true,"href":"https:\/\/diariodigitalnea.com\/index.php\/wp-json\/wp\/v2\/tags?post=12161"}],"curies":[{"name":"wp","href":"https:\/\/api.w.org\/{rel}","templated":true}]}}