{"id":12116,"date":"2023-12-13T00:05:38","date_gmt":"2023-12-13T00:05:38","guid":{"rendered":"https:\/\/diariodigitalnea.com\/?p=12116"},"modified":"2023-12-13T00:05:39","modified_gmt":"2023-12-13T00:05:39","slug":"caputo-anuncio-las-medidas-economicas-del-gobierno-de-milei-dolar-oficial-a-800-y-reduccion-de-subsidios","status":"publish","type":"post","link":"https:\/\/diariodigitalnea.com\/index.php\/2023\/12\/13\/caputo-anuncio-las-medidas-economicas-del-gobierno-de-milei-dolar-oficial-a-800-y-reduccion-de-subsidios\/","title":{"rendered":"Caputo anunci\u00f3 las medidas econ\u00f3micas del Gobierno de Milei: d\u00f3lar oficial a $ 800 y reducci\u00f3n de subsidios"},"content":{"rendered":"\n<p>El l\u00edder del Palacio de Hacienda habl\u00f3 este martes a trav\u00e9s de un video grabado y enumer\u00f3 el primer paquete de medidas econ\u00f3micas que formar parte del Gobierno de Javier Milei.<\/p>\n\n\n\n<p><br>En la jornada de este martes el ministro de Econom\u00eda, Luis Caputo, anunci\u00f3 el primer paquete de medidas econ\u00f3micas del Gobierno de Javier Milei. El video, ya grabado, comenz\u00f3 con retrasos.<\/p>\n\n\n\n<p><\/p>\n\n\n\n<p>En primer lugar, el mandatario de Econom\u00eda habl\u00f3 sobre la \u00abpesada herencia\u00bb. \u00abEstamos frente a la peor herencia de nuestra historia. Los argentinos somos cada vez mas pobres, con un d\u00e9ficit fiscal que supera los 5 puntos\u00bb, inci\u00f3 Caputo a las 19.<\/p>\n\n\n\n<p><\/p>\n\n\n\n<p>\u00abSin d\u00f3lares en sus activos y con el equivalente a tres bases monetarias en pasivos remunerados. Una emisi\u00f3n monetaria de mas de 20 puntos del producto que ha hecho que actualmente la inflaci\u00f3n navegue al 300% anual y que castigue a los argentinos todos los d\u00edas\u00bb, sigui\u00f3 el ministro.<\/p>\n\n\n\n<p><\/p>\n\n\n\n<p>En este sentido, el l\u00edder del Palacio de Hacienda hizo incapi\u00e9 sobre la hiper inflaci\u00f3n. \u00abPrecios reprimidos en energ\u00eda, tarifas y el dolar, se est\u00e1 pagando entre la mitad y una quinta parte de su valor real. Deudas de mas de 400 mil millones de d\u00f3lares. Si seguimos como estamos vamos inevitablemente camino a una hiper inflaci\u00f3n\u00bb, espet\u00f3 contundente.<\/p>\n\n\n\n<p><\/p>\n\n\n\n<p>Por otra parte, espet\u00f3: \u00abTenemos que identificar, reconocer la g\u00e9nesis de este problema. Es un punto central. La deuda la inflaci\u00f3n el d\u00f3lar o el d\u00e9ficit fiscal, siempre la mayor\u00eda de las respuestas dir\u00eda la deuda, la inflaci\u00f3n el d\u00f3lar\u00bb.<\/p>\n\n\n\n<figure class=\"wp-block-embed is-type-video is-provider-youtube wp-block-embed-youtube wp-embed-aspect-16-9 wp-has-aspect-ratio\"><div class=\"wp-block-embed__wrapper\">\n<iframe title=\"Anuncios de Luis Caputo: d\u00f3lar oficial a $800 y recortes en obra p\u00fablica, subsidios y pauta oficial\" width=\"1200\" height=\"675\" src=\"https:\/\/www.youtube.com\/embed\/6VPsoaniNxI?feature=oembed\" frameborder=\"0\" allow=\"accelerometer; autoplay; clipboard-write; encrypted-media; gyroscope; picture-in-picture; web-share\" allowfullscreen><\/iframe>\n<\/div><\/figure>\n\n\n\n<p>\u00abNinguna correspond\u00eda al d\u00e9ficit fiscal. La genesis de nuestro problema ha sido siempre el fiscal. Lo que se manifiesta como problemas son las consecuencias de c\u00f3mo se ha financiado ese d\u00e9ficit.<\/p>\n\n\n\n<p><br>El d\u00e9ficit es cuando se gasta m\u00e1s de lo que se recauda a nivel pa\u00eds. Si ustedes en un hogar gasta 120 mil pesos y gana 100 mil pesos, a alguien le tuvo que haber pedido prestado los 20 mil pesos\u00bb, dijo.<\/p>\n\n\n\n<p><\/p>\n\n\n\n<p>\u00abLos problemas que se originan de financiar ese d\u00e9ficit son los problemas que llega a la gente. Si se financia ese d\u00e9ficit excesivamente con deuda, se termina generando un problema financiero. Si se financia con emisi\u00f3n del banco central, hay una sobreabundancia de pesos, ese precio cae. Si hay sobreabundancia de naranjas, el precio de naranjas cae\u00bb, continu\u00f3 detallando.<\/p>\n\n\n\n<figure class=\"wp-block-image size-large\"><img fetchpriority=\"high\" decoding=\"async\" width=\"1024\" height=\"446\" src=\"http:\/\/diariodigitalnea.com\/wp-content\/uploads\/2023\/05\/CONSTRUCAL-CON-FABRICA-2-1024x446.jpg\" alt=\"publicidad Construcal 2\" class=\"wp-image-8211\" srcset=\"https:\/\/diariodigitalnea.com\/wp-content\/uploads\/2023\/05\/CONSTRUCAL-CON-FABRICA-2-1024x446.jpg 1024w, https:\/\/diariodigitalnea.com\/wp-content\/uploads\/2023\/05\/CONSTRUCAL-CON-FABRICA-2-300x131.jpg 300w, https:\/\/diariodigitalnea.com\/wp-content\/uploads\/2023\/05\/CONSTRUCAL-CON-FABRICA-2-768x334.jpg 768w, https:\/\/diariodigitalnea.com\/wp-content\/uploads\/2023\/05\/CONSTRUCAL-CON-FABRICA-2-1536x669.jpg 1536w, https:\/\/diariodigitalnea.com\/wp-content\/uploads\/2023\/05\/CONSTRUCAL-CON-FABRICA-2-2048x892.jpg 2048w\" sizes=\"(max-width: 1024px) 100vw, 1024px\" \/><figcaption>Publicidad: ConstruCal Cales hidratas y vivas para uso vial y construcci\u00f3n TEL: 3624602737\n<\/figcaption><\/figure>\n\n\n\n<p><strong>LAS MEDIDAS<br><\/strong>Para solucionar este problema voy a proceder a leerles las medidas que componen este paquete de urgencia cuya finalidad es neutralizar la crisis y estabilizar las variables econ\u00f3micas.<\/p>\n\n\n\n<p><\/p>\n\n\n\n<p>No se renuevan los contratos laborales del Estado que tengan menos de 1 a\u00f1o de vigencia.<\/p>\n\n\n\n<p><br>Se decreta la suspensi\u00f3n de la pauta de Gobierno nacional por un a\u00f1o. Durante 2023 entre Presidencia y Ministerios se gastaron 34 mil millones de pesos en pauta. No hay plata para gastos que no sean estrictamente empresarios y mucho menos para sostener con plata de contribuyentes a medios que alaban al gobierno de turno.<\/p>\n\n\n\n<p><br>Conforme la ley de Ministerios, los ministerios se reducir\u00e1n de 18 a 9 y las Secretar\u00edas de 106 a 54.<\/p>\n\n\n\n<p><br>Vamos a reducir al m\u00ednimo la transferencia discracionales del Estado Nacional a las provincias. Se ha usado como moneda de cambio para intercambiar favores pol\u00edticos<\/p>\n\n\n\n<p><br>El estado nacional no va a licitar m\u00e1s obras p\u00fablicas nuevas y va a cancelar las licitaciones cuyo desarrollo no haya comenzado.<\/p>\n\n\n\n<figure class=\"wp-block-image size-large\"><img decoding=\"async\" width=\"1024\" height=\"513\" src=\"http:\/\/diariodigitalnea.com\/wp-content\/uploads\/2023\/05\/ENCUENTRO-IG-Verde-copy-1024x513.jpg\" alt=\"PUBLICIDAD\" class=\"wp-image-8132\" srcset=\"https:\/\/diariodigitalnea.com\/wp-content\/uploads\/2023\/05\/ENCUENTRO-IG-Verde-copy-1024x513.jpg 1024w, https:\/\/diariodigitalnea.com\/wp-content\/uploads\/2023\/05\/ENCUENTRO-IG-Verde-copy-300x150.jpg 300w, https:\/\/diariodigitalnea.com\/wp-content\/uploads\/2023\/05\/ENCUENTRO-IG-Verde-copy-768x385.jpg 768w, https:\/\/diariodigitalnea.com\/wp-content\/uploads\/2023\/05\/ENCUENTRO-IG-Verde-copy-1536x769.jpg 1536w, https:\/\/diariodigitalnea.com\/wp-content\/uploads\/2023\/05\/ENCUENTRO-IG-Verde-copy-2048x1026.jpg 2048w\" sizes=\"(max-width: 1024px) 100vw, 1024px\" \/><figcaption>Publicidad: Encuentro Tienda de Bebidas, Chile 190 Local 4 \u2013 Tel: 3624386655 &#8211; Gral San Mart\u00edn<\/figcaption><\/figure>\n\n\n\n<p><br>Vamos a reducir subsidios a la energ\u00eda y al transporte. El Estado tiene precios baj\u00edsimos en energ\u00e9tica y transporte con subsidios. De esa forma enga\u00f1a el Estado a la gente. Estos subsidios no son gratis, sino que se pagan con inflaci\u00f3n. Lo que te regalan con el precio del boleto te cobran con el precio del supermercado. Los subsidios al transporte en el AMBA son una profunda discriminaci\u00f3n con las provincias del interior. Vamos a terminar con la discriminaci\u00f3n al interior.<\/p>\n\n\n\n<p><br>Vamos a mantener el Potenciar Trabajo de acuerdo a la partida presupuestaria de 2023.<\/p>\n\n\n\n<p><br>Vamos a sincerar el tipo de cambio oficial. El tipo de cambio va a pasar a valer 800 pesos para que los sectores productivos tengan los incentivos para aumentar su producci\u00f3n. Beneficiamos a los exportadores con un mejor precio.<\/p>\n\n\n\n<p><br>Vamos a avanzar en la eliminaci\u00f3n de todos los derechos de exportaci\u00f3n, que son perversos y que entorpecen el desarrollo argentino<br>Reemplazaremos el SIRA con un sistema que no requerir\u00e1 de licencias. Se garantiza la transparencia de importaciones, el que quiera importar podr\u00e1 hacerlo y punto.<\/p>\n\n\n\n<p><br>Vamos a aumentar, duplicar el plan de asignaci\u00f3n universal por hijo y aumentar en un 50% la tarjeta alimentar.<br>Finalmente, el funcionario cerr\u00f3: \u00abArgentina es un pa\u00eds rico en recursos naturales y humanos. Si hacemos los deberes que nunca hemos querido hacer, permit\u00e1monos so\u00f1ar con volver a ser ese gran pa\u00eds que hace 100 a\u00f1os el mundo entero tanto admiraba\u00bb<\/p>\n\n\n\n<figure class=\"wp-block-image size-large\"><img decoding=\"async\" width=\"1024\" height=\"607\" src=\"http:\/\/diariodigitalnea.com\/wp-content\/uploads\/2023\/11\/DDN-FOTO-PC-Y-CEL-1024x607.jpg\" alt=\"publicidad\" class=\"wp-image-11794\" srcset=\"https:\/\/diariodigitalnea.com\/wp-content\/uploads\/2023\/11\/DDN-FOTO-PC-Y-CEL-1024x607.jpg 1024w, https:\/\/diariodigitalnea.com\/wp-content\/uploads\/2023\/11\/DDN-FOTO-PC-Y-CEL-300x178.jpg 300w, https:\/\/diariodigitalnea.com\/wp-content\/uploads\/2023\/11\/DDN-FOTO-PC-Y-CEL-768x455.jpg 768w, https:\/\/diariodigitalnea.com\/wp-content\/uploads\/2023\/11\/DDN-FOTO-PC-Y-CEL-1536x910.jpg 1536w, https:\/\/diariodigitalnea.com\/wp-content\/uploads\/2023\/11\/DDN-FOTO-PC-Y-CEL.jpg 2000w\" sizes=\"(max-width: 1024px) 100vw, 1024px\" \/><figcaption>Diario Digital Nea. Noticias de la regi\u00f3n y el mundo <\/figcaption><\/figure>\n","protected":false},"excerpt":{"rendered":"<p>El l\u00edder del Palacio de Hacienda habl\u00f3 este martes a trav\u00e9s de un video grabado y enumer\u00f3 el primer paquete de medidas econ\u00f3micas que formar parte del Gobierno de Javier Milei. En la jornada de este martes el ministro de Econom\u00eda, Luis Caputo, anunci\u00f3 el primer paquete de medidas econ\u00f3micas del Gobierno de Javier Milei. [&hellip;]<\/p>\n","protected":false},"author":4,"featured_media":12117,"comment_status":"closed","ping_status":"closed","sticky":false,"template":"","format":"standard","meta":{"om_disable_all_campaigns":false,"_monsterinsights_skip_tracking":false,"_monsterinsights_sitenote_active":false,"_monsterinsights_sitenote_note":"","_monsterinsights_sitenote_category":0,"footnotes":""},"categories":[5,90],"tags":[3737,3739,3738],"class_list":["post-12116","post","type-post","status-publish","format-standard","has-post-thumbnail","hentry","category-economia","category-nacionales","tag-caputo","tag-economicas","tag-medidas"],"aioseo_notices":[],"amp_enabled":true,"_links":{"self":[{"href":"https:\/\/diariodigitalnea.com\/index.php\/wp-json\/wp\/v2\/posts\/12116","targetHints":{"allow":["GET"]}}],"collection":[{"href":"https:\/\/diariodigitalnea.com\/index.php\/wp-json\/wp\/v2\/posts"}],"about":[{"href":"https:\/\/diariodigitalnea.com\/index.php\/wp-json\/wp\/v2\/types\/post"}],"author":[{"embeddable":true,"href":"https:\/\/diariodigitalnea.com\/index.php\/wp-json\/wp\/v2\/users\/4"}],"replies":[{"embeddable":true,"href":"https:\/\/diariodigitalnea.com\/index.php\/wp-json\/wp\/v2\/comments?post=12116"}],"version-history":[{"count":1,"href":"https:\/\/diariodigitalnea.com\/index.php\/wp-json\/wp\/v2\/posts\/12116\/revisions"}],"predecessor-version":[{"id":12118,"href":"https:\/\/diariodigitalnea.com\/index.php\/wp-json\/wp\/v2\/posts\/12116\/revisions\/12118"}],"wp:featuredmedia":[{"embeddable":true,"href":"https:\/\/diariodigitalnea.com\/index.php\/wp-json\/wp\/v2\/media\/12117"}],"wp:attachment":[{"href":"https:\/\/diariodigitalnea.com\/index.php\/wp-json\/wp\/v2\/media?parent=12116"}],"wp:term":[{"taxonomy":"category","embeddable":true,"href":"https:\/\/diariodigitalnea.com\/index.php\/wp-json\/wp\/v2\/categories?post=12116"},{"taxonomy":"post_tag","embeddable":true,"href":"https:\/\/diariodigitalnea.com\/index.php\/wp-json\/wp\/v2\/tags?post=12116"}],"curies":[{"name":"wp","href":"https:\/\/api.w.org\/{rel}","templated":true}]}}