{"id":12040,"date":"2023-12-07T16:37:44","date_gmt":"2023-12-07T16:37:44","guid":{"rendered":"https:\/\/diariodigitalnea.com\/?p=12040"},"modified":"2023-12-07T16:43:04","modified_gmt":"2023-12-07T16:43:04","slug":"rescataron-a-un-oso-melero-que-habria-ingresa-a-una-vivienda-en-fontana","status":"publish","type":"post","link":"https:\/\/diariodigitalnea.com\/index.php\/2023\/12\/07\/rescataron-a-un-oso-melero-que-habria-ingresa-a-una-vivienda-en-fontana\/","title":{"rendered":"Rescataron a un oso melero que habr\u00eda ingresado a una vivienda en Fontana"},"content":{"rendered":"\n<p>Gracias a la pronta intervenci\u00f3n de los agentes y la colaboraci\u00f3n con la Brigada Operativa Ambiental, lo trasladaron a su h\u00e1bitat.<\/p>\n\n\n\n<p>En horas de la ma\u00f1ana, la Comisaria Primera Fontana, trav\u00e9s del sistema SAECAD 911, recibi\u00f3 un reporte sobre la presencia de un oso melero en una vivienda. Una vez en el lugar se entrevistaron con la moradora de 52 a\u00f1os que los invit\u00f3 a pasar, en el patio confirmaron la informaci\u00f3n, se trataba de un oso melero.<\/p>\n\n\n\n<p>Se dio intervenci\u00f3n a la Brigada Operativa Ambiental (BOA), y a su arribo, el equipo procedi\u00f3 al secuestro y traslado del animal a un lugar apropiado para su alojamiento.<\/p>\n\n\n\n<p>Es importante destacar la importancia de la colaboraci\u00f3n ciudadana en situaciones inesperadas como esta, reafirmando el compromiso con la preservaci\u00f3n de la fauna local.<\/p>\n","protected":false},"excerpt":{"rendered":"<p>Gracias a la pronta intervenci\u00f3n de los agentes y la colaboraci\u00f3n con la Brigada Operativa Ambiental, lo trasladaron a su h\u00e1bitat. En horas de la ma\u00f1ana, la Comisaria Primera Fontana, trav\u00e9s del sistema SAECAD 911, recibi\u00f3 un reporte sobre la presencia de un oso melero en una vivienda. Una vez en el lugar se entrevistaron [&hellip;]<\/p>\n","protected":false},"author":3,"featured_media":12041,"comment_status":"closed","ping_status":"closed","sticky":false,"template":"","format":"standard","meta":{"om_disable_all_campaigns":false,"_monsterinsights_skip_tracking":false,"_monsterinsights_sitenote_active":false,"_monsterinsights_sitenote_note":"","_monsterinsights_sitenote_category":0,"footnotes":""},"categories":[33],"tags":[593,1144,962,641],"class_list":["post-12040","post","type-post","status-publish","format-standard","has-post-thumbnail","hentry","category-chaco","tag-fontana","tag-habitat-natural","tag-oso-melero","tag-rescate-animal"],"aioseo_notices":[],"amp_enabled":true,"_links":{"self":[{"href":"https:\/\/diariodigitalnea.com\/index.php\/wp-json\/wp\/v2\/posts\/12040","targetHints":{"allow":["GET"]}}],"collection":[{"href":"https:\/\/diariodigitalnea.com\/index.php\/wp-json\/wp\/v2\/posts"}],"about":[{"href":"https:\/\/diariodigitalnea.com\/index.php\/wp-json\/wp\/v2\/types\/post"}],"author":[{"embeddable":true,"href":"https:\/\/diariodigitalnea.com\/index.php\/wp-json\/wp\/v2\/users\/3"}],"replies":[{"embeddable":true,"href":"https:\/\/diariodigitalnea.com\/index.php\/wp-json\/wp\/v2\/comments?post=12040"}],"version-history":[{"count":2,"href":"https:\/\/diariodigitalnea.com\/index.php\/wp-json\/wp\/v2\/posts\/12040\/revisions"}],"predecessor-version":[{"id":12047,"href":"https:\/\/diariodigitalnea.com\/index.php\/wp-json\/wp\/v2\/posts\/12040\/revisions\/12047"}],"wp:featuredmedia":[{"embeddable":true,"href":"https:\/\/diariodigitalnea.com\/index.php\/wp-json\/wp\/v2\/media\/12041"}],"wp:attachment":[{"href":"https:\/\/diariodigitalnea.com\/index.php\/wp-json\/wp\/v2\/media?parent=12040"}],"wp:term":[{"taxonomy":"category","embeddable":true,"href":"https:\/\/diariodigitalnea.com\/index.php\/wp-json\/wp\/v2\/categories?post=12040"},{"taxonomy":"post_tag","embeddable":true,"href":"https:\/\/diariodigitalnea.com\/index.php\/wp-json\/wp\/v2\/tags?post=12040"}],"curies":[{"name":"wp","href":"https:\/\/api.w.org\/{rel}","templated":true}]}}