{"id":11989,"date":"2023-12-05T00:08:24","date_gmt":"2023-12-05T00:08:24","guid":{"rendered":"https:\/\/diariodigitalnea.com\/?p=11989"},"modified":"2023-12-05T00:10:51","modified_gmt":"2023-12-05T00:10:51","slug":"pampita-deslumbro-en-los-martin-fierro-de-la-moda-con-un-elegante-vestido-azul","status":"publish","type":"post","link":"https:\/\/diariodigitalnea.com\/index.php\/2023\/12\/05\/pampita-deslumbro-en-los-martin-fierro-de-la-moda-con-un-elegante-vestido-azul\/","title":{"rendered":"Pampita deslumbr\u00f3 en los Mart\u00edn Fierro de la Moda con un elegante vestido azul"},"content":{"rendered":"\n<p>La modelo brill\u00f3 con un sofisticado vestido y se llev\u00f3 el premio de oro.<\/p>\n\n\n\n<p>Pampita es una de las celebridades m\u00e1s queridas de los medios de comunicaci\u00f3n, no solo logr\u00f3 hacer su destacada carrera en las pasarelas como modelo de grandes marcas, sino que se gan\u00f3 un lugar como conductora y tambi\u00e9n de jurado en el Bailando.<\/p>\n\n\n\n<p>Pampita es una de las celebridades m\u00e1s queridas de los medios de comunicaci\u00f3n, no solo logr\u00f3 hacer su destacada carrera en las pasarelas como modelo de grandes marcas, sino que se gan\u00f3 un lugar como conductora y tambi\u00e9n de jurado en el Bailando.<\/p>\n\n\n\n<h2 class=\"wp-block-heading\">Vestido de alto impacto<\/h2>\n\n\n\n<p>Este fin de semana se realiz\u00f3 los Mar\u00edn Fierro de la Moda en Buenos Aires y la modelo fue la ganadora del galardon de oro. Pampita llev\u00f3 un vestido con cola en azul marino dise\u00f1ado por Fabi\u00e1n Zitta.<\/p>\n\n\n\n<figure class=\"wp-block-image size-large\"><img fetchpriority=\"high\" decoding=\"async\" width=\"684\" height=\"1024\" src=\"http:\/\/diariodigitalnea.com\/wp-content\/uploads\/2023\/12\/pampita2-684x1024.jpg\" alt=\"\" class=\"wp-image-11991\" srcset=\"https:\/\/diariodigitalnea.com\/wp-content\/uploads\/2023\/12\/pampita2-684x1024.jpg 684w, https:\/\/diariodigitalnea.com\/wp-content\/uploads\/2023\/12\/pampita2-200x300.jpg 200w, https:\/\/diariodigitalnea.com\/wp-content\/uploads\/2023\/12\/pampita2-768x1149.jpg 768w, https:\/\/diariodigitalnea.com\/wp-content\/uploads\/2023\/12\/pampita2.jpg 1023w\" sizes=\"(max-width: 684px) 100vw, 684px\" \/><\/figure>\n\n\n\n<p>El modelo ten\u00eda un corset de sat\u00e9n en la parte de arriba y en la falda tajos en los costados. Desde la cintura sal\u00eda una sobrefalda en color azul brillante y con volumen en la cadera que terminaba en una cola.<\/p>\n\n\n\n<figure class=\"wp-block-image size-large\"><img decoding=\"async\" width=\"766\" height=\"1024\" src=\"http:\/\/diariodigitalnea.com\/wp-content\/uploads\/2023\/12\/pampita1-766x1024.jpg\" alt=\"\" class=\"wp-image-11990\" srcset=\"https:\/\/diariodigitalnea.com\/wp-content\/uploads\/2023\/12\/pampita1-766x1024.jpg 766w, https:\/\/diariodigitalnea.com\/wp-content\/uploads\/2023\/12\/pampita1-225x300.jpg 225w, https:\/\/diariodigitalnea.com\/wp-content\/uploads\/2023\/12\/pampita1-768x1026.jpg 768w, https:\/\/diariodigitalnea.com\/wp-content\/uploads\/2023\/12\/pampita1.jpg 1023w\" sizes=\"(max-width: 766px) 100vw, 766px\" \/><\/figure>\n\n\n\n<p>Complet\u00f3 el look con unas sandalias pulseras en el mismo color que el vestido y para el pelo us\u00f3 un recogido en un rodete tirante. Como make up eligi\u00f3 resaltar las pesta\u00f1as en negro.<\/p>\n\n\n\n<h2 class=\"wp-block-heading\">El discurso de Pampita<\/h2>\n\n\n\n<p>La modelo subi\u00f3 al escenario para recibir el premio y dio un conmovedor discurso de agradecimiento: \u201cConf\u00edo plenamente en todo lo que sucede nada es casualidad y esto me lo demuestra una vez m\u00e1s. Qu\u00e9 sorpresa m\u00e1s espectacular, gracias a todos los jurados que me conocen hace tantos a\u00f1os. Gracias por este regalo, es un mimo al alma\u201d.<\/p>\n\n\n\n<p>Luego, agreg\u00f3: \u201cSe lo voy a dedicar a mis hijos, creo que queda Beltr\u00e1n despierto por ah\u00ed, los dem\u00e1s ya est\u00e1n dormidos. Amo lo que hago, desde el primer segundo que empec\u00e9 a trabajar en esto. Lo disfrut\u00e9 tanto, y no me importaba absolutamente nada, ni las horas, ni subirse a un avi\u00f3n, estar sola, si me pagaban, nada. Hac\u00eda todo porque amo el mundo de la moda\u201d.<\/p>\n","protected":false},"excerpt":{"rendered":"<p>La modelo brill\u00f3 con un sofisticado vestido y se llev\u00f3 el premio de oro. Pampita es una de las celebridades m\u00e1s queridas de los medios de comunicaci\u00f3n, no solo logr\u00f3 hacer su destacada carrera en las pasarelas como modelo de grandes marcas, sino que se gan\u00f3 un lugar como conductora y tambi\u00e9n de jurado en [&hellip;]<\/p>\n","protected":false},"author":3,"featured_media":11992,"comment_status":"closed","ping_status":"closed","sticky":false,"template":"","format":"standard","meta":{"om_disable_all_campaigns":false,"_monsterinsights_skip_tracking":false,"_monsterinsights_sitenote_active":false,"_monsterinsights_sitenote_note":"","_monsterinsights_sitenote_category":0,"footnotes":""},"categories":[7],"tags":[3711,1684,3710],"class_list":["post-11989","post","type-post","status-publish","format-standard","has-post-thumbnail","hentry","category-espectaculos","tag-martin-fierro-de-la-moda","tag-pampita","tag-vestido"],"aioseo_notices":[],"amp_enabled":true,"_links":{"self":[{"href":"https:\/\/diariodigitalnea.com\/index.php\/wp-json\/wp\/v2\/posts\/11989","targetHints":{"allow":["GET"]}}],"collection":[{"href":"https:\/\/diariodigitalnea.com\/index.php\/wp-json\/wp\/v2\/posts"}],"about":[{"href":"https:\/\/diariodigitalnea.com\/index.php\/wp-json\/wp\/v2\/types\/post"}],"author":[{"embeddable":true,"href":"https:\/\/diariodigitalnea.com\/index.php\/wp-json\/wp\/v2\/users\/3"}],"replies":[{"embeddable":true,"href":"https:\/\/diariodigitalnea.com\/index.php\/wp-json\/wp\/v2\/comments?post=11989"}],"version-history":[{"count":1,"href":"https:\/\/diariodigitalnea.com\/index.php\/wp-json\/wp\/v2\/posts\/11989\/revisions"}],"predecessor-version":[{"id":11993,"href":"https:\/\/diariodigitalnea.com\/index.php\/wp-json\/wp\/v2\/posts\/11989\/revisions\/11993"}],"wp:featuredmedia":[{"embeddable":true,"href":"https:\/\/diariodigitalnea.com\/index.php\/wp-json\/wp\/v2\/media\/11992"}],"wp:attachment":[{"href":"https:\/\/diariodigitalnea.com\/index.php\/wp-json\/wp\/v2\/media?parent=11989"}],"wp:term":[{"taxonomy":"category","embeddable":true,"href":"https:\/\/diariodigitalnea.com\/index.php\/wp-json\/wp\/v2\/categories?post=11989"},{"taxonomy":"post_tag","embeddable":true,"href":"https:\/\/diariodigitalnea.com\/index.php\/wp-json\/wp\/v2\/tags?post=11989"}],"curies":[{"name":"wp","href":"https:\/\/api.w.org\/{rel}","templated":true}]}}