{"id":11979,"date":"2023-12-04T22:48:40","date_gmt":"2023-12-04T22:48:40","guid":{"rendered":"https:\/\/diariodigitalnea.com\/?p=11979"},"modified":"2023-12-04T22:48:42","modified_gmt":"2023-12-04T22:48:42","slug":"policias-con-tatuajes-tienen-seis-meses-para-borrarselos-o-disimularlos-recuerdan-orden-general-del-2017","status":"publish","type":"post","link":"https:\/\/diariodigitalnea.com\/index.php\/2023\/12\/04\/policias-con-tatuajes-tienen-seis-meses-para-borrarselos-o-disimularlos-recuerdan-orden-general-del-2017\/","title":{"rendered":"Polic\u00edas con tatuajes tienen seis meses para borr\u00e1rselos o disimularlos: recuerdan orden general del 2017"},"content":{"rendered":"\n<p>Este lunes las autoridades de la fuerza de seguridad impartieron directivas a todo el personal a partir de los nuevos ingresos. Qu\u00e9 pasar\u00e1 a partir del 10 de diciembre con la asunci\u00f3n del pr\u00f3ximo jefe de Polic\u00eda, Fernando Romero.<\/p>\n\n\n\n<p><\/p>\n\n\n\n<figure class=\"wp-block-image size-full\"><img fetchpriority=\"high\" decoding=\"async\" width=\"845\" height=\"605\" src=\"https:\/\/diariodigitalnea.com\/wp-content\/uploads\/2023\/12\/police1.jpg\" alt=\"\" class=\"wp-image-11982\" srcset=\"https:\/\/diariodigitalnea.com\/wp-content\/uploads\/2023\/12\/police1.jpg 845w, https:\/\/diariodigitalnea.com\/wp-content\/uploads\/2023\/12\/police1-300x215.jpg 300w, https:\/\/diariodigitalnea.com\/wp-content\/uploads\/2023\/12\/police1-768x550.jpg 768w\" sizes=\"(max-width: 845px) 100vw, 845px\" \/><\/figure>\n\n\n\n<p><br>La c\u00fapula de la Polic\u00eda del Chaco record\u00f3 este lunes la prohibici\u00f3n absoluta de tatuajes en todo personal policial bajo actividad, y les otorg\u00f3 un plazo de seis meses a los agentes que ya tengan dibujos o grabados, para borr\u00e1rselos y ser constatados ante una Comisi\u00f3n M\u00e9dica.<\/p>\n\n\n\n<p><\/p>\n\n\n\n<p>Ariel Acu\u00f1a, jefe de la fuerza, lanz\u00f3 la orden general en 2017. Seg\u00fan su directiva, se observaba en aquel entonces \u00abcon marcada notoriedad y frecuencia irregularidades en el aseo, pulcritud y presencia policial\u00bb a causa de los tatuajes y dibujos en los cuerpos de los agentes.<\/p>\n\n\n\n<figure class=\"wp-block-image size-full\"><img decoding=\"async\" width=\"641\" height=\"440\" src=\"https:\/\/diariodigitalnea.com\/wp-content\/uploads\/2023\/12\/policia6.jpg\" alt=\"\" class=\"wp-image-11981\" srcset=\"https:\/\/diariodigitalnea.com\/wp-content\/uploads\/2023\/12\/policia6.jpg 641w, https:\/\/diariodigitalnea.com\/wp-content\/uploads\/2023\/12\/policia6-300x206.jpg 300w\" sizes=\"(max-width: 641px) 100vw, 641px\" \/><\/figure>\n\n\n\n<p>Esto, se\u00f1al\u00f3, implica \u00abuna imagen deslegitimada de la Instituci\u00f3n frente a las expectativas de la sociedad, provocando una afrenta al decoro\u00bb.<\/p>\n\n\n\n<p><\/p>\n\n\n\n<p>Este lunes, desde la c\u00fapula volvieron a lanzar esta orden a modo de recordatorio y para continuar con las directivas. De esta manera, remarcaron que queda \u00ababsolutamente prohibido para todo personal policial en actividad, realizarse tatuajes permanentes o temporales que sean visibles con el uso del uniforme de verano, ubicados en manos, antebrazos, cuello, rostro, cabeza y miembros inferiores como as\u00ed grabados o dibujos que afecten el decoro o tengan car\u00e1cter obsceno o cualquier otro procedimiento invasivo sobre la piel, conocido como el \u2018arte sobre el cuerpo humano\u2019\u00bb.<\/p>\n\n\n\n<figure class=\"wp-block-image size-large\"><img decoding=\"async\" width=\"1024\" height=\"513\" src=\"http:\/\/diariodigitalnea.com\/wp-content\/uploads\/2023\/05\/ENCUENTRO-IG-Verde-copy-1024x513.jpg\" alt=\"PUBLICIDAD\" class=\"wp-image-8132\" srcset=\"https:\/\/diariodigitalnea.com\/wp-content\/uploads\/2023\/05\/ENCUENTRO-IG-Verde-copy-1024x513.jpg 1024w, https:\/\/diariodigitalnea.com\/wp-content\/uploads\/2023\/05\/ENCUENTRO-IG-Verde-copy-300x150.jpg 300w, https:\/\/diariodigitalnea.com\/wp-content\/uploads\/2023\/05\/ENCUENTRO-IG-Verde-copy-768x385.jpg 768w, https:\/\/diariodigitalnea.com\/wp-content\/uploads\/2023\/05\/ENCUENTRO-IG-Verde-copy-1536x769.jpg 1536w, https:\/\/diariodigitalnea.com\/wp-content\/uploads\/2023\/05\/ENCUENTRO-IG-Verde-copy-2048x1026.jpg 2048w\" sizes=\"(max-width: 1024px) 100vw, 1024px\" \/><figcaption>Publicidad: Encuentro Tienda de Bebidas, Chile 190 Local 4 \u2013 Tel: 3624386655 &#8211; Gral San Mart\u00edn<\/figcaption><\/figure>\n\n\n\n<p>As\u00ed las cosas, se\u00f1alaron en la orden que el personal policial que ya tenga tatuajes en los lugares mencionados, tendr\u00e1 un plazo de seis meses para el borrado de los mismos. Luego, deber\u00e1n comparecer ante una Comisi\u00f3n M\u00e9dica Policial para su supervisi\u00f3n. En caso que los tatuajes no sean borrados, \u00abdeber\u00e1n arbitrar las medidas tendientes a disimularlos mientras se encuentren utilizando el uniforme policial\u00bb.<\/p>\n\n\n\n<p><\/p>\n\n\n\n<p>El pr\u00f3ximo Jefe de Polic\u00eda a partir del 10 de diciembre, comisario general (R)Fernando Romero, se\u00f1al\u00f3 que esta directiva es s\u00f3lo un recordatorio porque hay nuevos agentes en la fuerza.<\/p>\n\n\n\n<p><\/p>\n\n\n\n<p>\u00abEl tatuaje en realidad no es que est\u00e1 prohibido, sino que se recomienda hacerlo en lugares no visibles. O bien, si lo tenes en lugar visible, us\u00e1 mangas largas\u00bb, dijo Romero.<\/p>\n\n\n\n<figure class=\"wp-block-image size-full\"><img loading=\"lazy\" decoding=\"async\" width=\"886\" height=\"597\" src=\"https:\/\/diariodigitalnea.com\/wp-content\/uploads\/2023\/12\/police2.jpg\" alt=\"\" class=\"wp-image-11980\" srcset=\"https:\/\/diariodigitalnea.com\/wp-content\/uploads\/2023\/12\/police2.jpg 886w, https:\/\/diariodigitalnea.com\/wp-content\/uploads\/2023\/12\/police2-300x202.jpg 300w, https:\/\/diariodigitalnea.com\/wp-content\/uploads\/2023\/12\/police2-768x517.jpg 768w\" sizes=\"(max-width: 886px) 100vw, 886px\" \/><\/figure>\n\n\n\n<p>Y agreg\u00f3: \u00abHay que tener sentido com\u00fan. Vos con un polic\u00eda que tenga un tatuaje en un lugar visible\u2026se lo tiene que suprimir a la letra fr\u00eda de esta directiva. Pero suprimir un tatuaje no es una cuesti\u00f3n f\u00e1cil, tiene que hacerlo un m\u00e9dico o profesional. Conlleva ciertos riesgos, licencias, una serie de cuestiones. Por eso yo siempre les sugiero a los muchachos que usen camisas mangas largas, les doy elasticidad. Si tenes un tatuaje en la frente o en el cuello\u2026no queda bien para un polic\u00eda\u00bb.<\/p>\n\n\n\n<p><\/p>\n\n\n\n<p>Sin embargo, Romero aclar\u00f3 que la prohibici\u00f3n de los tatuajes en realidad es una pol\u00edtica ense\u00f1ada desde el ingreso. \u00abCuando vos te inscrib\u00eds, uno de los requisitos es no tener tatuajes. O si tenes, tenes que ingresar con el tatuaje suprimido. Pero despu\u00e9s del egreso se empiezan a tatuar otra vez. Se trata de regular en lo posible, a veces no podes controlar todo. Se hacen en la pantorrilla, espalda\u2026no hay problema ah\u00ed. Pero si se hacen en el cuello, la mano, el antebrazo, y\u2026ya no es lo mismo. El polic\u00eda tiene que mostrar la mejor imagen\u00bb.<\/p>\n\n\n\n<figure class=\"wp-block-image size-large\"><img loading=\"lazy\" decoding=\"async\" width=\"1024\" height=\"607\" src=\"http:\/\/diariodigitalnea.com\/wp-content\/uploads\/2023\/11\/DDN-FOTO-PC-Y-CEL-1024x607.jpg\" alt=\"publicidad\" class=\"wp-image-11794\" srcset=\"https:\/\/diariodigitalnea.com\/wp-content\/uploads\/2023\/11\/DDN-FOTO-PC-Y-CEL-1024x607.jpg 1024w, https:\/\/diariodigitalnea.com\/wp-content\/uploads\/2023\/11\/DDN-FOTO-PC-Y-CEL-300x178.jpg 300w, https:\/\/diariodigitalnea.com\/wp-content\/uploads\/2023\/11\/DDN-FOTO-PC-Y-CEL-768x455.jpg 768w, https:\/\/diariodigitalnea.com\/wp-content\/uploads\/2023\/11\/DDN-FOTO-PC-Y-CEL-1536x910.jpg 1536w, https:\/\/diariodigitalnea.com\/wp-content\/uploads\/2023\/11\/DDN-FOTO-PC-Y-CEL.jpg 2000w\" sizes=\"(max-width: 1024px) 100vw, 1024px\" \/><figcaption>Diario Digital Nea. Noticias de la regi\u00f3n y el mundo <\/figcaption><\/figure>\n","protected":false},"excerpt":{"rendered":"<p>Este lunes las autoridades de la fuerza de seguridad impartieron directivas a todo el personal a partir de los nuevos ingresos. Qu\u00e9 pasar\u00e1 a partir del 10 de diciembre con la asunci\u00f3n del pr\u00f3ximo jefe de Polic\u00eda, Fernando Romero. La c\u00fapula de la Polic\u00eda del Chaco record\u00f3 este lunes la prohibici\u00f3n absoluta de tatuajes en [&hellip;]<\/p>\n","protected":false},"author":4,"featured_media":11983,"comment_status":"closed","ping_status":"closed","sticky":false,"template":"","format":"standard","meta":{"om_disable_all_campaigns":false,"_monsterinsights_skip_tracking":false,"_monsterinsights_sitenote_active":false,"_monsterinsights_sitenote_note":"","_monsterinsights_sitenote_category":0,"footnotes":""},"categories":[33,95],"tags":[2973,3707],"class_list":["post-11979","post","type-post","status-publish","format-standard","has-post-thumbnail","hentry","category-chaco","category-informacion-general","tag-policia-2","tag-tatuaje"],"aioseo_notices":[],"amp_enabled":true,"_links":{"self":[{"href":"https:\/\/diariodigitalnea.com\/index.php\/wp-json\/wp\/v2\/posts\/11979","targetHints":{"allow":["GET"]}}],"collection":[{"href":"https:\/\/diariodigitalnea.com\/index.php\/wp-json\/wp\/v2\/posts"}],"about":[{"href":"https:\/\/diariodigitalnea.com\/index.php\/wp-json\/wp\/v2\/types\/post"}],"author":[{"embeddable":true,"href":"https:\/\/diariodigitalnea.com\/index.php\/wp-json\/wp\/v2\/users\/4"}],"replies":[{"embeddable":true,"href":"https:\/\/diariodigitalnea.com\/index.php\/wp-json\/wp\/v2\/comments?post=11979"}],"version-history":[{"count":1,"href":"https:\/\/diariodigitalnea.com\/index.php\/wp-json\/wp\/v2\/posts\/11979\/revisions"}],"predecessor-version":[{"id":11984,"href":"https:\/\/diariodigitalnea.com\/index.php\/wp-json\/wp\/v2\/posts\/11979\/revisions\/11984"}],"wp:featuredmedia":[{"embeddable":true,"href":"https:\/\/diariodigitalnea.com\/index.php\/wp-json\/wp\/v2\/media\/11983"}],"wp:attachment":[{"href":"https:\/\/diariodigitalnea.com\/index.php\/wp-json\/wp\/v2\/media?parent=11979"}],"wp:term":[{"taxonomy":"category","embeddable":true,"href":"https:\/\/diariodigitalnea.com\/index.php\/wp-json\/wp\/v2\/categories?post=11979"},{"taxonomy":"post_tag","embeddable":true,"href":"https:\/\/diariodigitalnea.com\/index.php\/wp-json\/wp\/v2\/tags?post=11979"}],"curies":[{"name":"wp","href":"https:\/\/api.w.org\/{rel}","templated":true}]}}