{"id":11883,"date":"2023-11-30T01:04:18","date_gmt":"2023-11-30T01:04:18","guid":{"rendered":"https:\/\/diariodigitalnea.com\/?p=11883"},"modified":"2023-11-30T01:04:50","modified_gmt":"2023-11-30T01:04:50","slug":"caso-cecilia-strzyzowski-emerenciano-sena-insiste-en-obtener-la-prision-domiciliaria","status":"publish","type":"post","link":"https:\/\/diariodigitalnea.com\/index.php\/2023\/11\/30\/caso-cecilia-strzyzowski-emerenciano-sena-insiste-en-obtener-la-prision-domiciliaria\/","title":{"rendered":"Caso Cecilia Strzyzowski: Emerenciano Sena insiste en obtener la prisi\u00f3n domiciliaria"},"content":{"rendered":"\n<p>Emerenciano Sena, quien contin\u00faa detenido desde junio junto a su hijo y su esposa por el caso de Cecilia Strzyzowski, insisti\u00f3 en que le otorguen prisi\u00f3n domiciliaria. <\/p>\n\n\n\n<p>Esta vez, el dirigente social de Chaco pidi\u00f3 que le haga un \u00abestudio de salud completo\u00bb.<\/p>\n\n\n\n<p>\u00abDesarroll\u00f3 todo lo relacionado con su enfermedad solicitando que los facultativos se ocupen de hacer un estudio completo\u00bb, detall\u00f3 ante la prensa su abogado, Miguel Lukach.<\/p>\n\n\n\n<p>El ex precandidato a diputado provincial por la lista del Frente Chaque\u00f1o tambi\u00e9n denunci\u00f3 al equipo forense que lo atendi\u00f3 en un primer momento y asegur\u00f3 que \u00abno fue adecuadamente analizado\u00bb, hecho que se produjo luego de que solicit\u00f3 que se le realice un estudio completo por un presunto c\u00e1ncer de colon.<\/p>\n","protected":false},"excerpt":{"rendered":"<p>Emerenciano Sena, quien contin\u00faa detenido desde junio junto a su hijo y su esposa por el caso de Cecilia Strzyzowski, insisti\u00f3 en que le otorguen prisi\u00f3n domiciliaria. Esta vez, el dirigente social de Chaco pidi\u00f3 que le haga un \u00abestudio de salud completo\u00bb. \u00abDesarroll\u00f3 todo lo relacionado con su enfermedad solicitando que los facultativos se [&hellip;]<\/p>\n","protected":false},"author":3,"featured_media":9330,"comment_status":"closed","ping_status":"closed","sticky":false,"template":"","format":"standard","meta":{"om_disable_all_campaigns":false,"_monsterinsights_skip_tracking":false,"_monsterinsights_sitenote_active":false,"_monsterinsights_sitenote_note":"","_monsterinsights_sitenote_category":0,"footnotes":""},"categories":[33],"tags":[3032,3034,3685],"class_list":["post-11883","post","type-post","status-publish","format-standard","has-post-thumbnail","hentry","category-chaco","tag-caso-cecilia-strzyzowski","tag-emerenciano-sena","tag-prision-domiciliaria"],"aioseo_notices":[],"amp_enabled":true,"_links":{"self":[{"href":"https:\/\/diariodigitalnea.com\/index.php\/wp-json\/wp\/v2\/posts\/11883","targetHints":{"allow":["GET"]}}],"collection":[{"href":"https:\/\/diariodigitalnea.com\/index.php\/wp-json\/wp\/v2\/posts"}],"about":[{"href":"https:\/\/diariodigitalnea.com\/index.php\/wp-json\/wp\/v2\/types\/post"}],"author":[{"embeddable":true,"href":"https:\/\/diariodigitalnea.com\/index.php\/wp-json\/wp\/v2\/users\/3"}],"replies":[{"embeddable":true,"href":"https:\/\/diariodigitalnea.com\/index.php\/wp-json\/wp\/v2\/comments?post=11883"}],"version-history":[{"count":1,"href":"https:\/\/diariodigitalnea.com\/index.php\/wp-json\/wp\/v2\/posts\/11883\/revisions"}],"predecessor-version":[{"id":11884,"href":"https:\/\/diariodigitalnea.com\/index.php\/wp-json\/wp\/v2\/posts\/11883\/revisions\/11884"}],"wp:featuredmedia":[{"embeddable":true,"href":"https:\/\/diariodigitalnea.com\/index.php\/wp-json\/wp\/v2\/media\/9330"}],"wp:attachment":[{"href":"https:\/\/diariodigitalnea.com\/index.php\/wp-json\/wp\/v2\/media?parent=11883"}],"wp:term":[{"taxonomy":"category","embeddable":true,"href":"https:\/\/diariodigitalnea.com\/index.php\/wp-json\/wp\/v2\/categories?post=11883"},{"taxonomy":"post_tag","embeddable":true,"href":"https:\/\/diariodigitalnea.com\/index.php\/wp-json\/wp\/v2\/tags?post=11883"}],"curies":[{"name":"wp","href":"https:\/\/api.w.org\/{rel}","templated":true}]}}