{"id":11879,"date":"2023-11-30T01:00:03","date_gmt":"2023-11-30T01:00:03","guid":{"rendered":"https:\/\/diariodigitalnea.com\/?p=11879"},"modified":"2023-11-30T01:00:03","modified_gmt":"2023-11-30T01:00:03","slug":"mercado-pago-le-apunto-al-bcra-por-una-normativa-que-afecta-a-cuatro-millones-de-usuarios","status":"publish","type":"post","link":"https:\/\/diariodigitalnea.com\/index.php\/2023\/11\/30\/mercado-pago-le-apunto-al-bcra-por-una-normativa-que-afecta-a-cuatro-millones-de-usuarios\/","title":{"rendered":"Mercado Pago le apunt\u00f3 al BCRA por una normativa que afecta a cuatro millones de usuarios"},"content":{"rendered":"\n<p>Se reaviva el conflicto entre Mercado Pago y el Banco Central. En las \u00faltimas horas, la billetera virtual inform\u00f3 que, desde diciembre, ser\u00e1 imposible vincular una cuenta bancaria a la aplicaci\u00f3n. Esto a ra\u00edz de dos normativas publicadas por el organismo, a cargo de Miguel Angel Pesce, a mediados de a\u00f1o, lo que provoc\u00f3 una feroz lucha con la empresa fundada por Marcos Galper\u00edn.<\/p>\n\n\n\n<p>\u00abLas nuevas normativas \u201cA\u201d 7514 y \u201cA\u201d 7841 del BCRA afectar\u00e1n a m\u00e1s de 4 millones de personas que usan D\u00e9bito Inmediato para ingresar dinero a sus cuentas de Mercado Pago\u00bb, expres\u00f3 la compa\u00f1\u00eda en un comunicado. Adem\u00e1s, agreg\u00f3: \u00abEstamos esperando una respuesta del Banco Central para solucionar este problema\u00bb.<\/p>\n\n\n\n<p>Las primeras de las resoluciones, publicada en mayo del 2022, es la que dispone que todos los bancos y billeteras digitales deben permitir transferencias de fondos desde cuentas bancarias. Sin embargo, la segunda, de septiembre de este a\u00f1o, establece el uso del m\u00e9todo de transacci\u00f3n inmediata \u00abpull\u00bb en lugar del DEBIN (D\u00e9bito Autom\u00e1tico), con el objetivo, explicaron desde la entidad, de \u00abevitar fraudes\u00bb y para \u00aboptimizar las operaciones, mejorar la experiencia de los usuarios y dotar al sistema de mejores est\u00e1ndares de seguridad\u00bb.<\/p>\n\n\n\n<p>El m\u00e9todo que busca aplicar la normativa consiste en solicitudes o pedidos de fondos que permiten, a partir del d\u00e9bito de la cuenta del cliente receptor con previa autorizaci\u00f3n, la acreditaci\u00f3n inmediata en la cuenta del cliente solicitante.<\/p>\n\n\n\n<figure class=\"wp-block-image size-large\"><img fetchpriority=\"high\" decoding=\"async\" width=\"1024\" height=\"576\" src=\"http:\/\/diariodigitalnea.com\/wp-content\/uploads\/2023\/11\/mercado2-1024x576.jpg\" alt=\"\" class=\"wp-image-11880\" srcset=\"https:\/\/diariodigitalnea.com\/wp-content\/uploads\/2023\/11\/mercado2-1024x576.jpg 1024w, https:\/\/diariodigitalnea.com\/wp-content\/uploads\/2023\/11\/mercado2-300x169.jpg 300w, https:\/\/diariodigitalnea.com\/wp-content\/uploads\/2023\/11\/mercado2-768x432.jpg 768w, https:\/\/diariodigitalnea.com\/wp-content\/uploads\/2023\/11\/mercado2.jpg 1200w\" sizes=\"(max-width: 1024px) 100vw, 1024px\" \/><\/figure>\n\n\n\n<h2 class=\"wp-block-heading\">Mercado Libre vs. el Banco Central: un conflicto de nunca acabar<\/h2>\n\n\n\n<p>Seg\u00fan establece la resoluci\u00f3n, la medida entrar\u00e1 en vigor a partir del 1 de diciembre. Y en los poco m\u00e1s de dos meses transcurridos entre el momento de su comunicaci\u00f3n y la actualidad, ha sido un tema que ha provocado rispideces entre el BCRA y la empresa, una de las m\u00e1s importantes de la Argentina.<\/p>\n\n\n\n<p>De hecho, luego de que se anunciara, Marcos Galper\u00edn, fundador de Mercado Libre, a trav\u00e9s de un hilo de X (ex Twitter) escribi\u00f3:&nbsp; \u00ab9 de cada 10 personas no logra ingresar dinero a sus cuentas desde la billetera digital generando inconvenientes en la experiencia al obligar a los usuarios a atravesar m\u00faltiples pasos en sus homebanking -e incluso a acercarse a un cajero autom\u00e1tico- para poder operar\u00bb.<\/p>\n\n\n\n<p>Por su parte, la empresa difundi\u00f3 un comunicado donde argumentaron que \u00abel D\u00e9bito Inmediato es el medio de transferencia m\u00e1s seguro que existe\u00bb. \u00abTiene el \u00edndice de fraude m\u00e1s bajo del que se tiene registro en el pa\u00eds (0,02% del total de transacciones) y, adem\u00e1s, cuando ocurre es cubierto por Mercado Pago\u00bb, explicaron.<\/p>\n\n\n\n<p>Adem\u00e1s, se\u00f1alaron a las entidades de cr\u00e9dito como las responsables de este cambio. \u00abLos bancos han logrado que el BCRA reemplace esta herramienta por otra que tiene m\u00e1s fricciones para el usuario. La soluci\u00f3n que proponen todav\u00eda tiene fallas y no sirve como reemplazo\u00bb, se quejaron.<\/p>\n\n\n\n<p>Desde el Banco Central salieron al cruce y consideraron anular la medida pero solo si se daba una baja de comisiones de la plataforma.<\/p>\n\n\n\n<p>Todo esto provoc\u00f3 la intervenci\u00f3n de hasta el ministro de Econom\u00eda, Sergio Massa, qui\u00e9n pidi\u00f3 \u00abla derogaci\u00f3n de esa norma\u00bb, aunque acompa\u00f1\u00f3 el pedido del BCRA para \u00abque las billeteras virtuales bajen la comisi\u00f3n que cobran por retiro de dinero y a los comercios\u00bb.<\/p>\n\n\n\n<p>&nbsp;\u00abQueremos que los monederos digitales y la moneda digital sean parte fundamental de la econom\u00eda que viene\u00bb, agreg\u00f3 el por entonces candidato presidencial de Uni\u00f3n por la Patria, que luego perder\u00eda en el balotaje con Javier Milei.<\/p>\n","protected":false},"excerpt":{"rendered":"<p>Se reaviva el conflicto entre Mercado Pago y el Banco Central. En las \u00faltimas horas, la billetera virtual inform\u00f3 que, desde diciembre, ser\u00e1 imposible vincular una cuenta bancaria a la aplicaci\u00f3n. Esto a ra\u00edz de dos normativas publicadas por el organismo, a cargo de Miguel Angel Pesce, a mediados de a\u00f1o, lo que provoc\u00f3 una [&hellip;]<\/p>\n","protected":false},"author":3,"featured_media":11881,"comment_status":"closed","ping_status":"closed","sticky":false,"template":"","format":"standard","meta":{"om_disable_all_campaigns":false,"_monsterinsights_skip_tracking":false,"_monsterinsights_sitenote_active":false,"_monsterinsights_sitenote_note":"","_monsterinsights_sitenote_category":0,"footnotes":""},"categories":[5,90],"tags":[834,1441,89,3684],"class_list":["post-11879","post","type-post","status-publish","format-standard","has-post-thumbnail","hentry","category-economia","category-nacionales","tag-banco-central","tag-bcra","tag-economia","tag-mercado-pago"],"aioseo_notices":[],"amp_enabled":true,"_links":{"self":[{"href":"https:\/\/diariodigitalnea.com\/index.php\/wp-json\/wp\/v2\/posts\/11879","targetHints":{"allow":["GET"]}}],"collection":[{"href":"https:\/\/diariodigitalnea.com\/index.php\/wp-json\/wp\/v2\/posts"}],"about":[{"href":"https:\/\/diariodigitalnea.com\/index.php\/wp-json\/wp\/v2\/types\/post"}],"author":[{"embeddable":true,"href":"https:\/\/diariodigitalnea.com\/index.php\/wp-json\/wp\/v2\/users\/3"}],"replies":[{"embeddable":true,"href":"https:\/\/diariodigitalnea.com\/index.php\/wp-json\/wp\/v2\/comments?post=11879"}],"version-history":[{"count":1,"href":"https:\/\/diariodigitalnea.com\/index.php\/wp-json\/wp\/v2\/posts\/11879\/revisions"}],"predecessor-version":[{"id":11882,"href":"https:\/\/diariodigitalnea.com\/index.php\/wp-json\/wp\/v2\/posts\/11879\/revisions\/11882"}],"wp:featuredmedia":[{"embeddable":true,"href":"https:\/\/diariodigitalnea.com\/index.php\/wp-json\/wp\/v2\/media\/11881"}],"wp:attachment":[{"href":"https:\/\/diariodigitalnea.com\/index.php\/wp-json\/wp\/v2\/media?parent=11879"}],"wp:term":[{"taxonomy":"category","embeddable":true,"href":"https:\/\/diariodigitalnea.com\/index.php\/wp-json\/wp\/v2\/categories?post=11879"},{"taxonomy":"post_tag","embeddable":true,"href":"https:\/\/diariodigitalnea.com\/index.php\/wp-json\/wp\/v2\/tags?post=11879"}],"curies":[{"name":"wp","href":"https:\/\/api.w.org\/{rel}","templated":true}]}}