{"id":11710,"date":"2023-11-22T13:26:20","date_gmt":"2023-11-22T13:26:20","guid":{"rendered":"https:\/\/diariodigitalnea.com\/?p=11710"},"modified":"2023-11-22T13:26:20","modified_gmt":"2023-11-22T13:26:20","slug":"despues-del-triunfo-scaloni-puso-en-duda-su-continuidad-esta-seleccion-necesita-un-entrenador-que-tenga-todas-las-energias","status":"publish","type":"post","link":"https:\/\/diariodigitalnea.com\/index.php\/2023\/11\/22\/despues-del-triunfo-scaloni-puso-en-duda-su-continuidad-esta-seleccion-necesita-un-entrenador-que-tenga-todas-las-energias\/","title":{"rendered":"Despu\u00e9s del triunfo Scaloni puso en duda su continuidad: \u00abEsta selecci\u00f3n necesita un entrenador que tenga todas las energ\u00edas\u00bb"},"content":{"rendered":"\n<p>El hist\u00f3rico triunfo de Argentina en el Maracan\u00e1 termin\u00f3 sombreado por la incertidumbre del futuro del director t\u00e9cnico.<\/p>\n\n\n\n<p><\/p>\n\n\n\n<p>En un intenso partido, la Selecci\u00f3n Argentina logr\u00f3 una hist\u00f3rica victoria ante Brasil en el Maracan\u00e1, pero la euforia se vio eclipsada por las sorprendentes declaraciones de Lionel Scaloni en la conferencia de prensa posterior al encuentro. El entrenador de 45 a\u00f1os puso en duda su continuidad al frente del seleccionado argentino, dejando a todos los presentes en el ic\u00f3nico estadio de R\u00edo de Janeiro en un estado de total incredulidad.<\/p>\n\n\n\n<p><\/p>\n\n\n\n<p>\u00abEn cuanto al balance, ahora toca una cosa importante que quer\u00eda decir. Parar la pelota, ponerme a pensar porque tengo muchas cosas que pensar en este tiempo. Estos jugadores me han dado un mont\u00f3n, nos han dado un mont\u00f3n a todo el cuerpo t\u00e9cnico y necesito pensar mucho qu\u00e9 voy a hacer. No es un adi\u00f3s ni otra cosa, pero necesito pensar porque la vara est\u00e1 muy alta y est\u00e1 complicado seguir y seguir ganando. Y estos chicos lo ponen dif\u00edcil, toca pensar en este tiempo, se lo dir\u00e9 al presidente y a los jugadores despu\u00e9s, porque esta Selecci\u00f3n necesita un entrenador que tenga todas las energ\u00edas posibles y que est\u00e9 bien\u00bb.<\/p>\n\n\n\n<figure class=\"wp-block-image size-large\"><img fetchpriority=\"high\" decoding=\"async\" width=\"1024\" height=\"702\" src=\"https:\/\/diariodigitalnea.com\/wp-content\/uploads\/2023\/11\/arg3-1024x702.jpg\" alt=\"\" class=\"wp-image-11711\" srcset=\"https:\/\/diariodigitalnea.com\/wp-content\/uploads\/2023\/11\/arg3-1024x702.jpg 1024w, https:\/\/diariodigitalnea.com\/wp-content\/uploads\/2023\/11\/arg3-300x206.jpg 300w, https:\/\/diariodigitalnea.com\/wp-content\/uploads\/2023\/11\/arg3-768x527.jpg 768w, https:\/\/diariodigitalnea.com\/wp-content\/uploads\/2023\/11\/arg3.jpg 1377w\" sizes=\"(max-width: 1024px) 100vw, 1024px\" \/><\/figure>\n\n\n\n<p>La noticia cay\u00f3 como una bomba, generando sorpresa entre los periodistas presentes, quienes no tuvieron la oportunidad de realizar repreguntas, ya que fue la \u00faltima respuesta que dio Scaloni antes de retirarse de la rueda de prensa. \u00abEstoy comentando lo que est\u00e1 pasando\u00bb, alcanz\u00f3 a decir frente a la incredulidad de la audiencia.<\/p>\n\n\n\n<p><\/p>\n\n\n\n<p>Minutos antes de lanzar esta bomba informativa que repercuti\u00f3 en todo el mundo, Scaloni elogi\u00f3 el desempe\u00f1o del equipo argentino durante el partido, destacando con \u00aborgullo\u00bb la entrega de los jugadores. \u00abSiento un enorme orgullo de dirigir a estos chicos. Estoy orgulloso de tener un grupo as\u00ed porque la vara est\u00e1 muy alta. El otro d\u00eda perdimos y volvimos a competir, que es lo que queremos y les pedimos. Compitiendo de esta manera, ellos saben que son una Selecci\u00f3n dif\u00edcil que es un grupo que se apoya mutuamente. Es un orgullo poder dirigirlos\u00bb.<\/p>\n\n\n\n<figure class=\"wp-block-image size-large\"><img decoding=\"async\" width=\"1024\" height=\"650\" src=\"https:\/\/diariodigitalnea.com\/wp-content\/uploads\/2023\/11\/arg-1-1024x650.jpg\" alt=\"\" class=\"wp-image-11712\" srcset=\"https:\/\/diariodigitalnea.com\/wp-content\/uploads\/2023\/11\/arg-1-1024x650.jpg 1024w, https:\/\/diariodigitalnea.com\/wp-content\/uploads\/2023\/11\/arg-1-300x191.jpg 300w, https:\/\/diariodigitalnea.com\/wp-content\/uploads\/2023\/11\/arg-1-768x488.jpg 768w, https:\/\/diariodigitalnea.com\/wp-content\/uploads\/2023\/11\/arg-1.jpg 1400w\" sizes=\"(max-width: 1024px) 100vw, 1024px\" \/><\/figure>\n\n\n\n<p>Las declaraciones de Scaloni generaron incertidumbre sobre su futuro y dejaron abierta la pregunta de si tanto los jugadores de la selecci\u00f3n argentina como el presidente Claudio Tapia estaban al tanto de sus intenciones.<\/p>\n\n\n\n<p><\/p>\n\n\n\n<p>La conferencia tambi\u00e9n abord\u00f3 los incidentes previos al partido, con la polic\u00eda brasile\u00f1a reprimiendo a los argentinos. Scaloni lament\u00f3 la situaci\u00f3n y expres\u00f3 su deseo de que estos episodios no vuelvan a ocurrir en el futuro.<\/p>\n\n\n\n<figure class=\"wp-block-image size-large\"><img decoding=\"async\" width=\"1024\" height=\"513\" src=\"http:\/\/diariodigitalnea.com\/wp-content\/uploads\/2023\/05\/ENCUENTRO-IG-Verde-copy-1024x513.jpg\" alt=\"PUBLICIDAD\" class=\"wp-image-8132\" srcset=\"https:\/\/diariodigitalnea.com\/wp-content\/uploads\/2023\/05\/ENCUENTRO-IG-Verde-copy-1024x513.jpg 1024w, https:\/\/diariodigitalnea.com\/wp-content\/uploads\/2023\/05\/ENCUENTRO-IG-Verde-copy-300x150.jpg 300w, https:\/\/diariodigitalnea.com\/wp-content\/uploads\/2023\/05\/ENCUENTRO-IG-Verde-copy-768x385.jpg 768w, https:\/\/diariodigitalnea.com\/wp-content\/uploads\/2023\/05\/ENCUENTRO-IG-Verde-copy-1536x769.jpg 1536w, https:\/\/diariodigitalnea.com\/wp-content\/uploads\/2023\/05\/ENCUENTRO-IG-Verde-copy-2048x1026.jpg 2048w\" sizes=\"(max-width: 1024px) 100vw, 1024px\" \/><figcaption>Publicidad: Encuentro Tienda de Bebidas, Chile 190 Local 4 \u2013 Tel: 3624386655 &#8211; Gral San Mart\u00edn<\/figcaption><\/figure>\n\n\n\n<p>\u00abLA \u00daLTIMA FOTO\u00bb<\/p>\n\n\n\n<p>El periodista de TyC Sports Joaqu\u00edn Bruno, quien fue el cronista en campo de juego de la selecci\u00f3n brasile\u00f1a durante la transmisi\u00f3n del encuentro, cont\u00f3 el detr\u00e1s de escena de esa postal en la que posaron el propio Scaloni junto a Pablo Aimar, Walter Samuel, Roberto Ayala (colaboradores directos), Luis Mart\u00edn (preparador f\u00edsico), Mart\u00edn Tocalli (entrenador de arqueros) y Mat\u00edas Manna (analista de video).<\/p>\n\n\n\n<p><\/p>\n\n\n\n<p>\u00abYo estuve en un momento justo y puntual mientras Gast\u00f3n Edul estaba hablando con los protagonistas en el campo de juego, estaba hablando De Paul, y todo el cuerpo t\u00e9cnico sali\u00f3 del vestuario, y en el momento que desfilaban hacia el campo de juego, raro, extra\u00f1o, se fueron a sacar una foto. Y yo escuch\u00e9 a un miembro muy fuerte del cuerpo t\u00e9cnico decir \u2018Vamos a sacarnos la \u00faltima foto\u2019 y todos se formaron para sacarse esa foto\u00bb.<\/p>\n\n\n\n<figure class=\"wp-block-image size-large\"><img loading=\"lazy\" decoding=\"async\" width=\"1024\" height=\"446\" src=\"http:\/\/diariodigitalnea.com\/wp-content\/uploads\/2023\/05\/CONSTRUCAL-CON-FABRICA-2-1024x446.jpg\" alt=\"publicidad Construcal 2\" class=\"wp-image-8211\" srcset=\"https:\/\/diariodigitalnea.com\/wp-content\/uploads\/2023\/05\/CONSTRUCAL-CON-FABRICA-2-1024x446.jpg 1024w, https:\/\/diariodigitalnea.com\/wp-content\/uploads\/2023\/05\/CONSTRUCAL-CON-FABRICA-2-300x131.jpg 300w, https:\/\/diariodigitalnea.com\/wp-content\/uploads\/2023\/05\/CONSTRUCAL-CON-FABRICA-2-768x334.jpg 768w, https:\/\/diariodigitalnea.com\/wp-content\/uploads\/2023\/05\/CONSTRUCAL-CON-FABRICA-2-1536x669.jpg 1536w, https:\/\/diariodigitalnea.com\/wp-content\/uploads\/2023\/05\/CONSTRUCAL-CON-FABRICA-2-2048x892.jpg 2048w\" sizes=\"(max-width: 1024px) 100vw, 1024px\" \/><figcaption>Publicidad: ConstruCal Cales hidratas y vivas para uso vial y construcci\u00f3n TEL: 3624602737\n<\/figcaption><\/figure>\n","protected":false},"excerpt":{"rendered":"<p>El hist\u00f3rico triunfo de Argentina en el Maracan\u00e1 termin\u00f3 sombreado por la incertidumbre del futuro del director t\u00e9cnico. En un intenso partido, la Selecci\u00f3n Argentina logr\u00f3 una hist\u00f3rica victoria ante Brasil en el Maracan\u00e1, pero la euforia se vio eclipsada por las sorprendentes declaraciones de Lionel Scaloni en la conferencia de prensa posterior al encuentro. [&hellip;]<\/p>\n","protected":false},"author":4,"featured_media":11713,"comment_status":"closed","ping_status":"closed","sticky":false,"template":"","format":"standard","meta":{"om_disable_all_campaigns":false,"_monsterinsights_skip_tracking":false,"_monsterinsights_sitenote_active":false,"_monsterinsights_sitenote_note":"","_monsterinsights_sitenote_category":0,"footnotes":""},"categories":[6,90],"tags":[99,2932],"class_list":["post-11710","post","type-post","status-publish","format-standard","has-post-thumbnail","hentry","category-deporte","category-nacionales","tag-argentina","tag-scaloni"],"aioseo_notices":[],"amp_enabled":true,"_links":{"self":[{"href":"https:\/\/diariodigitalnea.com\/index.php\/wp-json\/wp\/v2\/posts\/11710","targetHints":{"allow":["GET"]}}],"collection":[{"href":"https:\/\/diariodigitalnea.com\/index.php\/wp-json\/wp\/v2\/posts"}],"about":[{"href":"https:\/\/diariodigitalnea.com\/index.php\/wp-json\/wp\/v2\/types\/post"}],"author":[{"embeddable":true,"href":"https:\/\/diariodigitalnea.com\/index.php\/wp-json\/wp\/v2\/users\/4"}],"replies":[{"embeddable":true,"href":"https:\/\/diariodigitalnea.com\/index.php\/wp-json\/wp\/v2\/comments?post=11710"}],"version-history":[{"count":1,"href":"https:\/\/diariodigitalnea.com\/index.php\/wp-json\/wp\/v2\/posts\/11710\/revisions"}],"predecessor-version":[{"id":11714,"href":"https:\/\/diariodigitalnea.com\/index.php\/wp-json\/wp\/v2\/posts\/11710\/revisions\/11714"}],"wp:featuredmedia":[{"embeddable":true,"href":"https:\/\/diariodigitalnea.com\/index.php\/wp-json\/wp\/v2\/media\/11713"}],"wp:attachment":[{"href":"https:\/\/diariodigitalnea.com\/index.php\/wp-json\/wp\/v2\/media?parent=11710"}],"wp:term":[{"taxonomy":"category","embeddable":true,"href":"https:\/\/diariodigitalnea.com\/index.php\/wp-json\/wp\/v2\/categories?post=11710"},{"taxonomy":"post_tag","embeddable":true,"href":"https:\/\/diariodigitalnea.com\/index.php\/wp-json\/wp\/v2\/tags?post=11710"}],"curies":[{"name":"wp","href":"https:\/\/api.w.org\/{rel}","templated":true}]}}