{"id":1169,"date":"2022-09-12T13:49:08","date_gmt":"2022-09-12T13:49:08","guid":{"rendered":"https:\/\/diariodigitalnea.com\/?p=1169"},"modified":"2022-09-12T13:49:08","modified_gmt":"2022-09-12T13:49:08","slug":"el-coro-chelaalapi-llega-a-buenos-aires-para-ser-parte-de-un-conservatorio","status":"publish","type":"post","link":"https:\/\/diariodigitalnea.com\/index.php\/2022\/09\/12\/el-coro-chelaalapi-llega-a-buenos-aires-para-ser-parte-de-un-conservatorio\/","title":{"rendered":"El Coro Chelaalap\u00ed llega a Buenos Aires para ser parte de un conservatorio"},"content":{"rendered":"\n<p>Desde hoy y hasta el viernes 16, el Coro Qom Chelaalap\u00ed visitar\u00e1 el Conservatorio Superior de M\u00fasica Manuel de Falla (Gallo 238) de Ciudad de Buenos Aires con actividades gratuitas para diversas edades y auditorios.<\/p>\n\n\n\n<p> La iniciativa apunta a estudiantes y docentes de las carreras de Etnomusicolog\u00eda, Composici\u00f3n, Direcci\u00f3n Coral, Producci\u00f3n Musical Did\u00e1ctica, Departamento de Ni\u00f1os y Ni\u00f1as, y a la comunidad educativa en general.<\/p>\n\n\n\n<figure class=\"wp-block-image size-full\"><img fetchpriority=\"high\" decoding=\"async\" width=\"765\" height=\"511\" src=\"http:\/\/diariodigitalnea.com\/wp-content\/uploads\/2022\/09\/coro2.jpg\" alt=\"\" class=\"wp-image-1171\" srcset=\"https:\/\/diariodigitalnea.com\/wp-content\/uploads\/2022\/09\/coro2.jpg 765w, https:\/\/diariodigitalnea.com\/wp-content\/uploads\/2022\/09\/coro2-300x200.jpg 300w\" sizes=\"(max-width: 765px) 100vw, 765px\" \/><\/figure>\n\n\n\n<p>Entre sus objetivos est\u00e1n los de promover actividades relacionadas con el biling\u00fcismo, leyendas y cancioneros; con la luther\u00eda y los significados de las artesan\u00edas; con el canto cham\u00e1nico y los cantos sanadores; y con la m\u00fasica de fusi\u00f3n.<\/p>\n","protected":false},"excerpt":{"rendered":"<p>Desde hoy y hasta el viernes 16, el Coro Qom Chelaalap\u00ed visitar\u00e1 el Conservatorio Superior de M\u00fasica Manuel de Falla (Gallo 238) de Ciudad de Buenos Aires con actividades gratuitas para diversas edades y auditorios. La iniciativa apunta a estudiantes y docentes de las carreras de Etnomusicolog\u00eda, Composici\u00f3n, Direcci\u00f3n Coral, Producci\u00f3n Musical Did\u00e1ctica, Departamento de [&hellip;]<\/p>\n","protected":false},"author":3,"featured_media":1170,"comment_status":"closed","ping_status":"closed","sticky":false,"template":"","format":"standard","meta":{"om_disable_all_campaigns":false,"_monsterinsights_skip_tracking":false,"_monsterinsights_sitenote_active":false,"_monsterinsights_sitenote_note":"","_monsterinsights_sitenote_category":0,"footnotes":""},"categories":[53],"tags":[264,263,163],"class_list":["post-1169","post","type-post","status-publish","format-standard","has-post-thumbnail","hentry","category-cultura","tag-buenos-aires","tag-coro-qom-chelaalapi","tag-cultural"],"aioseo_notices":[],"amp_enabled":true,"_links":{"self":[{"href":"https:\/\/diariodigitalnea.com\/index.php\/wp-json\/wp\/v2\/posts\/1169","targetHints":{"allow":["GET"]}}],"collection":[{"href":"https:\/\/diariodigitalnea.com\/index.php\/wp-json\/wp\/v2\/posts"}],"about":[{"href":"https:\/\/diariodigitalnea.com\/index.php\/wp-json\/wp\/v2\/types\/post"}],"author":[{"embeddable":true,"href":"https:\/\/diariodigitalnea.com\/index.php\/wp-json\/wp\/v2\/users\/3"}],"replies":[{"embeddable":true,"href":"https:\/\/diariodigitalnea.com\/index.php\/wp-json\/wp\/v2\/comments?post=1169"}],"version-history":[{"count":1,"href":"https:\/\/diariodigitalnea.com\/index.php\/wp-json\/wp\/v2\/posts\/1169\/revisions"}],"predecessor-version":[{"id":1172,"href":"https:\/\/diariodigitalnea.com\/index.php\/wp-json\/wp\/v2\/posts\/1169\/revisions\/1172"}],"wp:featuredmedia":[{"embeddable":true,"href":"https:\/\/diariodigitalnea.com\/index.php\/wp-json\/wp\/v2\/media\/1170"}],"wp:attachment":[{"href":"https:\/\/diariodigitalnea.com\/index.php\/wp-json\/wp\/v2\/media?parent=1169"}],"wp:term":[{"taxonomy":"category","embeddable":true,"href":"https:\/\/diariodigitalnea.com\/index.php\/wp-json\/wp\/v2\/categories?post=1169"},{"taxonomy":"post_tag","embeddable":true,"href":"https:\/\/diariodigitalnea.com\/index.php\/wp-json\/wp\/v2\/tags?post=1169"}],"curies":[{"name":"wp","href":"https:\/\/api.w.org\/{rel}","templated":true}]}}