{"id":11670,"date":"2023-11-20T02:33:14","date_gmt":"2023-11-20T02:33:14","guid":{"rendered":"https:\/\/diariodigitalnea.com\/?p=11670"},"modified":"2023-11-20T02:37:46","modified_gmt":"2023-11-20T02:37:46","slug":"los-mejores-looks-de-los-famosos-en-el-balotaje","status":"publish","type":"post","link":"https:\/\/diariodigitalnea.com\/index.php\/2023\/11\/20\/los-mejores-looks-de-los-famosos-en-el-balotaje\/","title":{"rendered":"Los mejores looks que eligieron los famosos para la jornada del domingo electoral"},"content":{"rendered":"\n<p>Las figuras del espect\u00e1culo del pa\u00eds se acercaron a votar y compartieron el momento en sus redes sociales.<\/p>\n\n\n\n<p><br>Durante la jornada electoral del domingo por el balotaje 2023, distintas figuras p\u00fablicas del espect\u00e1culo, periodistas y pol\u00edticos asistieron a cumplir con su derecho en el establecimiento que les toc\u00f3.<\/p>\n\n\n\n<p><br>Muchos decidieron publicar el momento en las rede sociales para mostrar su look o c\u00f3mo viven el momento. Entre las figuras que publicaron el outfit del domingo y resaltaron la importancia de ejercer el voto, se pueden ver distintos conjuntos ya sea elegantes o m\u00e1s informal para ir a votar en estas elecciones para presidente.<\/p>\n\n\n\n<figure class=\"wp-block-image size-large\"><img fetchpriority=\"high\" decoding=\"async\" width=\"1024\" height=\"513\" src=\"http:\/\/diariodigitalnea.com\/wp-content\/uploads\/2023\/05\/ENCUENTRO-IG-Verde-copy-1024x513.jpg\" alt=\"PUBLICIDAD\" class=\"wp-image-8132\" srcset=\"https:\/\/diariodigitalnea.com\/wp-content\/uploads\/2023\/05\/ENCUENTRO-IG-Verde-copy-1024x513.jpg 1024w, https:\/\/diariodigitalnea.com\/wp-content\/uploads\/2023\/05\/ENCUENTRO-IG-Verde-copy-300x150.jpg 300w, https:\/\/diariodigitalnea.com\/wp-content\/uploads\/2023\/05\/ENCUENTRO-IG-Verde-copy-768x385.jpg 768w, https:\/\/diariodigitalnea.com\/wp-content\/uploads\/2023\/05\/ENCUENTRO-IG-Verde-copy-1536x769.jpg 1536w, https:\/\/diariodigitalnea.com\/wp-content\/uploads\/2023\/05\/ENCUENTRO-IG-Verde-copy-2048x1026.jpg 2048w\" sizes=\"(max-width: 1024px) 100vw, 1024px\" \/><figcaption>Publicidad: Encuentro Tienda de Bebidas, Chile 190 Local 4 \u2013 Tel: 3624386655 &#8211; Gral San Mart\u00edn<\/figcaption><\/figure>\n\n\n\n<p><strong>LOS LOOKS QUE ELIGIERON LOS FAMOSOS PARA IR A VOTAR<br><\/strong>Una de las famosas que siempre se destaca por su look es Flor de la V, ya que la conductora tiene un estilo propio y buen gusto por la moda. Esta vez eligi\u00f3 un conjunto en color beige de una musculosa y un pantal\u00f3n de vestir en el mismo tono, al igual que las sandalias. Por \u00faltimo, agreg\u00f3 una cartera marr\u00f3n a juego con unos lentes de sol.<\/p>\n\n\n\n<p><br>Por otro lado, Sol P\u00e9rez tambi\u00e9n eligi\u00f3 votar en horas de la ma\u00f1ana con un look m\u00e1s de verano. Sol llev\u00f3 un short de jean azul, una remera blanca estilo top y una camisa desabotonada arriba. Para los pies luci\u00f3 unas zapatillas en color beige.<\/p>\n\n\n\n<figure class=\"wp-block-gallery has-nested-images columns-default is-cropped wp-block-gallery-1 is-layout-flex wp-block-gallery-is-layout-flex\">\n<figure class=\"wp-block-image size-large\"><img decoding=\"async\" width=\"354\" height=\"473\" data-id=\"11672\" src=\"https:\/\/diariodigitalnea.com\/wp-content\/uploads\/2023\/11\/balo2-1.jpg\" alt=\"\" class=\"wp-image-11672\" srcset=\"https:\/\/diariodigitalnea.com\/wp-content\/uploads\/2023\/11\/balo2-1.jpg 354w, https:\/\/diariodigitalnea.com\/wp-content\/uploads\/2023\/11\/balo2-1-225x300.jpg 225w\" sizes=\"(max-width: 354px) 100vw, 354px\" \/><\/figure>\n\n\n\n<figure class=\"wp-block-image size-large\"><img decoding=\"async\" width=\"360\" height=\"596\" data-id=\"11673\" src=\"https:\/\/diariodigitalnea.com\/wp-content\/uploads\/2023\/11\/balo3.jpg\" alt=\"\" class=\"wp-image-11673\" srcset=\"https:\/\/diariodigitalnea.com\/wp-content\/uploads\/2023\/11\/balo3.jpg 360w, https:\/\/diariodigitalnea.com\/wp-content\/uploads\/2023\/11\/balo3-181x300.jpg 181w\" sizes=\"(max-width: 360px) 100vw, 360px\" \/><\/figure>\n\n\n\n<figure class=\"wp-block-image size-large\"><img loading=\"lazy\" decoding=\"async\" width=\"568\" height=\"637\" data-id=\"11674\" src=\"https:\/\/diariodigitalnea.com\/wp-content\/uploads\/2023\/11\/balo4.jpg\" alt=\"\" class=\"wp-image-11674\" srcset=\"https:\/\/diariodigitalnea.com\/wp-content\/uploads\/2023\/11\/balo4.jpg 568w, https:\/\/diariodigitalnea.com\/wp-content\/uploads\/2023\/11\/balo4-268x300.jpg 268w\" sizes=\"(max-width: 568px) 100vw, 568px\" \/><\/figure>\n<\/figure>\n\n\n\n<p><br>Otra de las famosas que siempre luce elegante es Mar\u00eda Bel\u00e9n Ludue\u00f1a, en esta ocasi\u00f3n llev\u00f3 un vestido largo de verano en color negro sin mangas, con unas zapatillas blancas y negras para hacer un look m\u00e1s canchero y una cartera en tono oscuro.<\/p>\n\n\n\n<p><br>Tambi\u00e9n Mica Viciconte mostr\u00f3 el momento en que emite su voto acompa\u00f1ada de su hijo Luca. La famosa llev\u00f3 un vestido largo multicolor con una campera de jean oscuro arriba.<\/p>\n\n\n\n<p><br>Pampita fue acompa\u00f1ada de su hija Ana Garc\u00eda Morit\u00e1n. La modelo llev\u00f3 un pantal\u00f3n oversize de color marr\u00f3n y una camisa blanca. En cambio, Anita luci\u00f3 un vestido floreado en color amarillo y unas sandalias multicolor.<\/p>\n\n\n\n<figure class=\"wp-block-gallery has-nested-images columns-default is-cropped wp-block-gallery-2 is-layout-flex wp-block-gallery-is-layout-flex\">\n<figure class=\"wp-block-image size-large\"><img loading=\"lazy\" decoding=\"async\" width=\"363\" height=\"584\" data-id=\"11675\" src=\"https:\/\/diariodigitalnea.com\/wp-content\/uploads\/2023\/11\/balo5.jpg\" alt=\"\" class=\"wp-image-11675\" srcset=\"https:\/\/diariodigitalnea.com\/wp-content\/uploads\/2023\/11\/balo5.jpg 363w, https:\/\/diariodigitalnea.com\/wp-content\/uploads\/2023\/11\/balo5-186x300.jpg 186w\" sizes=\"(max-width: 363px) 100vw, 363px\" \/><\/figure>\n\n\n\n<figure class=\"wp-block-image size-large\"><img loading=\"lazy\" decoding=\"async\" width=\"508\" height=\"624\" data-id=\"11676\" src=\"https:\/\/diariodigitalnea.com\/wp-content\/uploads\/2023\/11\/balo7.jpg\" alt=\"\" class=\"wp-image-11676\" srcset=\"https:\/\/diariodigitalnea.com\/wp-content\/uploads\/2023\/11\/balo7.jpg 508w, https:\/\/diariodigitalnea.com\/wp-content\/uploads\/2023\/11\/balo7-244x300.jpg 244w\" sizes=\"(max-width: 508px) 100vw, 508px\" \/><\/figure>\n\n\n\n<figure class=\"wp-block-image size-large\"><img loading=\"lazy\" decoding=\"async\" width=\"604\" height=\"608\" data-id=\"11677\" src=\"https:\/\/diariodigitalnea.com\/wp-content\/uploads\/2023\/11\/balo8.jpg\" alt=\"\" class=\"wp-image-11677\" srcset=\"https:\/\/diariodigitalnea.com\/wp-content\/uploads\/2023\/11\/balo8.jpg 604w, https:\/\/diariodigitalnea.com\/wp-content\/uploads\/2023\/11\/balo8-298x300.jpg 298w, https:\/\/diariodigitalnea.com\/wp-content\/uploads\/2023\/11\/balo8-150x150.jpg 150w, https:\/\/diariodigitalnea.com\/wp-content\/uploads\/2023\/11\/balo8-200x200.jpg 200w\" sizes=\"(max-width: 604px) 100vw, 604px\" \/><\/figure>\n\n\n\n<figure class=\"wp-block-image size-large\"><img loading=\"lazy\" decoding=\"async\" width=\"527\" height=\"611\" data-id=\"11678\" src=\"https:\/\/diariodigitalnea.com\/wp-content\/uploads\/2023\/11\/balo9.jpg\" alt=\"\" class=\"wp-image-11678\" srcset=\"https:\/\/diariodigitalnea.com\/wp-content\/uploads\/2023\/11\/balo9.jpg 527w, https:\/\/diariodigitalnea.com\/wp-content\/uploads\/2023\/11\/balo9-259x300.jpg 259w\" sizes=\"(max-width: 527px) 100vw, 527px\" \/><\/figure>\n<\/figure>\n\n\n\n<p><br>Por otro lado, Cristina P\u00e9rez eligi\u00f3 un look elegante y canchero a la vez. La periodista opt\u00f3 por un pantal\u00f3n sastrero en color gris y una musculosa negra acompa\u00f1ado de una mini cartera en color negro.<\/p>\n\n\n\n<p><br>Barby Franco fue a votar acompa\u00f1ada de su hija Sarah, y eligi\u00f3 un look m\u00e1s de verano con un short de vestir en color marr\u00f3n y una camisa blanca con detalles en encaje.<\/p>\n\n\n\n<figure class=\"wp-block-image size-large\"><img loading=\"lazy\" decoding=\"async\" width=\"1024\" height=\"446\" src=\"http:\/\/diariodigitalnea.com\/wp-content\/uploads\/2023\/05\/CONSTRUCAL-CON-FABRICA-2-1024x446.jpg\" alt=\"publicidad Construcal 2\" class=\"wp-image-8211\" srcset=\"https:\/\/diariodigitalnea.com\/wp-content\/uploads\/2023\/05\/CONSTRUCAL-CON-FABRICA-2-1024x446.jpg 1024w, https:\/\/diariodigitalnea.com\/wp-content\/uploads\/2023\/05\/CONSTRUCAL-CON-FABRICA-2-300x131.jpg 300w, https:\/\/diariodigitalnea.com\/wp-content\/uploads\/2023\/05\/CONSTRUCAL-CON-FABRICA-2-768x334.jpg 768w, https:\/\/diariodigitalnea.com\/wp-content\/uploads\/2023\/05\/CONSTRUCAL-CON-FABRICA-2-1536x669.jpg 1536w, https:\/\/diariodigitalnea.com\/wp-content\/uploads\/2023\/05\/CONSTRUCAL-CON-FABRICA-2-2048x892.jpg 2048w\" sizes=\"(max-width: 1024px) 100vw, 1024px\" \/><figcaption>Publicidad: ConstruCal Cales hidratas y vivas para uso vial y construcci\u00f3n TEL: 3624602737\n<\/figcaption><\/figure>\n","protected":false},"excerpt":{"rendered":"<p>Las figuras del espect\u00e1culo del pa\u00eds se acercaron a votar y compartieron el momento en sus redes sociales. Durante la jornada electoral del domingo por el balotaje 2023, distintas figuras p\u00fablicas del espect\u00e1culo, periodistas y pol\u00edticos asistieron a cumplir con su derecho en el establecimiento que les toc\u00f3. Muchos decidieron publicar el momento en las [&hellip;]<\/p>\n","protected":false},"author":4,"featured_media":11680,"comment_status":"closed","ping_status":"closed","sticky":false,"template":"","format":"standard","meta":{"om_disable_all_campaigns":false,"_monsterinsights_skip_tracking":false,"_monsterinsights_sitenote_active":false,"_monsterinsights_sitenote_note":"","_monsterinsights_sitenote_category":0,"footnotes":""},"categories":[7],"tags":[3657,1072,1684],"class_list":["post-11670","post","type-post","status-publish","format-standard","has-post-thumbnail","hentry","category-espectaculos","tag-ballotage","tag-elecciones","tag-pampita"],"aioseo_notices":[],"amp_enabled":true,"_links":{"self":[{"href":"https:\/\/diariodigitalnea.com\/index.php\/wp-json\/wp\/v2\/posts\/11670","targetHints":{"allow":["GET"]}}],"collection":[{"href":"https:\/\/diariodigitalnea.com\/index.php\/wp-json\/wp\/v2\/posts"}],"about":[{"href":"https:\/\/diariodigitalnea.com\/index.php\/wp-json\/wp\/v2\/types\/post"}],"author":[{"embeddable":true,"href":"https:\/\/diariodigitalnea.com\/index.php\/wp-json\/wp\/v2\/users\/4"}],"replies":[{"embeddable":true,"href":"https:\/\/diariodigitalnea.com\/index.php\/wp-json\/wp\/v2\/comments?post=11670"}],"version-history":[{"count":2,"href":"https:\/\/diariodigitalnea.com\/index.php\/wp-json\/wp\/v2\/posts\/11670\/revisions"}],"predecessor-version":[{"id":11682,"href":"https:\/\/diariodigitalnea.com\/index.php\/wp-json\/wp\/v2\/posts\/11670\/revisions\/11682"}],"wp:featuredmedia":[{"embeddable":true,"href":"https:\/\/diariodigitalnea.com\/index.php\/wp-json\/wp\/v2\/media\/11680"}],"wp:attachment":[{"href":"https:\/\/diariodigitalnea.com\/index.php\/wp-json\/wp\/v2\/media?parent=11670"}],"wp:term":[{"taxonomy":"category","embeddable":true,"href":"https:\/\/diariodigitalnea.com\/index.php\/wp-json\/wp\/v2\/categories?post=11670"},{"taxonomy":"post_tag","embeddable":true,"href":"https:\/\/diariodigitalnea.com\/index.php\/wp-json\/wp\/v2\/tags?post=11670"}],"curies":[{"name":"wp","href":"https:\/\/api.w.org\/{rel}","templated":true}]}}