{"id":11661,"date":"2023-11-19T01:14:47","date_gmt":"2023-11-19T01:14:47","guid":{"rendered":"https:\/\/diariodigitalnea.com\/?p=11661"},"modified":"2023-11-19T01:14:48","modified_gmt":"2023-11-19T01:14:48","slug":"detienen-a-un-chaqueno-por-amenazar-en-instagram-a-sergio-massa-y-su-familia","status":"publish","type":"post","link":"https:\/\/diariodigitalnea.com\/index.php\/2023\/11\/19\/detienen-a-un-chaqueno-por-amenazar-en-instagram-a-sergio-massa-y-su-familia\/","title":{"rendered":"Detienen a un chaque\u00f1o por amenazar en instagram a Sergio Massa y su familia"},"content":{"rendered":"\n<p>Se trata de un joven de 26 a\u00f1os, de Barranqueras, quien fue demorada por la Polic\u00eda Federal. Su abogado denuncia que no le dejaron verlo.<\/p>\n\n\n\n<p><br>Horas antes del balotaje en el que se elegir\u00e1 al nuevo presidente de la Argentina, el candidato de Uni\u00f3n por la Patria, Sergio Massa, fue amenazado al igual que su familia en las redes sociales.<\/p>\n\n\n\n<p><br>Ante ello, la Polic\u00eda detuvo a cinco de los presuntos responsables de los mensajes intimidatorios.<\/p>\n\n\n\n<p><\/p>\n\n\n\n<p>Las amenazas a Massa y su familia ocurrieron en las \u00faltimas horas y, tras varios allanamientos en C\u00f3rdoba, Chaco, Salta y la Ciudad de Buenos Aires, detuvieron a cinco personas.<\/p>\n\n\n\n<p><\/p>\n\n\n\n<p>Las aprehensiones se ordenaron tras una investigaci\u00f3n que la Polic\u00eda Federal, a trav\u00e9s del \u00c1rea de Cibercrimen y el Departamento Unidad de Investigaci\u00f3n Antiterrorista, llev\u00f3 a cabo en las redes sociales de Instagram y TikTok, por las amenazas recibidas por la familia Massa.<\/p>\n\n\n\n<p><\/p>\n\n\n\n<p>Tras realizar varios allanamientos, se lograron establecer los domicilios de los imputados, seg\u00fan indicaron fuentes de esa fuerza.<\/p>\n\n\n\n<p><\/p>\n\n\n\n<p>En los operativos colaboraron las dependencias de la PFA de C\u00f3rdoba y Chaco (DUOF): durante su realizaci\u00f3n se secuestraron, en los domicilios allanados, todos los dispositivos que se habr\u00edan utilizado en la maniobra, como tel\u00e9fonos y computadoras.<\/p>\n\n\n\n<figure class=\"wp-block-image size-large\"><img fetchpriority=\"high\" decoding=\"async\" width=\"1024\" height=\"610\" src=\"https:\/\/diariodigitalnea.com\/wp-content\/uploads\/2023\/11\/amenaza-1024x610.jpg\" alt=\"\" class=\"wp-image-11663\" srcset=\"https:\/\/diariodigitalnea.com\/wp-content\/uploads\/2023\/11\/amenaza-1024x610.jpg 1024w, https:\/\/diariodigitalnea.com\/wp-content\/uploads\/2023\/11\/amenaza-300x179.jpg 300w, https:\/\/diariodigitalnea.com\/wp-content\/uploads\/2023\/11\/amenaza-768x457.jpg 768w, https:\/\/diariodigitalnea.com\/wp-content\/uploads\/2023\/11\/amenaza.jpg 1107w\" sizes=\"(max-width: 1024px) 100vw, 1024px\" \/><\/figure>\n\n\n\n<p>El \u00faltimo de los detenidos fue una joven de 18 a\u00f1os, aprehendida en la ciudad de Salta. La detenci\u00f3n se produjo en el marco de un allanamiento realizado en el domicilio donde se encontraba la joven, que se hizo a las 7 de este s\u00e1bado, donde se secuestr\u00f3 un tel\u00e9fono celular y una notebook.<\/p>\n\n\n\n<p><\/p>\n\n\n\n<p>Las mismas fuentes afirmaron que la detenida fue trasladada a la dependencia local de la Polic\u00eda Federal, en car\u00e1cter de incomunicada y ser\u00e1 indagada el martes pr\u00f3ximo.<\/p>\n\n\n\n<p><\/p>\n\n\n\n<p><strong>EL OPERATIVO EN CHACO<br><\/strong>Seg\u00fan inform\u00f3 el abogado Juan Arregin, este viernes a las 6, una delegaci\u00f3n de la Polic\u00eda Federal interrumpi\u00f3 en el domicilio de Franco Zamudio, en Barranqueras.<\/p>\n\n\n\n<p><br>All\u00ed, lo detuvieron y lo pusieron a disposici\u00f3n de la jueza federal N\u00b0 1 de la Ciudad de Buenos Aires, Mar\u00eda Servini de Cubr\u00eda.<\/p>\n\n\n\n<figure class=\"wp-block-image size-full\"><img decoding=\"async\" width=\"903\" height=\"538\" src=\"http:\/\/diariodigitalnea.com\/wp-content\/uploads\/2023\/11\/amenaza4.jpg\" alt=\"\" class=\"wp-image-11662\" srcset=\"https:\/\/diariodigitalnea.com\/wp-content\/uploads\/2023\/11\/amenaza4.jpg 903w, https:\/\/diariodigitalnea.com\/wp-content\/uploads\/2023\/11\/amenaza4-300x179.jpg 300w, https:\/\/diariodigitalnea.com\/wp-content\/uploads\/2023\/11\/amenaza4-768x458.jpg 768w\" sizes=\"(max-width: 903px) 100vw, 903px\" \/><\/figure>\n\n\n\n<p>\u00abLa familia de Franco no sabe por qu\u00e9 est\u00e1 detenido su hijo y contrat\u00f3 mis servicios. Me hice presente en la delegaci\u00f3n de la Polic\u00eda Federal y por orden de un secretario penal, Hugo Mendieta, no me dejaron verlo\u00bb, inform\u00f3.<\/p>\n\n\n\n<p><\/p>\n\n\n\n<p>\u00abEstos funcionarios van a ser denunciados por tener un preso pol\u00edtico e incomunicado, lo cual es ilegal. No s\u00e9 c\u00f3mo est\u00e1 Franco, si est\u00e1 golpeado, en qu\u00e9 condiciones est\u00e1 detenido, pero s\u00ed s\u00e9 que es un preso pol\u00edtico en la Argentina y es bochornoso que esto ocurra\u00bb, sostuvo.<\/p>\n\n\n\n<p><\/p>\n\n\n\n<p>\u00abEstamos en plena dictadura, a pesar de que hace 40 a\u00f1os, Alfons\u00edn nos devolvi\u00f3 la democracia\u00bb, concluy\u00f3.<\/p>\n\n\n\n<p><\/p>\n\n\n\n<p><strong>EL MENSAJE DE MASSA<br><\/strong>El propio Massa se pronunci\u00f3 este s\u00e1bado a trav\u00e9s de sus redes sociales para agradecer los mensajes de apoyo tras las amenazas.<\/p>\n\n\n\n<figure class=\"wp-block-image size-large\"><img decoding=\"async\" width=\"1024\" height=\"513\" src=\"http:\/\/diariodigitalnea.com\/wp-content\/uploads\/2023\/05\/ENCUENTRO-IG-Verde-copy-1024x513.jpg\" alt=\"PUBLICIDAD\" class=\"wp-image-8132\" srcset=\"https:\/\/diariodigitalnea.com\/wp-content\/uploads\/2023\/05\/ENCUENTRO-IG-Verde-copy-1024x513.jpg 1024w, https:\/\/diariodigitalnea.com\/wp-content\/uploads\/2023\/05\/ENCUENTRO-IG-Verde-copy-300x150.jpg 300w, https:\/\/diariodigitalnea.com\/wp-content\/uploads\/2023\/05\/ENCUENTRO-IG-Verde-copy-768x385.jpg 768w, https:\/\/diariodigitalnea.com\/wp-content\/uploads\/2023\/05\/ENCUENTRO-IG-Verde-copy-1536x769.jpg 1536w, https:\/\/diariodigitalnea.com\/wp-content\/uploads\/2023\/05\/ENCUENTRO-IG-Verde-copy-2048x1026.jpg 2048w\" sizes=\"(max-width: 1024px) 100vw, 1024px\" \/><figcaption>Publicidad: Encuentro Tienda de Bebidas, Chile 190 Local 4 \u2013 Tel: 3624386655 &#8211; Gral San Mart\u00edn<\/figcaption><\/figure>\n\n\n\n<p>El titular de la cartera econ\u00f3mica poste\u00f3 en las redes sociales una foto junto a familia y agradeci\u00f3 a los que se preocuparon por las amenazas que recibieron tambi\u00e9n su esposa, Malena Galmarini, y sus hijos.<\/p>\n\n\n\n<p><\/p>\n\n\n\n<p>\u00abHace 27 a\u00f1os que Malena Galmarini y yo decidimos empezar este proyecto de vida, nuestro mayor compromiso, nuestra mayor responsabilidad. Mili y Toto, nuestros hijos, son los que le dan sentido a cada paso que damos, porque como cada pap\u00e1 y cada mam\u00e1, hacemos todo por los hijos y a ellos queremos dejarles una mejor Argentina. Por eso estoy ac\u00e1\u00bb, enfatiz\u00f3 Massa.<\/p>\n\n\n\n<p><\/p>\n\n\n\n<p>En la publicaci\u00f3n, que ilustr\u00f3 con una fotograf\u00eda junto a su familia, el tigrense destac\u00f3: \u00abGracias a todas y todos los que nos escribieron preocup\u00e1ndose por las amenazas que recibimos. Los hijos son lo m\u00e1s valioso que uno tiene en la vida\u00bb.<\/p>\n\n\n\n<figure class=\"wp-block-image size-large\"><img loading=\"lazy\" decoding=\"async\" width=\"1024\" height=\"446\" src=\"http:\/\/diariodigitalnea.com\/wp-content\/uploads\/2023\/05\/CONSTRUCAL-CON-FABRICA-2-1024x446.jpg\" alt=\"publicidad Construcal 2\" class=\"wp-image-8211\" srcset=\"https:\/\/diariodigitalnea.com\/wp-content\/uploads\/2023\/05\/CONSTRUCAL-CON-FABRICA-2-1024x446.jpg 1024w, https:\/\/diariodigitalnea.com\/wp-content\/uploads\/2023\/05\/CONSTRUCAL-CON-FABRICA-2-300x131.jpg 300w, https:\/\/diariodigitalnea.com\/wp-content\/uploads\/2023\/05\/CONSTRUCAL-CON-FABRICA-2-768x334.jpg 768w, https:\/\/diariodigitalnea.com\/wp-content\/uploads\/2023\/05\/CONSTRUCAL-CON-FABRICA-2-1536x669.jpg 1536w, https:\/\/diariodigitalnea.com\/wp-content\/uploads\/2023\/05\/CONSTRUCAL-CON-FABRICA-2-2048x892.jpg 2048w\" sizes=\"(max-width: 1024px) 100vw, 1024px\" \/><figcaption>Publicidad: ConstruCal Cales hidratas y vivas para uso vial y construcci\u00f3n TEL: 3624602737\n<\/figcaption><\/figure>\n","protected":false},"excerpt":{"rendered":"<p>Se trata de un joven de 26 a\u00f1os, de Barranqueras, quien fue demorada por la Polic\u00eda Federal. Su abogado denuncia que no le dejaron verlo. Horas antes del balotaje en el que se elegir\u00e1 al nuevo presidente de la Argentina, el candidato de Uni\u00f3n por la Patria, Sergio Massa, fue amenazado al igual que su [&hellip;]<\/p>\n","protected":false},"author":4,"featured_media":11664,"comment_status":"closed","ping_status":"closed","sticky":false,"template":"","format":"standard","meta":{"om_disable_all_campaigns":false,"_monsterinsights_skip_tracking":false,"_monsterinsights_sitenote_active":false,"_monsterinsights_sitenote_note":"","_monsterinsights_sitenote_category":0,"footnotes":""},"categories":[33,52],"tags":[3656,187,1266],"class_list":["post-11661","post","type-post","status-publish","format-standard","has-post-thumbnail","hentry","category-chaco","category-policiales","tag-amenazar","tag-chaqueno","tag-massa"],"aioseo_notices":[],"amp_enabled":true,"_links":{"self":[{"href":"https:\/\/diariodigitalnea.com\/index.php\/wp-json\/wp\/v2\/posts\/11661","targetHints":{"allow":["GET"]}}],"collection":[{"href":"https:\/\/diariodigitalnea.com\/index.php\/wp-json\/wp\/v2\/posts"}],"about":[{"href":"https:\/\/diariodigitalnea.com\/index.php\/wp-json\/wp\/v2\/types\/post"}],"author":[{"embeddable":true,"href":"https:\/\/diariodigitalnea.com\/index.php\/wp-json\/wp\/v2\/users\/4"}],"replies":[{"embeddable":true,"href":"https:\/\/diariodigitalnea.com\/index.php\/wp-json\/wp\/v2\/comments?post=11661"}],"version-history":[{"count":1,"href":"https:\/\/diariodigitalnea.com\/index.php\/wp-json\/wp\/v2\/posts\/11661\/revisions"}],"predecessor-version":[{"id":11665,"href":"https:\/\/diariodigitalnea.com\/index.php\/wp-json\/wp\/v2\/posts\/11661\/revisions\/11665"}],"wp:featuredmedia":[{"embeddable":true,"href":"https:\/\/diariodigitalnea.com\/index.php\/wp-json\/wp\/v2\/media\/11664"}],"wp:attachment":[{"href":"https:\/\/diariodigitalnea.com\/index.php\/wp-json\/wp\/v2\/media?parent=11661"}],"wp:term":[{"taxonomy":"category","embeddable":true,"href":"https:\/\/diariodigitalnea.com\/index.php\/wp-json\/wp\/v2\/categories?post=11661"},{"taxonomy":"post_tag","embeddable":true,"href":"https:\/\/diariodigitalnea.com\/index.php\/wp-json\/wp\/v2\/tags?post=11661"}],"curies":[{"name":"wp","href":"https:\/\/api.w.org\/{rel}","templated":true}]}}