{"id":11648,"date":"2023-11-18T15:31:45","date_gmt":"2023-11-18T15:31:45","guid":{"rendered":"https:\/\/diariodigitalnea.com\/?p=11648"},"modified":"2023-11-18T15:31:46","modified_gmt":"2023-11-18T15:31:46","slug":"tragedia-en-brasil-una-fan-de-taylor-swift-murio-de-un-paro-cardiaco-antes-de-que-empezara-el-show","status":"publish","type":"post","link":"https:\/\/diariodigitalnea.com\/index.php\/2023\/11\/18\/tragedia-en-brasil-una-fan-de-taylor-swift-murio-de-un-paro-cardiaco-antes-de-que-empezara-el-show\/","title":{"rendered":"Tragedia en Brasil: una fan de Taylor Swift muri\u00f3 de un paro card\u00edaco antes de que empezara el show"},"content":{"rendered":"\n<p>Durante el recital de anoche, se registraron temperaturas que superaron los 50\u00b0 y hubo m\u00e1s de mil desmayados.<\/p>\n\n\n\n<p>Durante el show de Taylor Swift de este viernes en R\u00edo de Janeiro, una fan\u00e1tica muri\u00f3 luego de sufrir una descompensaci\u00f3n en una de las plateas del estadio Nilton Santos por las altas temperaturas que se registraron en la ciudad. La v\u00edctima fue identificada como Ana Benevides.<\/p>\n\n\n\n<p>Despu\u00e9s de dar aviso al personal del evento, uno de los acompa\u00f1antes que estaba con ella indic\u00f3 que Ana hab\u00eda sido sometida a un proceso de reanimaci\u00f3n cardiorrespiratoria en uno de los sectores de la tribuna. Mientras era trasladada al Hospital Municipal Salgado Filho, la joven sufri\u00f3 un segundo paro card\u00edaco.<\/p>\n\n\n\n<p>Seg\u00fan los testimonios en redes de algunas swifties brasile\u00f1as que acudieron al recital, la productora prohibi\u00f3 el ingreso al estadio con botellas de agua para hidratarse, a pesar de haber m\u00e1s de 60\u00b0 durante el show. Adem\u00e1s, indicaron que los organizadores del evento cerraron los pasos de aire para que nadie pudiera ver el recital desde afuera.<\/p>\n\n\n\n<figure class=\"wp-block-image size-full\"><img fetchpriority=\"high\" decoding=\"async\" width=\"768\" height=\"432\" src=\"http:\/\/diariodigitalnea.com\/wp-content\/uploads\/2023\/11\/fan7.jpg\" alt=\"\" class=\"wp-image-11649\" srcset=\"https:\/\/diariodigitalnea.com\/wp-content\/uploads\/2023\/11\/fan7.jpg 768w, https:\/\/diariodigitalnea.com\/wp-content\/uploads\/2023\/11\/fan7-300x169.jpg 300w\" sizes=\"(max-width: 768px) 100vw, 768px\" \/><\/figure>\n\n\n\n<p>Thiago, mejor amigo de chica fallecida, public\u00f3 un desgarrador mensaje para despedirla. \u201cTe ador\u00e9 desde el d\u00eda que te conoc\u00ed, de hecho solo cambi\u00e9 de clase por ti, cuando ten\u00edamos 11 a\u00f1os, sabes que siempre te adorar\u00e9. Simplemente no puedo creer que ya no est\u00e9s aqu\u00ed. No puedo aceptar esto\u201d, escribi\u00f3.<\/p>\n\n\n\n<p>\u201cHablamos de este show muchas veces y sobre c\u00f3mo quer\u00eda estar contigo. Estoy tan triste que no s\u00e9 qu\u00e9 hacer. Eras una de mis amigas m\u00e1s antiguas. \u00a1Durante tanto tiempo, y ahora en adelante, s\u00f3lo en los recuerdos! Espero que est\u00e9s bien ahora. \u00a1Descansa!\u201d, agreg\u00f3 en su cuenta.<\/p>\n\n\n\n<p>La noticia se viraliz\u00f3 r\u00e1pidamente en las redes y los fandoms de la cantante estadounidense exigieron justicia por Ana. Por otro lado, se desconoce si Taylor Swift cancelar\u00e1 su show de este s\u00e1bado despu\u00e9s de lo ocurrido. Incluso, apareci\u00f3 un video en donde la artista arroj\u00f3 botellas de agua al p\u00fablico por el incesante calor.<\/p>\n\n\n\n<h2 class=\"wp-block-heading\">El mensaje de Taylor Swift tras enterarse de la muerte de una fan en pleno show<\/h2>\n\n\n\n<p>La cantante utiliz\u00f3 su cuenta de Instagram para publicar un mensaje tras enterarse de la muerte de una fan en su show de R\u00edo de Janeiro. Ana Benevides sufri\u00f3 un paro cardiorrespiratorio tras haberse desmayado por las altas temperaturas que azotaron a la ciudad.<\/p>\n\n\n\n<figure class=\"wp-block-image size-large\"><img decoding=\"async\" width=\"576\" height=\"1024\" src=\"https:\/\/diariodigitalnea.com\/wp-content\/uploads\/2023\/11\/tylor-576x1024.jpg\" alt=\"\" class=\"wp-image-11651\" srcset=\"https:\/\/diariodigitalnea.com\/wp-content\/uploads\/2023\/11\/tylor-576x1024.jpg 576w, https:\/\/diariodigitalnea.com\/wp-content\/uploads\/2023\/11\/tylor-169x300.jpg 169w, https:\/\/diariodigitalnea.com\/wp-content\/uploads\/2023\/11\/tylor-768x1365.jpg 768w, https:\/\/diariodigitalnea.com\/wp-content\/uploads\/2023\/11\/tylor-864x1536.jpg 864w, https:\/\/diariodigitalnea.com\/wp-content\/uploads\/2023\/11\/tylor-1152x2048.jpg 1152w, https:\/\/diariodigitalnea.com\/wp-content\/uploads\/2023\/11\/tylor.jpg 1440w\" sizes=\"(max-width: 576px) 100vw, 576px\" \/><\/figure>\n\n\n\n<p>\u201cNo puedo creer que est\u00e9 escribiendo estas palabras, pero es con el coraz\u00f3n destrozado que digo que perdimos a una fan esta noche antes de mi show. No les puedo explicar lo devastada que estoy tras esto. Tengo muy poca informaci\u00f3n aparte del hecho de que era incre\u00edblemente hermosa y demasiado joven\u201d, escribi\u00f3 en su historia.<\/p>\n\n\n\n<p>\u201cNo voy a poder hablar de esto desde el escenario porque me siento abrumada por el dolor incluso cuando intento hablar de ello. Quiero decir que siento esta p\u00e9rdida profundamente y mi coraz\u00f3n roto est\u00e1 con la familia y los amigos. Esto es lo \u00faltimo que pens\u00e9 que pasar\u00eda cuando decidimos llevar esta gira a Brasil\u201d, agreg\u00f3 en su comunicado.<\/p>\n","protected":false},"excerpt":{"rendered":"<p>Durante el recital de anoche, se registraron temperaturas que superaron los 50\u00b0 y hubo m\u00e1s de mil desmayados. Durante el show de Taylor Swift de este viernes en R\u00edo de Janeiro, una fan\u00e1tica muri\u00f3 luego de sufrir una descompensaci\u00f3n en una de las plateas del estadio Nilton Santos por las altas temperaturas que se registraron [&hellip;]<\/p>\n","protected":false},"author":3,"featured_media":11650,"comment_status":"closed","ping_status":"closed","sticky":false,"template":"","format":"standard","meta":{"om_disable_all_campaigns":false,"_monsterinsights_skip_tracking":false,"_monsterinsights_sitenote_active":false,"_monsterinsights_sitenote_note":"","_monsterinsights_sitenote_category":0,"footnotes":""},"categories":[7,9,52],"tags":[3653,61,3654,1654,3008],"class_list":["post-11648","post","type-post","status-publish","format-standard","has-post-thumbnail","hentry","category-espectaculos","category-internacionales","category-policiales","tag-fanatica","tag-muerte","tag-pleno-concierto","tag-rio-de-janeiro","tag-taylor-swift"],"aioseo_notices":[],"amp_enabled":true,"_links":{"self":[{"href":"https:\/\/diariodigitalnea.com\/index.php\/wp-json\/wp\/v2\/posts\/11648","targetHints":{"allow":["GET"]}}],"collection":[{"href":"https:\/\/diariodigitalnea.com\/index.php\/wp-json\/wp\/v2\/posts"}],"about":[{"href":"https:\/\/diariodigitalnea.com\/index.php\/wp-json\/wp\/v2\/types\/post"}],"author":[{"embeddable":true,"href":"https:\/\/diariodigitalnea.com\/index.php\/wp-json\/wp\/v2\/users\/3"}],"replies":[{"embeddable":true,"href":"https:\/\/diariodigitalnea.com\/index.php\/wp-json\/wp\/v2\/comments?post=11648"}],"version-history":[{"count":1,"href":"https:\/\/diariodigitalnea.com\/index.php\/wp-json\/wp\/v2\/posts\/11648\/revisions"}],"predecessor-version":[{"id":11652,"href":"https:\/\/diariodigitalnea.com\/index.php\/wp-json\/wp\/v2\/posts\/11648\/revisions\/11652"}],"wp:featuredmedia":[{"embeddable":true,"href":"https:\/\/diariodigitalnea.com\/index.php\/wp-json\/wp\/v2\/media\/11650"}],"wp:attachment":[{"href":"https:\/\/diariodigitalnea.com\/index.php\/wp-json\/wp\/v2\/media?parent=11648"}],"wp:term":[{"taxonomy":"category","embeddable":true,"href":"https:\/\/diariodigitalnea.com\/index.php\/wp-json\/wp\/v2\/categories?post=11648"},{"taxonomy":"post_tag","embeddable":true,"href":"https:\/\/diariodigitalnea.com\/index.php\/wp-json\/wp\/v2\/tags?post=11648"}],"curies":[{"name":"wp","href":"https:\/\/api.w.org\/{rel}","templated":true}]}}