{"id":11548,"date":"2023-11-07T21:50:32","date_gmt":"2023-11-07T21:50:32","guid":{"rendered":"https:\/\/diariodigitalnea.com\/?p=11548"},"modified":"2023-11-08T00:00:39","modified_gmt":"2023-11-08T00:00:39","slug":"sergio-massa-mi-ministro-de-economia-no-va-a-ser-de-mi-fuerza-politica","status":"publish","type":"post","link":"https:\/\/diariodigitalnea.com\/index.php\/2023\/11\/07\/sergio-massa-mi-ministro-de-economia-no-va-a-ser-de-mi-fuerza-politica\/","title":{"rendered":"Sergio Massa: \u00abMi ministro de Econom\u00eda no va a ser de mi fuerza pol\u00edtica\u00bb"},"content":{"rendered":"\n<p>Desde C\u00f3rdoba, el candidato oficialista deijo que \u00abno hay que empezar a lotear gobiernos prometiendo cargos porque qued\u00f3 demostrado que no funciona\u00bb.<\/p>\n\n\n\n<p><br>El candidato a presidente por Uni\u00f3n por la Patria, Sergio Massa, adelant\u00f3 que, en caso de llegar a la Presidencia, su ministro de Econom\u00eda no va a ser alguien de su fuerza pol\u00edtica sino de \u00abotro sector pol\u00edtico\u00bb.<\/p>\n\n\n\n<p><\/p>\n\n\n\n<p>\u00abMi ministro de Econom\u00eda no va a ser alguien de mi fuerza pol\u00edtica; va a ser alguien de otro sector pol\u00edtico\u00bb, asegur\u00f3 Massa en el marco de su visita a la provincia de C\u00f3rdoba.<\/p>\n\n\n\n<figure class=\"wp-block-image size-large\"><img fetchpriority=\"high\" decoding=\"async\" width=\"1024\" height=\"577\" src=\"https:\/\/diariodigitalnea.com\/wp-content\/uploads\/2023\/11\/massa2-1024x577.jpg\" alt=\"\" class=\"wp-image-11549\" srcset=\"https:\/\/diariodigitalnea.com\/wp-content\/uploads\/2023\/11\/massa2-1024x577.jpg 1024w, https:\/\/diariodigitalnea.com\/wp-content\/uploads\/2023\/11\/massa2-300x169.jpg 300w, https:\/\/diariodigitalnea.com\/wp-content\/uploads\/2023\/11\/massa2-768x432.jpg 768w, https:\/\/diariodigitalnea.com\/wp-content\/uploads\/2023\/11\/massa2.jpg 1300w\" sizes=\"(max-width: 1024px) 100vw, 1024px\" \/><\/figure>\n\n\n\n<p>Sin embargo, no quiso dar nombres, ni del eventual ministro de Econom\u00eda ni de otros cargos, y dijo que est\u00e1 \u00aben contra de andar repartiendo cargos antes\u00bb de ganar una elecci\u00f3n.<\/p>\n\n\n\n<p><\/p>\n\n\n\n<p>\u00abNo hay que empezar a lotear gobiernos prometiendo cargos porque eso ya qued\u00f3 demostrado que no funciona\u00bb, afirm\u00f3.<\/p>\n\n\n\n<p><\/p>\n\n\n\n<p>En ese marco, Massa destac\u00f3 que tiene \u00abla decisi\u00f3n de que la mitad del directorio del Banco Central sea del principal bloque opositor parlamentario para que haya control\u00bb, y concluy\u00f3: \u00abNo quiero anticiparme porque entiendo que, a partir del 10 de diciembre, comienza una nueva etapa en la pol\u00edtica argentina y para la sociedad\u00bb.<\/p>\n\n\n\n<figure class=\"wp-block-image size-large\"><img decoding=\"async\" width=\"1024\" height=\"513\" src=\"http:\/\/diariodigitalnea.com\/wp-content\/uploads\/2023\/05\/ENCUENTRO-IG-Verde-copy-1024x513.jpg\" alt=\"PUBLICIDAD\" class=\"wp-image-8132\" srcset=\"https:\/\/diariodigitalnea.com\/wp-content\/uploads\/2023\/05\/ENCUENTRO-IG-Verde-copy-1024x513.jpg 1024w, https:\/\/diariodigitalnea.com\/wp-content\/uploads\/2023\/05\/ENCUENTRO-IG-Verde-copy-300x150.jpg 300w, https:\/\/diariodigitalnea.com\/wp-content\/uploads\/2023\/05\/ENCUENTRO-IG-Verde-copy-768x385.jpg 768w, https:\/\/diariodigitalnea.com\/wp-content\/uploads\/2023\/05\/ENCUENTRO-IG-Verde-copy-1536x769.jpg 1536w, https:\/\/diariodigitalnea.com\/wp-content\/uploads\/2023\/05\/ENCUENTRO-IG-Verde-copy-2048x1026.jpg 2048w\" sizes=\"(max-width: 1024px) 100vw, 1024px\" \/><figcaption>Publicidad: Encuentro Tienda de Bebidas, Chile 190 Local 4 \u2013 Tel: 3624386655 &#8211; Gral San Mart\u00edn<\/figcaption><\/figure>\n\n\n\n<p><br><strong>MASSA APUNT\u00d3 CONTRA LAS PROPUESTAS DE MILEI<br><\/strong>Por otro lado, Sergio Massa asegur\u00f3 que le \u00abasustan\u00bb algunas de las propuestas de su adversario de La Libertad Avanza (LLA), Javier Milei, porque, en caso de ser aplicadas, condenar\u00e1n a las pymes y a la producci\u00f3n \u00aba perder competitividad\u00bb.<\/p>\n\n\n\n<p><\/p>\n\n\n\n<p>\u00abMe preocupa, me asusta y me da miedo escuchar a un candidato que dice que va a eliminar el subsidio al transporte porque es llevar 722 pesos el boleto del colectivo de cada uno de los cordobeses; me asusta y me da miedo un candidato que dice que va a liberar el precio de los combustibles porque es llevar el litro de nafta a 800 pesos; es condenar a la pyme y a la producci\u00f3n a perder competitividad\u00bb, expres\u00f3.<\/p>\n\n\n\n<p><\/p>\n\n\n\n<p>Juzg\u00f3 \u00abfundamental cuidar el ingreso de los argentinos\u00bb y advirti\u00f3 que algunas de las propuestas de su adversario de La Libertad Avanza, Javier Milei, significar\u00e1n \u00abcondenar a la pyme y a la producci\u00f3n a perder competitividad\u00bb.<\/p>\n\n\n\n<figure class=\"wp-block-image size-large\"><img decoding=\"async\" width=\"1024\" height=\"446\" src=\"http:\/\/diariodigitalnea.com\/wp-content\/uploads\/2023\/05\/CONSTRUCAL-CON-FABRICA-2-1024x446.jpg\" alt=\"publicidad Construcal 2\" class=\"wp-image-8211\" srcset=\"https:\/\/diariodigitalnea.com\/wp-content\/uploads\/2023\/05\/CONSTRUCAL-CON-FABRICA-2-1024x446.jpg 1024w, https:\/\/diariodigitalnea.com\/wp-content\/uploads\/2023\/05\/CONSTRUCAL-CON-FABRICA-2-300x131.jpg 300w, https:\/\/diariodigitalnea.com\/wp-content\/uploads\/2023\/05\/CONSTRUCAL-CON-FABRICA-2-768x334.jpg 768w, https:\/\/diariodigitalnea.com\/wp-content\/uploads\/2023\/05\/CONSTRUCAL-CON-FABRICA-2-1536x669.jpg 1536w, https:\/\/diariodigitalnea.com\/wp-content\/uploads\/2023\/05\/CONSTRUCAL-CON-FABRICA-2-2048x892.jpg 2048w\" sizes=\"(max-width: 1024px) 100vw, 1024px\" \/><figcaption>Publicidad: ConstruCal Cales hidratas y vivas para uso vial y construcci\u00f3n TEL: 3624602737\n<\/figcaption><\/figure>\n","protected":false},"excerpt":{"rendered":"<p>Desde C\u00f3rdoba, el candidato oficialista deijo que \u00abno hay que empezar a lotear gobiernos prometiendo cargos porque qued\u00f3 demostrado que no funciona\u00bb. El candidato a presidente por Uni\u00f3n por la Patria, Sergio Massa, adelant\u00f3 que, en caso de llegar a la Presidencia, su ministro de Econom\u00eda no va a ser alguien de su fuerza pol\u00edtica [&hellip;]<\/p>\n","protected":false},"author":4,"featured_media":11550,"comment_status":"closed","ping_status":"closed","sticky":false,"template":"","format":"standard","meta":{"om_disable_all_campaigns":false,"_monsterinsights_skip_tracking":false,"_monsterinsights_sitenote_active":false,"_monsterinsights_sitenote_note":"","_monsterinsights_sitenote_category":0,"footnotes":""},"categories":[5,90,4],"tags":[89,1266],"class_list":["post-11548","post","type-post","status-publish","format-standard","has-post-thumbnail","hentry","category-economia","category-nacionales","category-politica","tag-economia","tag-massa"],"aioseo_notices":[],"amp_enabled":true,"_links":{"self":[{"href":"https:\/\/diariodigitalnea.com\/index.php\/wp-json\/wp\/v2\/posts\/11548","targetHints":{"allow":["GET"]}}],"collection":[{"href":"https:\/\/diariodigitalnea.com\/index.php\/wp-json\/wp\/v2\/posts"}],"about":[{"href":"https:\/\/diariodigitalnea.com\/index.php\/wp-json\/wp\/v2\/types\/post"}],"author":[{"embeddable":true,"href":"https:\/\/diariodigitalnea.com\/index.php\/wp-json\/wp\/v2\/users\/4"}],"replies":[{"embeddable":true,"href":"https:\/\/diariodigitalnea.com\/index.php\/wp-json\/wp\/v2\/comments?post=11548"}],"version-history":[{"count":1,"href":"https:\/\/diariodigitalnea.com\/index.php\/wp-json\/wp\/v2\/posts\/11548\/revisions"}],"predecessor-version":[{"id":11551,"href":"https:\/\/diariodigitalnea.com\/index.php\/wp-json\/wp\/v2\/posts\/11548\/revisions\/11551"}],"wp:featuredmedia":[{"embeddable":true,"href":"https:\/\/diariodigitalnea.com\/index.php\/wp-json\/wp\/v2\/media\/11550"}],"wp:attachment":[{"href":"https:\/\/diariodigitalnea.com\/index.php\/wp-json\/wp\/v2\/media?parent=11548"}],"wp:term":[{"taxonomy":"category","embeddable":true,"href":"https:\/\/diariodigitalnea.com\/index.php\/wp-json\/wp\/v2\/categories?post=11548"},{"taxonomy":"post_tag","embeddable":true,"href":"https:\/\/diariodigitalnea.com\/index.php\/wp-json\/wp\/v2\/tags?post=11548"}],"curies":[{"name":"wp","href":"https:\/\/api.w.org\/{rel}","templated":true}]}}