{"id":11544,"date":"2023-11-07T14:55:46","date_gmt":"2023-11-07T14:55:46","guid":{"rendered":"https:\/\/diariodigitalnea.com\/?p=11544"},"modified":"2023-11-07T15:20:02","modified_gmt":"2023-11-07T15:20:02","slug":"discusion-fatal-entre-dos-hermanos-reconocidos-duenos-de-medio-en-resistencia","status":"publish","type":"post","link":"https:\/\/diariodigitalnea.com\/index.php\/2023\/11\/07\/discusion-fatal-entre-dos-hermanos-reconocidos-duenos-de-medio-en-resistencia\/","title":{"rendered":"Discusi\u00f3n fatal entre dos hermanos, reconocidos due\u00f1os de medio en Resistencia"},"content":{"rendered":"\n<p>Se trata de Francisco \u00abPaco\u00bb y Gonzalo Safocarda que estaban al frente de radio Facundo Quiroga y de la p\u00e1gina de noticias Medios y Estrategias; el enfrentamiento fue en un pasillo de la radio.<\/p>\n\n\n\n<p>Una tragedia inesperada ocurri\u00f3 en las \u00faltimas horas en Chaco en donde dos hermanos, empresarios de medios de comunicaci\u00f3n, discutieron, a tal punto que el conflicto tuvo un final tr\u00e1gico: uno de ellos le dispar\u00f3 al otro y luego se quit\u00f3 la vida.<\/p>\n\n\n\n<p>El hecho ocurri\u00f3 en Resistencia en la esquina de avenida Lavalle y Pueyrred\u00f3n, a diez cuadras de la Plaza 25 de Mayo.<\/p>\n\n\n\n<p>Los fallecidos fueron identificados como Enrique Gonzalo Saforcada Bosch y su hermano, Francisco \u201cPaco\u201d Miguel Saforcada Bosch. Ambos propietarios de radios de frecuencia modulada, entre ellas FM Facundo Quiroga. Adem\u00e1s, administraban un desarrollo inmobiliario.<\/p>\n\n\n\n<p>Las versiones preliminares de lo acontecido indican que en plena discusi\u00f3n, \u201cPaco\u201d le dispar\u00f3 a su hermano y luego se quiso suicidar. Al llegar al lugar, alertados por un llamado al 911, oficiales de la Divisi\u00f3n Cuerpo de Operaciones Motorizadas de la polic\u00eda provincial encontraron tendidos en el piso a los dos hombres con heridas de arma de fuego. Uno de ellos estaba inconsciente mientras que el otro agonizaba.<\/p>\n\n\n\n<h2 class=\"wp-block-heading\">Una empleada hizo la denuncia y fue internada por una crisis de nervios<\/h2>\n\n\n\n<p>Al o\u00edrse gritos, tiros y violencia verbal, una mujer que trabajaba para el grupo actualizando un portal de noticias, realiz\u00f3 la denuncia a la polic\u00eda. Fue tan dram\u00e1tica la situaci\u00f3n que vivi\u00f3 que tuvo que ser internada en una cl\u00ednica debido a que sufri\u00f3 una crisis de nervios muy grave.<\/p>\n\n\n\n<p>Los efectivos policiales llegaron a la escena en pocos minutos. Fueron varios los patrulleros que arribaron al lugar y se concentraron frente a las oficinas de los Saforcada. Tambi\u00e9n arribaron ambulancias, para as\u00ed trasladar a uno de los hermanos, Gonzalo, quien a\u00fan permanec\u00eda con signos vitales, al Hospital Perrando.<\/p>\n\n\n\n<p>Gonzalo recibi\u00f3 dos disparos: uno en el t\u00f3rax y otro en la cabeza y logr\u00f3 ser trasladado a un hospital local, al que lleg\u00f3 sin signos vitales. En tanto, \u201cPaco\u201d, tras ver a su hermano malherido se dispar\u00f3 y se quit\u00f3 la vida. Su cuerpo fue retirado del edificio donde funciona la radio y la empresa de medios.<\/p>\n\n\n\n<p>MyE emiti\u00f3 un comunicado en el que escribi\u00f3: \u201cPesar en la familia de Medios y Estrategias en la tarde de este lunes tenemos el dolor de dar la noticia que nunca hubi\u00e9semos querido comunicarla. Los queridos Enrique Gonzalo Saforcada Bosch y Paco Saforcada Bosch nos dejaron para siempre\u201d.<\/p>\n\n\n\n<p>\u201cQui\u00e9nes hacemos Medios y estrategias y Radio Facundo Quiroga estamos embargados de dolor, pero fuertes para continuar por el camino de la informaci\u00f3n veraz y comprometida como cada d\u00eda y como nos inculcaron Gonzalo y Paco\u201d, sigue el texto y agrega: \u201cRogamos un eterno descanso de sus almas y agradecemos las muestras de solidaridad de periodistas que pasaron por esta casa\u201d.<\/p>\n\n\n\n<p>Tras las pesquisas, secuestraron un arma de fuego calibre 9 mil\u00edmetros y vainas servidas. Finalmente, ambos fallecidos fueron trasladados al Instituto M\u00e9dico de Ciencias Forenses para las autopsias.<\/p>\n","protected":false},"excerpt":{"rendered":"<p>Se trata de Francisco \u00abPaco\u00bb y Gonzalo Safocarda que estaban al frente de radio Facundo Quiroga y de la p\u00e1gina de noticias Medios y Estrategias; el enfrentamiento fue en un pasillo de la radio. Una tragedia inesperada ocurri\u00f3 en las \u00faltimas horas en Chaco en donde dos hermanos, empresarios de medios de comunicaci\u00f3n, discutieron, a [&hellip;]<\/p>\n","protected":false},"author":3,"featured_media":11545,"comment_status":"closed","ping_status":"closed","sticky":false,"template":"","format":"standard","meta":{"om_disable_all_campaigns":false,"_monsterinsights_skip_tracking":false,"_monsterinsights_sitenote_active":false,"_monsterinsights_sitenote_note":"","_monsterinsights_sitenote_category":0,"footnotes":""},"categories":[33,52],"tags":[1215,3637,3636,2143],"class_list":["post-11544","post","type-post","status-publish","format-standard","has-post-thumbnail","hentry","category-chaco","category-policiales","tag-asesinato","tag-discusion-fatal","tag-saforcada","tag-suicidio"],"aioseo_notices":[],"amp_enabled":true,"_links":{"self":[{"href":"https:\/\/diariodigitalnea.com\/index.php\/wp-json\/wp\/v2\/posts\/11544","targetHints":{"allow":["GET"]}}],"collection":[{"href":"https:\/\/diariodigitalnea.com\/index.php\/wp-json\/wp\/v2\/posts"}],"about":[{"href":"https:\/\/diariodigitalnea.com\/index.php\/wp-json\/wp\/v2\/types\/post"}],"author":[{"embeddable":true,"href":"https:\/\/diariodigitalnea.com\/index.php\/wp-json\/wp\/v2\/users\/3"}],"replies":[{"embeddable":true,"href":"https:\/\/diariodigitalnea.com\/index.php\/wp-json\/wp\/v2\/comments?post=11544"}],"version-history":[{"count":1,"href":"https:\/\/diariodigitalnea.com\/index.php\/wp-json\/wp\/v2\/posts\/11544\/revisions"}],"predecessor-version":[{"id":11546,"href":"https:\/\/diariodigitalnea.com\/index.php\/wp-json\/wp\/v2\/posts\/11544\/revisions\/11546"}],"wp:featuredmedia":[{"embeddable":true,"href":"https:\/\/diariodigitalnea.com\/index.php\/wp-json\/wp\/v2\/media\/11545"}],"wp:attachment":[{"href":"https:\/\/diariodigitalnea.com\/index.php\/wp-json\/wp\/v2\/media?parent=11544"}],"wp:term":[{"taxonomy":"category","embeddable":true,"href":"https:\/\/diariodigitalnea.com\/index.php\/wp-json\/wp\/v2\/categories?post=11544"},{"taxonomy":"post_tag","embeddable":true,"href":"https:\/\/diariodigitalnea.com\/index.php\/wp-json\/wp\/v2\/tags?post=11544"}],"curies":[{"name":"wp","href":"https:\/\/api.w.org\/{rel}","templated":true}]}}