{"id":11497,"date":"2023-11-01T16:39:03","date_gmt":"2023-11-01T16:39:03","guid":{"rendered":"https:\/\/diariodigitalnea.com\/?p=11497"},"modified":"2023-11-01T16:39:23","modified_gmt":"2023-11-01T16:39:23","slug":"wanda-nara-tras-confirmar-que-tiene-leucemia-revelo-el-riguroso-pedido-de-su-medico","status":"publish","type":"post","link":"https:\/\/diariodigitalnea.com\/index.php\/2023\/11\/01\/wanda-nara-tras-confirmar-que-tiene-leucemia-revelo-el-riguroso-pedido-de-su-medico\/","title":{"rendered":"Wanda Nara, tras confirmar que tiene leucemia, revel\u00f3 el riguroso pedido de su m\u00e9dico"},"content":{"rendered":"\n<p><\/p>\n\n\n\n<p>La mujer de Mauro Icardi habl\u00f3 con \u00c1ngel de Brito y le detall\u00f3 c\u00f3mo es su d\u00eda a d\u00eda en medio del riguroso tratamiento m\u00e9dico, mientras participa del Bailando italiano. Aqu\u00ed, la palabra de Wanda Nara.<\/p>\n\n\n\n<p>El fin de semana, Wanda Nara llam\u00f3 por su nombre a la enfermedad que le diagnosticaron tres meses atr\u00e1s y confirm\u00f3 que padece leucemia. Ahora, ya con la informaci\u00f3n procesada e internalizada, la morocha se anim\u00f3 a hablar del tema a calz\u00f3n quitado.<\/p>\n\n\n\n<p>As\u00ed, este martes, \u00c1ngel de Brito cont\u00f3 desde LAM (Am\u00e9rica TV) que habl\u00f3 con la mayor de las Nara, quien le detall\u00f3 c\u00f3mo transita actualmente su d\u00eda a d\u00eda en medio del tratamiento m\u00e9dico indicado, que asegur\u00f3 no descuidar ni un mil\u00edmetro.<\/p>\n\n\n\n<figure class=\"wp-block-image size-full\"><img fetchpriority=\"high\" decoding=\"async\" width=\"453\" height=\"588\" src=\"http:\/\/diariodigitalnea.com\/wp-content\/uploads\/2023\/11\/wanda3.jpg\" alt=\"\" class=\"wp-image-11500\" srcset=\"https:\/\/diariodigitalnea.com\/wp-content\/uploads\/2023\/11\/wanda3.jpg 453w, https:\/\/diariodigitalnea.com\/wp-content\/uploads\/2023\/11\/wanda3-231x300.jpg 231w\" sizes=\"(max-width: 453px) 100vw, 453px\" \/><\/figure>\n\n\n\n<p>\u201cLe pregunt\u00e9 c\u00f3mo estaba. Yo la escuch\u00e9 recontra animada, recontra a full, re embalada, con nueve mil cosas por minuto, casi que no me dejaba hablar\u201d, cont\u00f3 de entrada el periodista e inform\u00f3: \u201cMe dijo \u2018cuando fui a la Argentina me hice todos los chequeos de nuevo, todos, y me dieron bien porque los valores est\u00e1n estabilizados\u2019\u201d.<\/p>\n\n\n\n<p>En tanto, De Brito detall\u00f3 espec\u00edficamente la advertencia que el m\u00e9dico le hizo a Wanda. \u201cLo \u00fanico que me pidi\u00f3 el m\u00e9dico es que no deje de tomar la medicaci\u00f3n. Yo soy rigurosa. Estoy tomando toda la medicaci\u00f3n y me hago todos los controles que me requieren\u201d le explic\u00f3 la morocha en medio de sus ensayos del Ballando con le stelle, en el que el fin de semana logr\u00f3 el mayor puntaje de su ronda con 50 puntos.<\/p>\n\n\n\n<p>\u201cElla le pregunt\u00f3 al m\u00e9dico qu\u00e9 pod\u00eda hacer, si pod\u00eda hacer gimnasia, y le dijo: \u2018No hay restricci\u00f3n, lo \u00fanico que ten\u00e9s que hacer es no dejar la medicaci\u00f3n, descansar bien y estar bien, porque los valores te dieron correctos, est\u00e1n estables. As\u00ed que pod\u00e9s hacerlo. Pod\u00e9s hacer deporte adem\u00e1s del Bailando. Solo cuidate en alimentaci\u00f3n, medicaci\u00f3n y dormir, descansar bien\u2019\u201d, finaliz\u00f3 \u00c1ngel sobre las recomendaciones que el Dr. Pavlovsky le indic\u00f3 a Wanda Nara.<\/p>\n\n\n\n<figure class=\"wp-block-image size-large\"><img decoding=\"async\" width=\"819\" height=\"1024\" src=\"http:\/\/diariodigitalnea.com\/wp-content\/uploads\/2023\/11\/wanda2-819x1024.jpg\" alt=\"\" class=\"wp-image-11499\" srcset=\"https:\/\/diariodigitalnea.com\/wp-content\/uploads\/2023\/11\/wanda2-819x1024.jpg 819w, https:\/\/diariodigitalnea.com\/wp-content\/uploads\/2023\/11\/wanda2-240x300.jpg 240w, https:\/\/diariodigitalnea.com\/wp-content\/uploads\/2023\/11\/wanda2-768x961.jpg 768w, https:\/\/diariodigitalnea.com\/wp-content\/uploads\/2023\/11\/wanda2.jpg 1200w\" sizes=\"(max-width: 819px) 100vw, 819px\" \/><\/figure>\n\n\n\n<h2 class=\"wp-block-heading\">Wanda Nara confirm\u00f3 la enfermedad que padece: \u00abAhora lo llam\u00f3 por su nombre\u00bb<\/h2>\n\n\n\n<p>Desde Italia donde est\u00e1 participando de Ballando con le stelle en la RAI 1, el s\u00e1bado por la ma\u00f1ana Wanda Nara decidi\u00f3 ponerle fin al silencio que mantuvo sobre su enfermedad, llam\u00e1ndola por su nombre: \u00ableucemia\u00bb.<\/p>\n\n\n\n<p>Tanto se especul\u00f3 desde aquellos d\u00edas a mediados de julio, cuando fue internada de urgencia en Buenos Aires para realizarse estudios m\u00e1s profundos luego de detect\u00e1rsele una anomal\u00eda en los valores en la sangre, y la pol\u00e9mica que gener\u00f3 el periodista Jorge Lanata al dar a conocer un diagn\u00f3stico que Wanda aseguraba no tener a\u00fan en sus manos, este s\u00e1bado confirm\u00f3 la enfermedad que atraviesa.<\/p>\n\n\n\n<figure class=\"wp-block-image size-large\"><img decoding=\"async\" width=\"584\" height=\"1024\" src=\"http:\/\/diariodigitalnea.com\/wp-content\/uploads\/2023\/11\/wanda1-584x1024.jpg\" alt=\"\" class=\"wp-image-11498\" srcset=\"https:\/\/diariodigitalnea.com\/wp-content\/uploads\/2023\/11\/wanda1-584x1024.jpg 584w, https:\/\/diariodigitalnea.com\/wp-content\/uploads\/2023\/11\/wanda1-171x300.jpg 171w, https:\/\/diariodigitalnea.com\/wp-content\/uploads\/2023\/11\/wanda1-768x1347.jpg 768w, https:\/\/diariodigitalnea.com\/wp-content\/uploads\/2023\/11\/wanda1-876x1536.jpg 876w, https:\/\/diariodigitalnea.com\/wp-content\/uploads\/2023\/11\/wanda1-1168x2048.jpg 1168w, https:\/\/diariodigitalnea.com\/wp-content\/uploads\/2023\/11\/wanda1.jpg 1200w\" sizes=\"(max-width: 584px) 100vw, 584px\" \/><\/figure>\n\n\n\n<p>\u00ab\u00bfQu\u00e9 enfermedad ten\u00e9s?\u00bb fue una de las consultas que Wanda respondi\u00f3 desde la famosa cajita de preguntas de Instagram.<\/p>\n\n\n\n<p>Sin pelos en la lengua, ya con la situaci\u00f3n procesada y el tratamiento avanzando exitosamente, Wanda Nara respondi\u00f3 con letra bien grande \u00abLeucemia\u00bb. Al tiempo que explic\u00f3 \u00abAl principio le dec\u00eda esa cosa que tengo yo. Despu\u00e9s pude decirle esa enfermedad. Y ahora lo llamo por su nombre\u00bb.<\/p>\n\n\n\n<p>En tanto, en clara referencia a aquel cuestionado anuncio de Jorge Lanata, Wanda concluy\u00f3 su respuesta pidiendo \u00abPerd\u00f3n a quien sinti\u00f3 que deb\u00eda anticipar mis propios tiempos\u00bb.<\/p>\n","protected":false},"excerpt":{"rendered":"<p>La mujer de Mauro Icardi habl\u00f3 con \u00c1ngel de Brito y le detall\u00f3 c\u00f3mo es su d\u00eda a d\u00eda en medio del riguroso tratamiento m\u00e9dico, mientras participa del Bailando italiano. Aqu\u00ed, la palabra de Wanda Nara. El fin de semana, Wanda Nara llam\u00f3 por su nombre a la enfermedad que le diagnosticaron tres meses atr\u00e1s [&hellip;]<\/p>\n","protected":false},"author":3,"featured_media":11501,"comment_status":"closed","ping_status":"closed","sticky":false,"template":"","format":"standard","meta":{"om_disable_all_campaigns":false,"_monsterinsights_skip_tracking":false,"_monsterinsights_sitenote_active":false,"_monsterinsights_sitenote_note":"","_monsterinsights_sitenote_category":0,"footnotes":""},"categories":[7,2497],"tags":[2504,3174,3624,487],"class_list":["post-11497","post","type-post","status-publish","format-standard","has-post-thumbnail","hentry","category-espectaculos","category-salud-informacion-general","tag-estado-de-salud","tag-leucemia","tag-tratamiento","tag-wanda-nara"],"aioseo_notices":[],"amp_enabled":true,"_links":{"self":[{"href":"https:\/\/diariodigitalnea.com\/index.php\/wp-json\/wp\/v2\/posts\/11497","targetHints":{"allow":["GET"]}}],"collection":[{"href":"https:\/\/diariodigitalnea.com\/index.php\/wp-json\/wp\/v2\/posts"}],"about":[{"href":"https:\/\/diariodigitalnea.com\/index.php\/wp-json\/wp\/v2\/types\/post"}],"author":[{"embeddable":true,"href":"https:\/\/diariodigitalnea.com\/index.php\/wp-json\/wp\/v2\/users\/3"}],"replies":[{"embeddable":true,"href":"https:\/\/diariodigitalnea.com\/index.php\/wp-json\/wp\/v2\/comments?post=11497"}],"version-history":[{"count":2,"href":"https:\/\/diariodigitalnea.com\/index.php\/wp-json\/wp\/v2\/posts\/11497\/revisions"}],"predecessor-version":[{"id":11503,"href":"https:\/\/diariodigitalnea.com\/index.php\/wp-json\/wp\/v2\/posts\/11497\/revisions\/11503"}],"wp:featuredmedia":[{"embeddable":true,"href":"https:\/\/diariodigitalnea.com\/index.php\/wp-json\/wp\/v2\/media\/11501"}],"wp:attachment":[{"href":"https:\/\/diariodigitalnea.com\/index.php\/wp-json\/wp\/v2\/media?parent=11497"}],"wp:term":[{"taxonomy":"category","embeddable":true,"href":"https:\/\/diariodigitalnea.com\/index.php\/wp-json\/wp\/v2\/categories?post=11497"},{"taxonomy":"post_tag","embeddable":true,"href":"https:\/\/diariodigitalnea.com\/index.php\/wp-json\/wp\/v2\/tags?post=11497"}],"curies":[{"name":"wp","href":"https:\/\/api.w.org\/{rel}","templated":true}]}}