{"id":11456,"date":"2023-10-29T23:31:36","date_gmt":"2023-10-29T23:31:36","guid":{"rendered":"https:\/\/diariodigitalnea.com\/?p=11456"},"modified":"2023-10-29T23:31:38","modified_gmt":"2023-10-29T23:31:38","slug":"massa-apunto-contra-las-petroleras-por-la-escasez-si-no-esta-resuelto-desde-el-miercoles-no-van-a-poder-exportar","status":"publish","type":"post","link":"https:\/\/diariodigitalnea.com\/index.php\/2023\/10\/29\/massa-apunto-contra-las-petroleras-por-la-escasez-si-no-esta-resuelto-desde-el-miercoles-no-van-a-poder-exportar\/","title":{"rendered":"Massa apunt\u00f3 contra las petroleras por la escasez: \u00absi no est\u00e1 resuelto, desde el mi\u00e9rcoles no van a poder exportar\u00bb"},"content":{"rendered":"\n<p>Responsabiliz\u00f3 a las compa\u00f1\u00edas de petr\u00f3leo y le peg\u00f3 a Milei.<\/p>\n\n\n\n<p><br>En el marco de la escasez de petr\u00f3leo que vive el pa\u00eds, el ministro de Econom\u00eda y candidato a presidente, Sergio Massa, advirti\u00f3 a las petroleras que \u00absi el martes a las 12 de la noche no est\u00e1 resuelto el abastecimiento, desde el mi\u00e9rcoles no van a poder sacar un solo barco de exportaci\u00f3n. El petr\u00f3leo es primero para los argentinos\u00bb .<\/p>\n\n\n\n<figure class=\"wp-block-image size-large\"><img fetchpriority=\"high\" decoding=\"async\" width=\"1024\" height=\"600\" src=\"https:\/\/diariodigitalnea.com\/wp-content\/uploads\/2023\/10\/nafta-massa-1024x600.jpg\" alt=\"\" class=\"wp-image-11457\" srcset=\"https:\/\/diariodigitalnea.com\/wp-content\/uploads\/2023\/10\/nafta-massa-1024x600.jpg 1024w, https:\/\/diariodigitalnea.com\/wp-content\/uploads\/2023\/10\/nafta-massa-300x176.jpg 300w, https:\/\/diariodigitalnea.com\/wp-content\/uploads\/2023\/10\/nafta-massa-768x450.jpg 768w, https:\/\/diariodigitalnea.com\/wp-content\/uploads\/2023\/10\/nafta-massa.jpg 1089w\" sizes=\"(max-width: 1024px) 100vw, 1024px\" \/><\/figure>\n\n\n\n<p>\u00abLes guste o no les guste a las petroleras, vamos a hacer crecer el cupo de biocombustibles, porque es clave para el crecimiento y abastecimiento y el cumplimiento de las metas ambientales de la Argentina\u00bb, asegur\u00f3.<\/p>\n\n\n\n<figure class=\"wp-block-image size-large\"><img decoding=\"async\" width=\"1024\" height=\"513\" src=\"http:\/\/diariodigitalnea.com\/wp-content\/uploads\/2023\/05\/ENCUENTRO-IG-Verde-copy-1024x513.jpg\" alt=\"PUBLICIDAD\" class=\"wp-image-8132\" srcset=\"https:\/\/diariodigitalnea.com\/wp-content\/uploads\/2023\/05\/ENCUENTRO-IG-Verde-copy-1024x513.jpg 1024w, https:\/\/diariodigitalnea.com\/wp-content\/uploads\/2023\/05\/ENCUENTRO-IG-Verde-copy-300x150.jpg 300w, https:\/\/diariodigitalnea.com\/wp-content\/uploads\/2023\/05\/ENCUENTRO-IG-Verde-copy-768x385.jpg 768w, https:\/\/diariodigitalnea.com\/wp-content\/uploads\/2023\/05\/ENCUENTRO-IG-Verde-copy-1536x769.jpg 1536w, https:\/\/diariodigitalnea.com\/wp-content\/uploads\/2023\/05\/ENCUENTRO-IG-Verde-copy-2048x1026.jpg 2048w\" sizes=\"(max-width: 1024px) 100vw, 1024px\" \/><figcaption>Publicidad: Encuentro Tienda de Bebidas, Chile 190 Local 4 \u2013 Tel: 3624386655 &#8211; Gral San Mart\u00edn<\/figcaption><\/figure>\n\n\n\n<p><strong>CR\u00cdTICAS A MILEI<\/strong><\/p>\n\n\n\n<p>Tambi\u00e9n critic\u00f3 al otro candidato, Javier Milei, por estar en contra del control de precios, y cuestion\u00f3 su proyecto para terminar con el sistema de coparticipaci\u00f3n: \u00abLa clave es entender que el Norte tiene primero la oportunidad de defender la coparticipaci\u00f3n frente a un proyecto pol\u00edtico que dice que la quiere eliminar\u00bb.<\/p>\n\n\n\n<figure class=\"wp-block-image size-large\"><img decoding=\"async\" width=\"1024\" height=\"446\" src=\"http:\/\/diariodigitalnea.com\/wp-content\/uploads\/2023\/05\/CONSTRUCAL-CON-FABRICA-2-1024x446.jpg\" alt=\"publicidad Construcal 2\" class=\"wp-image-8211\" srcset=\"https:\/\/diariodigitalnea.com\/wp-content\/uploads\/2023\/05\/CONSTRUCAL-CON-FABRICA-2-1024x446.jpg 1024w, https:\/\/diariodigitalnea.com\/wp-content\/uploads\/2023\/05\/CONSTRUCAL-CON-FABRICA-2-300x131.jpg 300w, https:\/\/diariodigitalnea.com\/wp-content\/uploads\/2023\/05\/CONSTRUCAL-CON-FABRICA-2-768x334.jpg 768w, https:\/\/diariodigitalnea.com\/wp-content\/uploads\/2023\/05\/CONSTRUCAL-CON-FABRICA-2-1536x669.jpg 1536w, https:\/\/diariodigitalnea.com\/wp-content\/uploads\/2023\/05\/CONSTRUCAL-CON-FABRICA-2-2048x892.jpg 2048w\" sizes=\"(max-width: 1024px) 100vw, 1024px\" \/><figcaption>Publicidad: ConstruCal Cales hidratas y vivas para uso vial y construcci\u00f3n TEL: 3624602737\n<\/figcaption><\/figure>\n","protected":false},"excerpt":{"rendered":"<p>Responsabiliz\u00f3 a las compa\u00f1\u00edas de petr\u00f3leo y le peg\u00f3 a Milei. En el marco de la escasez de petr\u00f3leo que vive el pa\u00eds, el ministro de Econom\u00eda y candidato a presidente, Sergio Massa, advirti\u00f3 a las petroleras que \u00absi el martes a las 12 de la noche no est\u00e1 resuelto el abastecimiento, desde el mi\u00e9rcoles [&hellip;]<\/p>\n","protected":false},"author":4,"featured_media":11458,"comment_status":"closed","ping_status":"closed","sticky":false,"template":"","format":"standard","meta":{"om_disable_all_campaigns":false,"_monsterinsights_skip_tracking":false,"_monsterinsights_sitenote_active":false,"_monsterinsights_sitenote_note":"","_monsterinsights_sitenote_category":0,"footnotes":""},"categories":[5,4],"tags":[1266,1358],"class_list":["post-11456","post","type-post","status-publish","format-standard","has-post-thumbnail","hentry","category-economia","category-politica","tag-massa","tag-nafta"],"aioseo_notices":[],"amp_enabled":true,"_links":{"self":[{"href":"https:\/\/diariodigitalnea.com\/index.php\/wp-json\/wp\/v2\/posts\/11456","targetHints":{"allow":["GET"]}}],"collection":[{"href":"https:\/\/diariodigitalnea.com\/index.php\/wp-json\/wp\/v2\/posts"}],"about":[{"href":"https:\/\/diariodigitalnea.com\/index.php\/wp-json\/wp\/v2\/types\/post"}],"author":[{"embeddable":true,"href":"https:\/\/diariodigitalnea.com\/index.php\/wp-json\/wp\/v2\/users\/4"}],"replies":[{"embeddable":true,"href":"https:\/\/diariodigitalnea.com\/index.php\/wp-json\/wp\/v2\/comments?post=11456"}],"version-history":[{"count":1,"href":"https:\/\/diariodigitalnea.com\/index.php\/wp-json\/wp\/v2\/posts\/11456\/revisions"}],"predecessor-version":[{"id":11459,"href":"https:\/\/diariodigitalnea.com\/index.php\/wp-json\/wp\/v2\/posts\/11456\/revisions\/11459"}],"wp:featuredmedia":[{"embeddable":true,"href":"https:\/\/diariodigitalnea.com\/index.php\/wp-json\/wp\/v2\/media\/11458"}],"wp:attachment":[{"href":"https:\/\/diariodigitalnea.com\/index.php\/wp-json\/wp\/v2\/media?parent=11456"}],"wp:term":[{"taxonomy":"category","embeddable":true,"href":"https:\/\/diariodigitalnea.com\/index.php\/wp-json\/wp\/v2\/categories?post=11456"},{"taxonomy":"post_tag","embeddable":true,"href":"https:\/\/diariodigitalnea.com\/index.php\/wp-json\/wp\/v2\/tags?post=11456"}],"curies":[{"name":"wp","href":"https:\/\/api.w.org\/{rel}","templated":true}]}}