{"id":11430,"date":"2023-10-27T14:21:29","date_gmt":"2023-10-27T14:21:29","guid":{"rendered":"https:\/\/diariodigitalnea.com\/?p=11430"},"modified":"2023-10-27T14:21:29","modified_gmt":"2023-10-27T14:21:29","slug":"alumnos-pintan-murales-en-las-escuelas-para-generar-conciencia-ambiental-en-el-impenetrable","status":"publish","type":"post","link":"https:\/\/diariodigitalnea.com\/index.php\/2023\/10\/27\/alumnos-pintan-murales-en-las-escuelas-para-generar-conciencia-ambiental-en-el-impenetrable\/","title":{"rendered":"Alumnos pintan murales en las escuelas para generar conciencia ambiental en el impenetrable"},"content":{"rendered":"\n<p>Con la participaci\u00f3n de toda la comunidad, alumnos de escuelas rurales de distintos parajes del Impenetrable, pintan murales de animales silvestres de la eco regi\u00f3n, asumiendo el desaf\u00edo de convertirse en agentes generadores de la conciencia ambiental y guardianes de la naturaleza.<\/p>\n\n\n\n<p><\/p>\n\n\n\n<p>Desde el momento mismo en que se cre\u00f3 el Parque Nacional El Impenetrable en el a\u00f1o 2014, se empezaron a producir una serie de transformaciones en toda la regi\u00f3n. Tanto dentro de las 128 mil hect\u00e1reas que comprende el \u00e1rea protegida, como los cambios positivos que el modelo de econom\u00eda regenerativa comenz\u00f3 a producir en las comunidades circundantes al extenso territorio.<\/p>\n\n\n\n<figure class=\"wp-block-image size-large\"><img fetchpriority=\"high\" decoding=\"async\" width=\"1024\" height=\"682\" src=\"https:\/\/diariodigitalnea.com\/wp-content\/uploads\/2023\/10\/WhatsApp-Image-2023-10-27-at-10.47.16-1-1024x682.jpeg\" alt=\"\" class=\"wp-image-11437\" srcset=\"https:\/\/diariodigitalnea.com\/wp-content\/uploads\/2023\/10\/WhatsApp-Image-2023-10-27-at-10.47.16-1-1024x682.jpeg 1024w, https:\/\/diariodigitalnea.com\/wp-content\/uploads\/2023\/10\/WhatsApp-Image-2023-10-27-at-10.47.16-1-300x200.jpeg 300w, https:\/\/diariodigitalnea.com\/wp-content\/uploads\/2023\/10\/WhatsApp-Image-2023-10-27-at-10.47.16-1-768x512.jpeg 768w, https:\/\/diariodigitalnea.com\/wp-content\/uploads\/2023\/10\/WhatsApp-Image-2023-10-27-at-10.47.16-1-1536x1023.jpeg 1536w, https:\/\/diariodigitalnea.com\/wp-content\/uploads\/2023\/10\/WhatsApp-Image-2023-10-27-at-10.47.16-1-900x600.jpeg 900w, https:\/\/diariodigitalnea.com\/wp-content\/uploads\/2023\/10\/WhatsApp-Image-2023-10-27-at-10.47.16-1.jpeg 1600w\" sizes=\"(max-width: 1024px) 100vw, 1024px\" \/><\/figure>\n\n\n\n<p><\/p>\n\n\n\n<p>En materia de conservaci\u00f3n se avanz\u00f3 desde entonces en relevamientos y trabajos de investigaci\u00f3n, con el debido resguardo de los bosques de algarrobo, palo santo y quebrachos, pastizales, ba\u00f1ados y lagunas; tanto como las especies animales vulnerables o en peligro de extinci\u00f3n como el tat\u00fa carreta, el oso hormiguero, el tapir, el aguar\u00e1 guaz\u00fa y el yaguaret\u00e9.<\/p>\n\n\n\n<p><\/p>\n\n\n\n<p>Desde entonces la experiencia ha demostrado que una buena gesti\u00f3n sustentable del turismo de naturaleza y de la conservaci\u00f3n del ambiente es posible a partir de un trabajo interrelacionado y articulado entre distintos organismos y jurisdicciones del sector p\u00fablico estatal, privado, comunidad cient\u00edfica y la sociedad civil. Tan simple como entender que la conservaci\u00f3n del monte y sus animales, pueden producir bienestar econ\u00f3mico en las comunidades residentes a partir del emprendedurismo y los beneficios que drena el turismo.<\/p>\n\n\n\n<figure class=\"wp-block-image size-large\"><img decoding=\"async\" width=\"1024\" height=\"683\" src=\"https:\/\/diariodigitalnea.com\/wp-content\/uploads\/2023\/10\/WhatsApp-Image-2023-10-27-at-10.47.18-1-1024x683.jpeg\" alt=\"\" class=\"wp-image-11438\" srcset=\"https:\/\/diariodigitalnea.com\/wp-content\/uploads\/2023\/10\/WhatsApp-Image-2023-10-27-at-10.47.18-1-1024x683.jpeg 1024w, https:\/\/diariodigitalnea.com\/wp-content\/uploads\/2023\/10\/WhatsApp-Image-2023-10-27-at-10.47.18-1-300x200.jpeg 300w, https:\/\/diariodigitalnea.com\/wp-content\/uploads\/2023\/10\/WhatsApp-Image-2023-10-27-at-10.47.18-1-768x512.jpeg 768w, https:\/\/diariodigitalnea.com\/wp-content\/uploads\/2023\/10\/WhatsApp-Image-2023-10-27-at-10.47.18-1-1536x1024.jpeg 1536w, https:\/\/diariodigitalnea.com\/wp-content\/uploads\/2023\/10\/WhatsApp-Image-2023-10-27-at-10.47.18-1-900x600.jpeg 900w, https:\/\/diariodigitalnea.com\/wp-content\/uploads\/2023\/10\/WhatsApp-Image-2023-10-27-at-10.47.18-1.jpeg 1600w\" sizes=\"(max-width: 1024px) 100vw, 1024px\" \/><\/figure>\n\n\n\n<p><strong>LA NATURALEZA Y LA CONCIENTIZACI\u00d3N AMBIENTAL<\/strong><\/p>\n\n\n\n<p>Desde los inicios del proyecto Impenetrable, la Fundaci\u00f3n Rewilding Argentina acompa\u00f1a con distintos programas la formaci\u00f3n de l\u00edderes comunitarios para afianzar su rol como guardianes de los valores naturales y culturales que conforman la identidad de los pueblos del Impenetrable.<\/p>\n\n\n\n<figure class=\"wp-block-image size-large\"><img decoding=\"async\" width=\"1024\" height=\"682\" src=\"https:\/\/diariodigitalnea.com\/wp-content\/uploads\/2023\/10\/WhatsApp-Image-2023-10-27-at-10.47.22-1-1-1024x682.jpeg\" alt=\"\" class=\"wp-image-11433\" srcset=\"https:\/\/diariodigitalnea.com\/wp-content\/uploads\/2023\/10\/WhatsApp-Image-2023-10-27-at-10.47.22-1-1-1024x682.jpeg 1024w, https:\/\/diariodigitalnea.com\/wp-content\/uploads\/2023\/10\/WhatsApp-Image-2023-10-27-at-10.47.22-1-1-300x200.jpeg 300w, https:\/\/diariodigitalnea.com\/wp-content\/uploads\/2023\/10\/WhatsApp-Image-2023-10-27-at-10.47.22-1-1-768x512.jpeg 768w, https:\/\/diariodigitalnea.com\/wp-content\/uploads\/2023\/10\/WhatsApp-Image-2023-10-27-at-10.47.22-1-1-1536x1023.jpeg 1536w, https:\/\/diariodigitalnea.com\/wp-content\/uploads\/2023\/10\/WhatsApp-Image-2023-10-27-at-10.47.22-1-1-900x600.jpeg 900w, https:\/\/diariodigitalnea.com\/wp-content\/uploads\/2023\/10\/WhatsApp-Image-2023-10-27-at-10.47.22-1-1.jpeg 1600w\" sizes=\"(max-width: 1024px) 100vw, 1024px\" \/><\/figure>\n\n\n\n<p>Con distintas acciones se ha trabajado en el territorio con la formaci\u00f3n y capacitaci\u00f3n de emprendedores y artesanos, tanto como la concientizaci\u00f3n y educaci\u00f3n ambiental de las comunidades en general. Revalorizando la cultura, las tradiciones y el patrimonio natural, mediante charlas de concientizaci\u00f3n, viajes de intercambio de experiencias, la realizaci\u00f3n de obras de teatro y la creaci\u00f3n de murales -por ejemplo-, para facilitar el conocimiento, la inclusi\u00f3n y la participaci\u00f3n comunitaria.<\/p>\n\n\n\n<p><\/p>\n\n\n\n<p>El turismo de naturaleza ofrece una multiplicidad de oportunidades y un nuevo paradigma a partir de la prestaci\u00f3n de servicios de calidad en gastronom\u00eda y alojamiento; guiado en excursiones de observaci\u00f3n de fauna, avistaje de aves, cabalgatas, paseos embarcados y senderismo.<\/p>\n\n\n\n<figure class=\"wp-block-image size-large\"><img loading=\"lazy\" decoding=\"async\" width=\"1024\" height=\"682\" src=\"https:\/\/diariodigitalnea.com\/wp-content\/uploads\/2023\/10\/WhatsApp-Image-2023-10-27-at-10.47.18-1024x682.jpeg\" alt=\"\" class=\"wp-image-11434\" srcset=\"https:\/\/diariodigitalnea.com\/wp-content\/uploads\/2023\/10\/WhatsApp-Image-2023-10-27-at-10.47.18-1024x682.jpeg 1024w, https:\/\/diariodigitalnea.com\/wp-content\/uploads\/2023\/10\/WhatsApp-Image-2023-10-27-at-10.47.18-300x200.jpeg 300w, https:\/\/diariodigitalnea.com\/wp-content\/uploads\/2023\/10\/WhatsApp-Image-2023-10-27-at-10.47.18-768x512.jpeg 768w, https:\/\/diariodigitalnea.com\/wp-content\/uploads\/2023\/10\/WhatsApp-Image-2023-10-27-at-10.47.18-1536x1023.jpeg 1536w, https:\/\/diariodigitalnea.com\/wp-content\/uploads\/2023\/10\/WhatsApp-Image-2023-10-27-at-10.47.18-900x600.jpeg 900w, https:\/\/diariodigitalnea.com\/wp-content\/uploads\/2023\/10\/WhatsApp-Image-2023-10-27-at-10.47.18.jpeg 1600w\" sizes=\"(max-width: 1024px) 100vw, 1024px\" \/><\/figure>\n\n\n\n<p>El objetivo del trabajo mancomunado, emprendido articuladamente por distintos organismos, promueve la concientizaci\u00f3n y la capacitaci\u00f3n de los residentes locales para que desde el emprendedurismo puedan prosperar econ\u00f3micamente en el territorio, sin tener que emigrar a las ciudades lejanas y desconocidas.<\/p>\n\n\n\n<p><\/p>\n\n\n\n<p><strong>MURALES EN EL IMPENETRABLE<\/strong><\/p>\n\n\n\n<p>En este contexto, en El Sauzalito se est\u00e1 registrando una experiencia in\u00e9dita: con la participaci\u00f3n de toda la comunidad, los alumnos de la escuela N\u00b0 920 del Paraje Laguna de Ayarde, est\u00e1n terminando un mural con el que buscan revalorizar la fauna aut\u00f3ctona del gran Chaco, para generar conciencia ambiental.<\/p>\n\n\n\n<figure class=\"wp-block-image size-large\"><img loading=\"lazy\" decoding=\"async\" width=\"1024\" height=\"682\" src=\"https:\/\/diariodigitalnea.com\/wp-content\/uploads\/2023\/10\/WhatsApp-Image-2023-10-27-at-10.47.22-1024x682.jpeg\" alt=\"\" class=\"wp-image-11431\" srcset=\"https:\/\/diariodigitalnea.com\/wp-content\/uploads\/2023\/10\/WhatsApp-Image-2023-10-27-at-10.47.22-1024x682.jpeg 1024w, https:\/\/diariodigitalnea.com\/wp-content\/uploads\/2023\/10\/WhatsApp-Image-2023-10-27-at-10.47.22-300x200.jpeg 300w, https:\/\/diariodigitalnea.com\/wp-content\/uploads\/2023\/10\/WhatsApp-Image-2023-10-27-at-10.47.22-768x512.jpeg 768w, https:\/\/diariodigitalnea.com\/wp-content\/uploads\/2023\/10\/WhatsApp-Image-2023-10-27-at-10.47.22-1536x1023.jpeg 1536w, https:\/\/diariodigitalnea.com\/wp-content\/uploads\/2023\/10\/WhatsApp-Image-2023-10-27-at-10.47.22-900x600.jpeg 900w, https:\/\/diariodigitalnea.com\/wp-content\/uploads\/2023\/10\/WhatsApp-Image-2023-10-27-at-10.47.22.jpeg 1600w\" sizes=\"(max-width: 1024px) 100vw, 1024px\" \/><\/figure>\n\n\n\n<p>Pero este mural no es el primero. El anterior se hizo en el mes de agosto, en la Escuela del Paraje Paso la Cruz, cercano al Portal de acceso al Parque Nacional El Impenetrable. Se lo puede apreciar desde el camino que conecta la localidad de Miraflores con el Paraje La Armon\u00eda.<\/p>\n\n\n\n<p><\/p>\n\n\n\n<p>En este sentido Luc\u00eda Kronhaus, coordinadora regional del programa \u2018Comunidades\u2019 de la Fundaci\u00f3n Rewilding Argentina detall\u00f3 que est\u00e1n haciendo un trabajo en forma conjunta con el Ministerio de Educaci\u00f3n y con el Instituto de Turismo del Chaco, \u201cen este caso haciendo murales en tres escuelas del impenetrable en distintos n\u00facleos, donde se pueda plasmar las distintas especies animales con las que estamos trabajando para que vuelvan y prosperen\u201d.<\/p>\n\n\n\n<figure class=\"wp-block-image size-large\"><img loading=\"lazy\" decoding=\"async\" width=\"1024\" height=\"513\" src=\"http:\/\/diariodigitalnea.com\/wp-content\/uploads\/2023\/05\/ENCUENTRO-IG-Verde-copy-1024x513.jpg\" alt=\"PUBLICIDAD\" class=\"wp-image-8132\" srcset=\"https:\/\/diariodigitalnea.com\/wp-content\/uploads\/2023\/05\/ENCUENTRO-IG-Verde-copy-1024x513.jpg 1024w, https:\/\/diariodigitalnea.com\/wp-content\/uploads\/2023\/05\/ENCUENTRO-IG-Verde-copy-300x150.jpg 300w, https:\/\/diariodigitalnea.com\/wp-content\/uploads\/2023\/05\/ENCUENTRO-IG-Verde-copy-768x385.jpg 768w, https:\/\/diariodigitalnea.com\/wp-content\/uploads\/2023\/05\/ENCUENTRO-IG-Verde-copy-1536x769.jpg 1536w, https:\/\/diariodigitalnea.com\/wp-content\/uploads\/2023\/05\/ENCUENTRO-IG-Verde-copy-2048x1026.jpg 2048w\" sizes=\"(max-width: 1024px) 100vw, 1024px\" \/><figcaption>Publicidad: Encuentro Tienda de Bebidas, Chile 190 Local 4 \u2013 Tel: 3624386655 &#8211; Gral San Mart\u00edn<\/figcaption><\/figure>\n\n\n\n<p>La responsable de llevar adelante la ejecuci\u00f3n de los murales es la artista pl\u00e1stica Roxana Rodr\u00edguez, que vino desde Buenos Aires para compartir sus conocimientos y experiencias con los participantes.<\/p>\n\n\n\n<p><\/p>\n\n\n\n<p>\u201cRoxana, convive 10 d\u00edas en contacto con los miembros de cada comunidad, haciendo adem\u00e1s concientizaci\u00f3n ambiental, con actividades que incluyen salidas al monte para hacer avistaje de aves con binoculares, e identificaci\u00f3n de animales y plantas, que son los que se pintan despu\u00e9s en el mural. Lo m\u00e1s interesante de la experiencia es que participa toda la comunidad: alumnos, padres, abuelos facilitando adem\u00e1s la interacci\u00f3n y el di\u00e1logo intergeneracional\u201d, concluy\u00f3.<\/p>\n\n\n\n<p>Fotograf\u00eda: Gonzalo Leguizam\u00f3n \/ Alejandro Aquino<\/p>\n\n\n\n<figure class=\"wp-block-image size-large\"><img loading=\"lazy\" decoding=\"async\" width=\"1024\" height=\"446\" src=\"http:\/\/diariodigitalnea.com\/wp-content\/uploads\/2023\/05\/CONSTRUCAL-CON-FABRICA-2-1024x446.jpg\" alt=\"publicidad Construcal 2\" class=\"wp-image-8211\" srcset=\"https:\/\/diariodigitalnea.com\/wp-content\/uploads\/2023\/05\/CONSTRUCAL-CON-FABRICA-2-1024x446.jpg 1024w, https:\/\/diariodigitalnea.com\/wp-content\/uploads\/2023\/05\/CONSTRUCAL-CON-FABRICA-2-300x131.jpg 300w, https:\/\/diariodigitalnea.com\/wp-content\/uploads\/2023\/05\/CONSTRUCAL-CON-FABRICA-2-768x334.jpg 768w, https:\/\/diariodigitalnea.com\/wp-content\/uploads\/2023\/05\/CONSTRUCAL-CON-FABRICA-2-1536x669.jpg 1536w, https:\/\/diariodigitalnea.com\/wp-content\/uploads\/2023\/05\/CONSTRUCAL-CON-FABRICA-2-2048x892.jpg 2048w\" sizes=\"(max-width: 1024px) 100vw, 1024px\" \/><figcaption>Publicidad: ConstruCal Cales hidratas y vivas para uso vial y construcci\u00f3n TEL: 3624602737\n<\/figcaption><\/figure>\n","protected":false},"excerpt":{"rendered":"<p>Con la participaci\u00f3n de toda la comunidad, alumnos de escuelas rurales de distintos parajes del Impenetrable, pintan murales de animales silvestres de la eco regi\u00f3n, asumiendo el desaf\u00edo de convertirse en agentes generadores de la conciencia ambiental y guardianes de la naturaleza. Desde el momento mismo en que se cre\u00f3 el Parque Nacional El Impenetrable [&hellip;]<\/p>\n","protected":false},"author":4,"featured_media":11436,"comment_status":"closed","ping_status":"closed","sticky":false,"template":"","format":"standard","meta":{"om_disable_all_campaigns":false,"_monsterinsights_skip_tracking":false,"_monsterinsights_sitenote_active":false,"_monsterinsights_sitenote_note":"","_monsterinsights_sitenote_category":0,"footnotes":""},"categories":[53,149],"tags":[3289,3616,3285],"class_list":["post-11430","post","type-post","status-publish","format-standard","has-post-thumbnail","hentry","category-cultura","category-medio-ambiente","tag-ambiente","tag-escuelas","tag-impenetrable"],"aioseo_notices":[],"amp_enabled":true,"_links":{"self":[{"href":"https:\/\/diariodigitalnea.com\/index.php\/wp-json\/wp\/v2\/posts\/11430","targetHints":{"allow":["GET"]}}],"collection":[{"href":"https:\/\/diariodigitalnea.com\/index.php\/wp-json\/wp\/v2\/posts"}],"about":[{"href":"https:\/\/diariodigitalnea.com\/index.php\/wp-json\/wp\/v2\/types\/post"}],"author":[{"embeddable":true,"href":"https:\/\/diariodigitalnea.com\/index.php\/wp-json\/wp\/v2\/users\/4"}],"replies":[{"embeddable":true,"href":"https:\/\/diariodigitalnea.com\/index.php\/wp-json\/wp\/v2\/comments?post=11430"}],"version-history":[{"count":1,"href":"https:\/\/diariodigitalnea.com\/index.php\/wp-json\/wp\/v2\/posts\/11430\/revisions"}],"predecessor-version":[{"id":11439,"href":"https:\/\/diariodigitalnea.com\/index.php\/wp-json\/wp\/v2\/posts\/11430\/revisions\/11439"}],"wp:featuredmedia":[{"embeddable":true,"href":"https:\/\/diariodigitalnea.com\/index.php\/wp-json\/wp\/v2\/media\/11436"}],"wp:attachment":[{"href":"https:\/\/diariodigitalnea.com\/index.php\/wp-json\/wp\/v2\/media?parent=11430"}],"wp:term":[{"taxonomy":"category","embeddable":true,"href":"https:\/\/diariodigitalnea.com\/index.php\/wp-json\/wp\/v2\/categories?post=11430"},{"taxonomy":"post_tag","embeddable":true,"href":"https:\/\/diariodigitalnea.com\/index.php\/wp-json\/wp\/v2\/tags?post=11430"}],"curies":[{"name":"wp","href":"https:\/\/api.w.org\/{rel}","templated":true}]}}