{"id":11418,"date":"2023-10-26T23:19:33","date_gmt":"2023-10-26T23:19:33","guid":{"rendered":"https:\/\/diariodigitalnea.com\/?p=11418"},"modified":"2023-10-26T23:19:34","modified_gmt":"2023-10-26T23:19:34","slug":"zaira-nara-estallo-y-llevara-a-la-correntina-coty-romero-a-la-justicia","status":"publish","type":"post","link":"https:\/\/diariodigitalnea.com\/index.php\/2023\/10\/26\/zaira-nara-estallo-y-llevara-a-la-correntina-coty-romero-a-la-justicia\/","title":{"rendered":"Zaira Nara estall\u00f3 y llevar\u00e1 a la correntina Coty Romero a la Justicia"},"content":{"rendered":"\n<p>La modelo se enoj\u00f3 al escuchar que Coty y Charlotte Caniggia pusieron en duda c\u00f3mo ella y Wanda Nara, se hicieron famosas.<\/p>\n\n\n\n<p><br>Zaira Nara se cans\u00f3 y va por todo. La modelo renunci\u00f3 al streaming del &#8216;Bailando&#8217; por unos filosos dichos de Coty Romero, quien mand\u00f3 al frente a Charlotte Caniggia: \u00abDijo que Zaira y Wanda estaban ac\u00e1 por chupar pitos\u00bb. Ah\u00ed, explot\u00f3 todo.<\/p>\n\n\n\n<figure class=\"wp-block-gallery has-nested-images columns-default is-cropped wp-block-gallery-1 is-layout-flex wp-block-gallery-is-layout-flex\">\n<figure class=\"wp-block-image size-large\"><img fetchpriority=\"high\" decoding=\"async\" width=\"961\" height=\"648\" data-id=\"11421\" src=\"https:\/\/diariodigitalnea.com\/wp-content\/uploads\/2023\/10\/coti.jpg\" alt=\"\" class=\"wp-image-11421\" srcset=\"https:\/\/diariodigitalnea.com\/wp-content\/uploads\/2023\/10\/coti.jpg 961w, https:\/\/diariodigitalnea.com\/wp-content\/uploads\/2023\/10\/coti-300x202.jpg 300w, https:\/\/diariodigitalnea.com\/wp-content\/uploads\/2023\/10\/coti-768x518.jpg 768w\" sizes=\"(max-width: 961px) 100vw, 961px\" \/><\/figure>\n\n\n\n<figure class=\"wp-block-image size-large\"><img decoding=\"async\" width=\"1024\" height=\"690\" data-id=\"11422\" src=\"https:\/\/diariodigitalnea.com\/wp-content\/uploads\/2023\/10\/nara2-1024x690.jpg\" alt=\"\" class=\"wp-image-11422\" srcset=\"https:\/\/diariodigitalnea.com\/wp-content\/uploads\/2023\/10\/nara2-1024x690.jpg 1024w, https:\/\/diariodigitalnea.com\/wp-content\/uploads\/2023\/10\/nara2-300x202.jpg 300w, https:\/\/diariodigitalnea.com\/wp-content\/uploads\/2023\/10\/nara2-768x518.jpg 768w, https:\/\/diariodigitalnea.com\/wp-content\/uploads\/2023\/10\/nara2.jpg 1300w\" sizes=\"(max-width: 1024px) 100vw, 1024px\" \/><\/figure>\n\n\n\n<figure class=\"wp-block-image size-large\"><img decoding=\"async\" width=\"657\" height=\"449\" data-id=\"11420\" src=\"https:\/\/diariodigitalnea.com\/wp-content\/uploads\/2023\/10\/zaira-1.jpg\" alt=\"\" class=\"wp-image-11420\" srcset=\"https:\/\/diariodigitalnea.com\/wp-content\/uploads\/2023\/10\/zaira-1.jpg 657w, https:\/\/diariodigitalnea.com\/wp-content\/uploads\/2023\/10\/zaira-1-300x205.jpg 300w\" sizes=\"(max-width: 657px) 100vw, 657px\" \/><\/figure>\n<\/figure>\n\n\n\n<p><br>Con un explosivo comunicado en Twitter, Zaira expres\u00f3 su indignaci\u00f3n con las palabras de quien fue su compa\u00f1era de streaming: \u00abA partir del d\u00eda de la fecha, no continuar\u00e9 formando parte del streaming del Bailando. Jam\u00e1s imagin\u00e9 que participantes de este espacio, donde he puesto mucho cari\u00f1o y dedicaci\u00f3n, me iban a injuriar como lo han hecho. Soy respetuosa y me duele que se festejen expresiones da\u00f1inas que hieren profundamente mi dignidad como mujer y profesional. Disfrutaba mucho mirar y participar de este programa\u00bb<\/p>\n\n\n\n<figure class=\"wp-block-image size-large\"><img loading=\"lazy\" decoding=\"async\" width=\"1024\" height=\"513\" src=\"http:\/\/diariodigitalnea.com\/wp-content\/uploads\/2023\/05\/ENCUENTRO-IG-Verde-copy-1024x513.jpg\" alt=\"PUBLICIDAD\" class=\"wp-image-8132\" srcset=\"https:\/\/diariodigitalnea.com\/wp-content\/uploads\/2023\/05\/ENCUENTRO-IG-Verde-copy-1024x513.jpg 1024w, https:\/\/diariodigitalnea.com\/wp-content\/uploads\/2023\/05\/ENCUENTRO-IG-Verde-copy-300x150.jpg 300w, https:\/\/diariodigitalnea.com\/wp-content\/uploads\/2023\/05\/ENCUENTRO-IG-Verde-copy-768x385.jpg 768w, https:\/\/diariodigitalnea.com\/wp-content\/uploads\/2023\/05\/ENCUENTRO-IG-Verde-copy-1536x769.jpg 1536w, https:\/\/diariodigitalnea.com\/wp-content\/uploads\/2023\/05\/ENCUENTRO-IG-Verde-copy-2048x1026.jpg 2048w\" sizes=\"(max-width: 1024px) 100vw, 1024px\" \/><figcaption>Publicidad: Encuentro Tienda de Bebidas, Chile 190 Local 4 \u2013 Tel: 3624386655 &#8211; Gral San Mart\u00edn<\/figcaption><\/figure>\n\n\n\n<p>Ahora, en el programa &#8216;Entrometidos&#8217; por Net Tv, Carlos Monti revel\u00f3 la decisi\u00f3n que tom\u00f3 Zaira al sentirse agraviada: \u00abEst\u00e1 saliendo una carta documento de parte de los abogados de la agencia donde ella trabaja, contra Coty, exigi\u00e9ndole una rectificaci\u00f3n. Es probable que Wanda tambi\u00e9n reaccione. Hay que ver qu\u00e9 hace Ana Rosenfeld\u00bb.<\/p>\n\n\n\n<p><\/p>\n\n\n\n<p>\u00abSi hay una disculpa p\u00fablica no s\u00e9 si terminan negociando por toda esta cuesti\u00f3n comercial, que le sirve al programa, que vuelva Zaira. Y la que sea discontinuada del streaming, porque tiene mucho laburo, es Coty\u00bb, opin\u00f3 un panelista.<\/p>\n\n\n\n<figure class=\"wp-block-image size-large\"><img loading=\"lazy\" decoding=\"async\" width=\"1024\" height=\"446\" src=\"http:\/\/diariodigitalnea.com\/wp-content\/uploads\/2023\/05\/CONSTRUCAL-CON-FABRICA-2-1024x446.jpg\" alt=\"publicidad Construcal 2\" class=\"wp-image-8211\" srcset=\"https:\/\/diariodigitalnea.com\/wp-content\/uploads\/2023\/05\/CONSTRUCAL-CON-FABRICA-2-1024x446.jpg 1024w, https:\/\/diariodigitalnea.com\/wp-content\/uploads\/2023\/05\/CONSTRUCAL-CON-FABRICA-2-300x131.jpg 300w, https:\/\/diariodigitalnea.com\/wp-content\/uploads\/2023\/05\/CONSTRUCAL-CON-FABRICA-2-768x334.jpg 768w, https:\/\/diariodigitalnea.com\/wp-content\/uploads\/2023\/05\/CONSTRUCAL-CON-FABRICA-2-1536x669.jpg 1536w, https:\/\/diariodigitalnea.com\/wp-content\/uploads\/2023\/05\/CONSTRUCAL-CON-FABRICA-2-2048x892.jpg 2048w\" sizes=\"(max-width: 1024px) 100vw, 1024px\" \/><figcaption>Publicidad: ConstruCal Cales hidratas y vivas para uso vial y construcci\u00f3n TEL: 3624602737\n<\/figcaption><\/figure>\n","protected":false},"excerpt":{"rendered":"<p>La modelo se enoj\u00f3 al escuchar que Coty y Charlotte Caniggia pusieron en duda c\u00f3mo ella y Wanda Nara, se hicieron famosas. Zaira Nara se cans\u00f3 y va por todo. La modelo renunci\u00f3 al streaming del &#8216;Bailando&#8217; por unos filosos dichos de Coty Romero, quien mand\u00f3 al frente a Charlotte Caniggia: \u00abDijo que Zaira y [&hellip;]<\/p>\n","protected":false},"author":4,"featured_media":11423,"comment_status":"closed","ping_status":"closed","sticky":false,"template":"","format":"standard","meta":{"om_disable_all_campaigns":false,"_monsterinsights_skip_tracking":false,"_monsterinsights_sitenote_active":false,"_monsterinsights_sitenote_note":"","_monsterinsights_sitenote_category":0,"footnotes":""},"categories":[34,7],"tags":[2007,3615,2597],"class_list":["post-11418","post","type-post","status-publish","format-standard","has-post-thumbnail","hentry","category-corrientes","category-espectaculos","tag-charlotte-caniggia","tag-coty-romero","tag-zaira-nara"],"aioseo_notices":[],"amp_enabled":true,"_links":{"self":[{"href":"https:\/\/diariodigitalnea.com\/index.php\/wp-json\/wp\/v2\/posts\/11418","targetHints":{"allow":["GET"]}}],"collection":[{"href":"https:\/\/diariodigitalnea.com\/index.php\/wp-json\/wp\/v2\/posts"}],"about":[{"href":"https:\/\/diariodigitalnea.com\/index.php\/wp-json\/wp\/v2\/types\/post"}],"author":[{"embeddable":true,"href":"https:\/\/diariodigitalnea.com\/index.php\/wp-json\/wp\/v2\/users\/4"}],"replies":[{"embeddable":true,"href":"https:\/\/diariodigitalnea.com\/index.php\/wp-json\/wp\/v2\/comments?post=11418"}],"version-history":[{"count":1,"href":"https:\/\/diariodigitalnea.com\/index.php\/wp-json\/wp\/v2\/posts\/11418\/revisions"}],"predecessor-version":[{"id":11424,"href":"https:\/\/diariodigitalnea.com\/index.php\/wp-json\/wp\/v2\/posts\/11418\/revisions\/11424"}],"wp:featuredmedia":[{"embeddable":true,"href":"https:\/\/diariodigitalnea.com\/index.php\/wp-json\/wp\/v2\/media\/11423"}],"wp:attachment":[{"href":"https:\/\/diariodigitalnea.com\/index.php\/wp-json\/wp\/v2\/media?parent=11418"}],"wp:term":[{"taxonomy":"category","embeddable":true,"href":"https:\/\/diariodigitalnea.com\/index.php\/wp-json\/wp\/v2\/categories?post=11418"},{"taxonomy":"post_tag","embeddable":true,"href":"https:\/\/diariodigitalnea.com\/index.php\/wp-json\/wp\/v2\/tags?post=11418"}],"curies":[{"name":"wp","href":"https:\/\/api.w.org\/{rel}","templated":true}]}}