{"id":11381,"date":"2023-10-25T23:37:09","date_gmt":"2023-10-25T23:37:09","guid":{"rendered":"https:\/\/diariodigitalnea.com\/?p=11381"},"modified":"2023-10-25T23:38:20","modified_gmt":"2023-10-25T23:38:20","slug":"patricia-bullrich-anuncio-su-apoyo-a-javier-milei-de-cara-al-balotaje","status":"publish","type":"post","link":"https:\/\/diariodigitalnea.com\/index.php\/2023\/10\/25\/patricia-bullrich-anuncio-su-apoyo-a-javier-milei-de-cara-al-balotaje\/","title":{"rendered":"Patricia Bullrich anunci\u00f3 su apoyo a Javier Milei de cara al balotaje"},"content":{"rendered":"\n<p>La ex candidata presidencial de Juntos por el Cambio manifest\u00f3 en conferencia de prensa su posici\u00f3n de cara a la segunda vuelta entre Sergio Massa y Milei.<\/p>\n\n\n\n<p>\u00abNo podemos ser neutrales\u00bb, asegur\u00f3 Bullrich en una conferencia de prensa que llev\u00f3 a cabo este mediod\u00eda junto a quien fue su compa\u00f1ero de f\u00f3rmula Luis Petri. \u201cRatificamos nuestra defensa a ultranza de los valores del cambio y la libertad\u201d, sostuvo.<\/p>\n\n\n\n<p><strong>\u201cCon Javier Milei tenemos diferencias, por eso hemos competido, no las ocultamos. Sin embargo, nos encontramos ante el dilema de cambio o continuidad mafiosa para Argentina.<\/strong> La mayor\u00eda de los argentinos eligi\u00f3 un cambio y nosotros representamos parte de ese cambio. Tenemos la obligaci\u00f3n de no ser neutrales\u00bb, subray\u00f3.<\/p>\n\n\n\n<p>\u00abAyer a la noche tuve un encuentro con Milei donde tuvimos una charla respecto a lo que hab\u00edan sido sus declaraciones y en el \u00e1mbito privado nos perdonamos mutuamente\u00bb, dijo Bullrich en la rueda de prensa.<\/p>\n\n\n\n<p>\u201cNo negociamos el cambio que Argentina necesita\u201d, indic\u00f3 con firmeza. \u201cHemos ganado la representaci\u00f3n y la confianza de una porci\u00f3n importante de argentinos que votaron el domingo. No los vamos a abandonar. Siempre los vamos a defender\u00bb.<\/p>\n\n\n\n<p><strong>\u201cHoy creemos que hay que aunar fuerzas para un objetivo superior. Como dijo San Mart\u00edn, cuando la Patria est\u00e1 en peligro, todo est\u00e1 permitido, excepto no defenderla\u201d<\/strong>, asegur\u00f3.<\/p>\n\n\n\n<p>Bullrich dijo que tanto el radicalismo como el PRO \u00abtienen todo el derecho a tener libertad de acci\u00f3n\u00bb de cara al balotaje del 19 de noviembre pr\u00f3ximo, reconoci\u00f3 que \u00abhay distintas opiniones\u00bb y que espera que \u00abesto no signifique una ruptura del di\u00e1logo interno sino un fortalecimiento respecto al futuro de Juntos por el Cambio\u00bb.<\/p>\n\n\n\n<p>\u00abNosotros sentimos una responsabilidad por haber sido la f\u00f3rmula que la gente puso en el sobre\u00bb, afirm\u00f3 en referencia a los votos que recibieron en las elecciones del pasado domingo.<\/p>\n\n\n\n<p>\u201cNo venimos en representaci\u00f3n de nuestros partidos &#8211; aclar\u00f3 al comienzo &#8211; sino en la representaci\u00f3n de haber reunido el apoyo a nuestra f\u00f3rmula de 6.200.000 argentinos que nos acompa\u00f1aron\u201d, expres\u00f3.<\/p>\n\n\n\n<p>\u201cLa urgencia del momento nos interpela a no ser neutrales frente al peligro de la continuidad del kirchenirsmo a trav\u00e9s de Sergio Massa. Tenemos la convicci\u00f3n de que solo a trav\u00e9s de los valores de la Rep\u00fablica, de la transparencia, la lucha contra la corrupci\u00f3n y un pa\u00eds sin populismo, Argentina podr\u00e1 salir adelante\u201d, sentenci\u00f3 la titular del PRO.<\/p>\n\n\n\n<p>Mencion\u00f3 entonces que <strong>\u201chace 20 a\u00f1os Cristina Kirchner, Alberto Fern\u00e1ndez y Sergio Massa nos hunden en esta decadencia. Argentina no puede reiniciar un nuevo ciclo kirchnerista liderado por Massa\u201d<\/strong>. Seg\u00fan Bullrich, \u201cesto implicar\u00eda para nuestro pa\u00eds y nuestro pueblo una nueva etapa hist\u00f3rica bajo el dominio de un populismo corrupto que condenar\u00eda a Argentina a su decadencia final\u201d.<\/p>\n\n\n\n<p>La excandidata presidencial de Juntos por el Cambio consider\u00f3 que, en caso de que Sergio Massa ganara el balotaje, en Argentina habr\u00eda \u201cun estado en contra de la gente que seguir\u00e1 siendo una \u2018guardia de \u00f1oquis\u2019, con privilegios para los pol\u00edticos, gerentes de la pobreza y mafiosos\u201d. \u201cCristina Fern\u00e1ndez de Kirchner seguir\u00e1 poniendo jueces a dedo que le aseguren su impunidad e intentar\u00e1 el control pol\u00edtico de una Corte Suprema a su medida\u201d, mencion\u00f3.<\/p>\n\n\n\n<p>En tercer lugar anticip\u00f3 que \u201cel capitalismo de amigos ser\u00e1 la regla, continuando la destrucci\u00f3n de una Argentina productiva y competitiva, con predominio de burocracias y mafias empresarias y sindicales, que traban el trabajo y progreso de los argentinos\u201d.<\/p>\n\n\n\n<p>Sobre el Poder Legislativo, mencion\u00f3 que \u201cel Congreso se convertir\u00e1 en una escriban\u00eda bajo extorsiones permanentes. Los gobernadores y los intendentes no kirchneristas depender\u00e1n de la discrecionalidad del Poder Ejecutivo y no de reglas de transparencia e institucionalidad\u201d.<\/p>\n\n\n\n<p>\u201cLa seguridad de los argentinos estar\u00e1 en riesgo producto de una ideolog\u00eda kirchnerista que tiene como centro la defensa de los delincuentes, el ataque a las fuerzas de seguridad y la desprotecci\u00f3n de los ciudadanos y las v\u00edctimas\u201d, asegur\u00f3 hoy Bullrich.<\/p>\n","protected":false},"excerpt":{"rendered":"<p>La ex candidata presidencial de Juntos por el Cambio manifest\u00f3 en conferencia de prensa su posici\u00f3n de cara a la segunda vuelta entre Sergio Massa y Milei. \u00abNo podemos ser neutrales\u00bb, asegur\u00f3 Bullrich en una conferencia de prensa que llev\u00f3 a cabo este mediod\u00eda junto a quien fue su compa\u00f1ero de f\u00f3rmula Luis Petri. \u201cRatificamos [&hellip;]<\/p>\n","protected":false},"author":3,"featured_media":11382,"comment_status":"closed","ping_status":"closed","sticky":false,"template":"","format":"standard","meta":{"om_disable_all_campaigns":false,"_monsterinsights_skip_tracking":false,"_monsterinsights_sitenote_active":false,"_monsterinsights_sitenote_note":"","_monsterinsights_sitenote_category":0,"footnotes":""},"categories":[90,4],"tags":[1836,3607,2784,1032],"class_list":["post-11381","post","type-post","status-publish","format-standard","has-post-thumbnail","hentry","category-nacionales","category-politica","tag-apoyo-politico","tag-estrategia-politica","tag-javier-milei","tag-patricia-bullrich"],"aioseo_notices":[],"amp_enabled":true,"_links":{"self":[{"href":"https:\/\/diariodigitalnea.com\/index.php\/wp-json\/wp\/v2\/posts\/11381","targetHints":{"allow":["GET"]}}],"collection":[{"href":"https:\/\/diariodigitalnea.com\/index.php\/wp-json\/wp\/v2\/posts"}],"about":[{"href":"https:\/\/diariodigitalnea.com\/index.php\/wp-json\/wp\/v2\/types\/post"}],"author":[{"embeddable":true,"href":"https:\/\/diariodigitalnea.com\/index.php\/wp-json\/wp\/v2\/users\/3"}],"replies":[{"embeddable":true,"href":"https:\/\/diariodigitalnea.com\/index.php\/wp-json\/wp\/v2\/comments?post=11381"}],"version-history":[{"count":1,"href":"https:\/\/diariodigitalnea.com\/index.php\/wp-json\/wp\/v2\/posts\/11381\/revisions"}],"predecessor-version":[{"id":11383,"href":"https:\/\/diariodigitalnea.com\/index.php\/wp-json\/wp\/v2\/posts\/11381\/revisions\/11383"}],"wp:featuredmedia":[{"embeddable":true,"href":"https:\/\/diariodigitalnea.com\/index.php\/wp-json\/wp\/v2\/media\/11382"}],"wp:attachment":[{"href":"https:\/\/diariodigitalnea.com\/index.php\/wp-json\/wp\/v2\/media?parent=11381"}],"wp:term":[{"taxonomy":"category","embeddable":true,"href":"https:\/\/diariodigitalnea.com\/index.php\/wp-json\/wp\/v2\/categories?post=11381"},{"taxonomy":"post_tag","embeddable":true,"href":"https:\/\/diariodigitalnea.com\/index.php\/wp-json\/wp\/v2\/tags?post=11381"}],"curies":[{"name":"wp","href":"https:\/\/api.w.org\/{rel}","templated":true}]}}