{"id":11366,"date":"2023-10-25T00:33:20","date_gmt":"2023-10-25T00:33:20","guid":{"rendered":"https:\/\/diariodigitalnea.com\/?p=11366"},"modified":"2023-10-25T00:33:20","modified_gmt":"2023-10-25T00:33:20","slug":"primera-crisis-de-pareja-entre-milei-y-fatima-florez-lemoine-la-tercera-en-discordia","status":"publish","type":"post","link":"https:\/\/diariodigitalnea.com\/index.php\/2023\/10\/25\/primera-crisis-de-pareja-entre-milei-y-fatima-florez-lemoine-la-tercera-en-discordia\/","title":{"rendered":"Primera crisis de pareja entre Milei y F\u00e1tima Florez: \u00bfLemoine, la tercera en discordia?"},"content":{"rendered":"\n<p>La medi\u00e1tica pareja estar\u00eda en medio de su primera crisis y la diputada por La Libertad Avanza ser\u00eda el motivo principal. \u00a0.<\/p>\n\n\n\n<p>La supuesta crisis entre Javier Milei y F\u00e1tima Florez tendr\u00eda una tercera persona involucrada y en Socios del Espect\u00e1culo (El Trece) revelaron que se tratar\u00eda de Lilia Lemoine, la diputada de la provincia de Buenos Aires por LLA.<\/p>\n\n\n\n<h2 class=\"wp-block-heading\">Qui\u00e9n es la tercera en discordia entre F\u00e1tima Florez y Javier Milei<\/h2>\n\n\n\n<p>El primero en divulgar la noticia fue el periodista Juan Etchegoyen en Mitre Live (redes de Radio Mitre):<strong> \u00abNo s\u00e9 si el candidato y su novia, F\u00e1tima, est\u00e1n en crisis, pero puedo asegurar que hubo una feroz pelea. Se pudri\u00f3 todo por una mujer cercana al pol\u00edtico\u00bb<\/strong>.<\/p>\n\n\n\n<p>Por otro lado, el comunicador cont\u00f3 que una mujer estar\u00eda en el medio del conflicto: <strong>\u00abTodo se resume a un ataque de celos que habr\u00eda tenido F\u00e1tima el d\u00eda del cierre de campa\u00f1a en el Movistar arena y este planteo le habr\u00eda enojado a Javier que decidi\u00f3 contestarle a su pareja. Hay una mujer rubia de las listas de Milei que al parecer por lo que me contaban fue novia de \u00e9l y sigue trabajando ah\u00ed, F\u00e1tima se enter\u00f3 de todo y estall\u00f3 todo por los aires, ella sostiene que esta mujer tiene mas privilegios que ella como novia\u00bb.<\/strong><\/p>\n\n\n\n<figure class=\"wp-block-image size-full\"><img fetchpriority=\"high\" decoding=\"async\" width=\"474\" height=\"355\" src=\"http:\/\/diariodigitalnea.com\/wp-content\/uploads\/2023\/10\/lemoine.jpg\" alt=\"\" class=\"wp-image-11368\" srcset=\"https:\/\/diariodigitalnea.com\/wp-content\/uploads\/2023\/10\/lemoine.jpg 474w, https:\/\/diariodigitalnea.com\/wp-content\/uploads\/2023\/10\/lemoine-300x225.jpg 300w\" sizes=\"(max-width: 474px) 100vw, 474px\" \/><\/figure>\n\n\n\n<p>Sin embargo, Etchegoyen no se atrevi\u00f3 a develar al identidad de esa mujer: <strong>\u00abYo tengo el nombre, pero no lo voy a dar por ahora para resguardarla. El tema es que no todo qued\u00f3 el d\u00eda del cierre de campa\u00f1a, sino que el domingo en el b\u00fanker del hotel Libertador tambi\u00e9n se vivieron momentos de tensi\u00f3n. Lo que tambi\u00e9n me dicen es que al entorno de Javier no le gusta nada Fatima, no le cay\u00f3 bien ni a su hermana ni tampoco a su entorno m\u00e1s cercano de trabajo\u00bb<\/strong>.<\/p>\n\n\n\n<p>Pero Nancy Dur\u00e9 cont\u00f3 que Florez estar\u00eda completamente celosa de Lilia Lemonie y que su primer reproche al libertario por esta situaci\u00f3n fue en el cierre de campa\u00f1a: \u00abHubo un fuerte cruce de miradas entre F\u00e1tima y Lilia Lemonie, la que en una entrevista dijo que hab\u00eda tenido una relaci\u00f3n con Javier Milei en su momento y no defini\u00f3 si esto segu\u00eda o no. F\u00e1tima al principio se ri\u00f3, se divirti\u00f3 con eso, pero en ese acto hubo un cruce de miradas que no le gustaron y le habr\u00eda hecho un planteo a Milei. Ah\u00ed habr\u00eda habido una primera gran discusi\u00f3n\u00bb.<\/p>\n\n\n\n<h2 class=\"wp-block-heading\">Qu\u00e9 dijo Javier Milei sobre su separaci\u00f3n de F\u00e1tima Florez<\/h2>\n\n\n\n<p>Tras desarrollar el tema de su supuesta separaci\u00f3n en el ciclo, Virginia Gallardo se comunic\u00f3 personalmente con Javier Milei, ya que tienen un v\u00ednculo personal de amistad desde hace mucho tiempo, para pedirle que le confirmara si era cierto o no que estaba separado de la artista, ante lo cual Milei respondi\u00f3 enf\u00e1tico:<strong> \u00abEsto es una tonter\u00eda\u00bb.<\/strong><\/p>\n\n\n\n<p>Adem\u00e1s, el candidato a la presidencia por La Libertad Avanza explic\u00f3: <strong>\u00abAyer estuvimos juntos, de hecho, en la nota con Viale, F\u00e1tima estaba con Kari\u00bb. Sobre el motivo por el que Florez no subi\u00f3 con \u00e9l a la tarima del b\u00fanker el domingo\u00bb<\/strong>, Javier explic\u00f3: <strong>\u00abEs un acto pol\u00edtico y mantenemos separadas nuestras actividades profesionales\u00bb.<\/strong><\/p>\n\n\n\n<p>\u00abPasamos un mont\u00f3n de tiempo juntos el s\u00e1bado, el domingo y el lunes\u00bb, agreg\u00f3 el economista.<\/p>\n","protected":false},"excerpt":{"rendered":"<p>La medi\u00e1tica pareja estar\u00eda en medio de su primera crisis y la diputada por La Libertad Avanza ser\u00eda el motivo principal. \u00a0. La supuesta crisis entre Javier Milei y F\u00e1tima Florez tendr\u00eda una tercera persona involucrada y en Socios del Espect\u00e1culo (El Trece) revelaron que se tratar\u00eda de Lilia Lemoine, la diputada de la provincia [&hellip;]<\/p>\n","protected":false},"author":3,"featured_media":11367,"comment_status":"closed","ping_status":"closed","sticky":false,"template":"","format":"standard","meta":{"om_disable_all_campaigns":false,"_monsterinsights_skip_tracking":false,"_monsterinsights_sitenote_active":false,"_monsterinsights_sitenote_note":"","_monsterinsights_sitenote_category":0,"footnotes":""},"categories":[7],"tags":[3603,3601,2784,3602],"class_list":["post-11366","post","type-post","status-publish","format-standard","has-post-thumbnail","hentry","category-espectaculos","tag-escandalo","tag-fatima-florez-2","tag-javier-milei","tag-lilia-lemoine"],"aioseo_notices":[],"amp_enabled":true,"_links":{"self":[{"href":"https:\/\/diariodigitalnea.com\/index.php\/wp-json\/wp\/v2\/posts\/11366","targetHints":{"allow":["GET"]}}],"collection":[{"href":"https:\/\/diariodigitalnea.com\/index.php\/wp-json\/wp\/v2\/posts"}],"about":[{"href":"https:\/\/diariodigitalnea.com\/index.php\/wp-json\/wp\/v2\/types\/post"}],"author":[{"embeddable":true,"href":"https:\/\/diariodigitalnea.com\/index.php\/wp-json\/wp\/v2\/users\/3"}],"replies":[{"embeddable":true,"href":"https:\/\/diariodigitalnea.com\/index.php\/wp-json\/wp\/v2\/comments?post=11366"}],"version-history":[{"count":1,"href":"https:\/\/diariodigitalnea.com\/index.php\/wp-json\/wp\/v2\/posts\/11366\/revisions"}],"predecessor-version":[{"id":11369,"href":"https:\/\/diariodigitalnea.com\/index.php\/wp-json\/wp\/v2\/posts\/11366\/revisions\/11369"}],"wp:featuredmedia":[{"embeddable":true,"href":"https:\/\/diariodigitalnea.com\/index.php\/wp-json\/wp\/v2\/media\/11367"}],"wp:attachment":[{"href":"https:\/\/diariodigitalnea.com\/index.php\/wp-json\/wp\/v2\/media?parent=11366"}],"wp:term":[{"taxonomy":"category","embeddable":true,"href":"https:\/\/diariodigitalnea.com\/index.php\/wp-json\/wp\/v2\/categories?post=11366"},{"taxonomy":"post_tag","embeddable":true,"href":"https:\/\/diariodigitalnea.com\/index.php\/wp-json\/wp\/v2\/tags?post=11366"}],"curies":[{"name":"wp","href":"https:\/\/api.w.org\/{rel}","templated":true}]}}