{"id":11359,"date":"2023-10-24T23:45:52","date_gmt":"2023-10-24T23:45:52","guid":{"rendered":"https:\/\/diariodigitalnea.com\/?p=11359"},"modified":"2023-10-24T23:45:53","modified_gmt":"2023-10-24T23:45:53","slug":"todo-en-marcha-para-el-decimo-festival-blues-en-el-rio-2023","status":"publish","type":"post","link":"https:\/\/diariodigitalnea.com\/index.php\/2023\/10\/24\/todo-en-marcha-para-el-decimo-festival-blues-en-el-rio-2023\/","title":{"rendered":"Todo en marcha para el \u00abD\u00e9cimo Festival Blues en el R\u00edo\u00bb 2023"},"content":{"rendered":"\n<p>Se viene la D\u00e9cima Edici\u00f3n del \u00abFestival Blues en el R\u00edo\u00bb 2023, con la idea de festejarlo a \u201cDos Orillas\u201d Chaco-Corrientes, c\u00f3mo lo merece el gran aniversario.<\/p>\n\n\n\n<p><br>El Blues, un g\u00e9nero musical impuesto en nuestra regi\u00f3n, que incluy\u00f3 al norte argentino en el mapa universal del Blues.<br>La fiesta comenzar\u00e1 con una Jam Session en cada ciudad, Resistencia y Corrientes Capital d\u00f3nde se reunir\u00e1n m\u00fasicos que participar\u00e1n por primera vez en el festival, sumandose a m\u00fasicos de ediciones anteriores, para celebrar versionando cl\u00e1sicos del Blues Argentino, en interpretaciones e improvisaciones.<\/p>\n\n\n\n<figure class=\"wp-block-image size-large\"><img fetchpriority=\"high\" decoding=\"async\" width=\"1024\" height=\"576\" src=\"https:\/\/diariodigitalnea.com\/wp-content\/uploads\/2023\/10\/JAM-BLUES-PRE10mo-FESTIVAL-1024x576.jpg\" alt=\"\" class=\"wp-image-11360\" srcset=\"https:\/\/diariodigitalnea.com\/wp-content\/uploads\/2023\/10\/JAM-BLUES-PRE10mo-FESTIVAL-1024x576.jpg 1024w, https:\/\/diariodigitalnea.com\/wp-content\/uploads\/2023\/10\/JAM-BLUES-PRE10mo-FESTIVAL-300x169.jpg 300w, https:\/\/diariodigitalnea.com\/wp-content\/uploads\/2023\/10\/JAM-BLUES-PRE10mo-FESTIVAL-768x432.jpg 768w, https:\/\/diariodigitalnea.com\/wp-content\/uploads\/2023\/10\/JAM-BLUES-PRE10mo-FESTIVAL-1536x864.jpg 1536w, https:\/\/diariodigitalnea.com\/wp-content\/uploads\/2023\/10\/JAM-BLUES-PRE10mo-FESTIVAL-2048x1152.jpg 2048w\" sizes=\"(max-width: 1024px) 100vw, 1024px\" \/><\/figure>\n\n\n\n<p><br>La primera fecha est\u00e1 confirmada para el d\u00eda 28 de octubre a las 21:00hs en Casa de las Culturas (Resistencia-Chaco), lugar donde tambi\u00e9n se podr\u00e1n adquirir las entradas. La segunda Jam Session se concretar\u00e1 en la Escuela de Artes de la Municipalidad de la Ciudad de Corrientes.<\/p>\n\n\n\n<figure class=\"wp-block-image size-full\"><img decoding=\"async\" width=\"1011\" height=\"587\" src=\"https:\/\/diariodigitalnea.com\/wp-content\/uploads\/2023\/10\/blues2.jpg\" alt=\"\" class=\"wp-image-11362\" srcset=\"https:\/\/diariodigitalnea.com\/wp-content\/uploads\/2023\/10\/blues2.jpg 1011w, https:\/\/diariodigitalnea.com\/wp-content\/uploads\/2023\/10\/blues2-300x174.jpg 300w, https:\/\/diariodigitalnea.com\/wp-content\/uploads\/2023\/10\/blues2-768x446.jpg 768w\" sizes=\"(max-width: 1011px) 100vw, 1011px\" \/><\/figure>\n\n\n\n<p><br>El \u00abD\u00e9cimo Festival Blues en el R\u00edo 2023\u00bb se presentar\u00e1 en Resistencia, el pr\u00f3ximo 25 de Noviembre a las 21hs en la Casa de las Culturas (Resistencia), y el 2 de Diciembre en el Refugio Patagonia, en la Costanera Correntina, ambos d\u00edas con la presencia de bandas de la regi\u00f3n como \u00abPelo Blues &amp; Amigos\u00bb, \u00abLopaytema\u00bb,\u00bb Camaradas\u00bb, \u00abCarlos Negrini Drummer\u00bb, \u00abReviro\u00bb, \u00abVintage Band\u00bb, entre otras.<\/p>\n\n\n\n<figure class=\"wp-block-image size-large\"><img decoding=\"async\" width=\"1024\" height=\"513\" src=\"http:\/\/diariodigitalnea.com\/wp-content\/uploads\/2023\/05\/ENCUENTRO-IG-Verde-copy-1024x513.jpg\" alt=\"PUBLICIDAD\" class=\"wp-image-8132\" srcset=\"https:\/\/diariodigitalnea.com\/wp-content\/uploads\/2023\/05\/ENCUENTRO-IG-Verde-copy-1024x513.jpg 1024w, https:\/\/diariodigitalnea.com\/wp-content\/uploads\/2023\/05\/ENCUENTRO-IG-Verde-copy-300x150.jpg 300w, https:\/\/diariodigitalnea.com\/wp-content\/uploads\/2023\/05\/ENCUENTRO-IG-Verde-copy-768x385.jpg 768w, https:\/\/diariodigitalnea.com\/wp-content\/uploads\/2023\/05\/ENCUENTRO-IG-Verde-copy-1536x769.jpg 1536w, https:\/\/diariodigitalnea.com\/wp-content\/uploads\/2023\/05\/ENCUENTRO-IG-Verde-copy-2048x1026.jpg 2048w\" sizes=\"(max-width: 1024px) 100vw, 1024px\" \/><figcaption>Publicidad: Encuentro Tienda de Bebidas, Chile 190 Local 4 \u2013 Tel: 3624386655 &#8211; Gral San Mart\u00edn<\/figcaption><\/figure>\n\n\n\n<p>CONTACTO:<br>Organizador Festival Blues en el R\u00edo<br>JAVIER VALLEJOS<br>Celular: 379 487-0086<br>Mail To: rockelbaul@gmail.com<\/p>\n\n\n\n<p>Colaborador<br>CARLOS NEGRINI<br>Celular: 362 491-2038<br>Mail to: carlosnegrinidrummer@arian<\/p>\n\n\n\n<figure class=\"wp-block-image size-large\"><img loading=\"lazy\" decoding=\"async\" width=\"1024\" height=\"446\" src=\"http:\/\/diariodigitalnea.com\/wp-content\/uploads\/2023\/05\/CONSTRUCAL-CON-FABRICA-2-1024x446.jpg\" alt=\"publicidad Construcal 2\" class=\"wp-image-8211\" srcset=\"https:\/\/diariodigitalnea.com\/wp-content\/uploads\/2023\/05\/CONSTRUCAL-CON-FABRICA-2-1024x446.jpg 1024w, https:\/\/diariodigitalnea.com\/wp-content\/uploads\/2023\/05\/CONSTRUCAL-CON-FABRICA-2-300x131.jpg 300w, https:\/\/diariodigitalnea.com\/wp-content\/uploads\/2023\/05\/CONSTRUCAL-CON-FABRICA-2-768x334.jpg 768w, https:\/\/diariodigitalnea.com\/wp-content\/uploads\/2023\/05\/CONSTRUCAL-CON-FABRICA-2-1536x669.jpg 1536w, https:\/\/diariodigitalnea.com\/wp-content\/uploads\/2023\/05\/CONSTRUCAL-CON-FABRICA-2-2048x892.jpg 2048w\" sizes=\"(max-width: 1024px) 100vw, 1024px\" \/><figcaption>Publicidad: ConstruCal Cales hidratas y vivas para uso vial y construcci\u00f3n TEL: 3624602737\n<\/figcaption><\/figure>\n","protected":false},"excerpt":{"rendered":"<p>Se viene la D\u00e9cima Edici\u00f3n del \u00abFestival Blues en el R\u00edo\u00bb 2023, con la idea de festejarlo a \u201cDos Orillas\u201d Chaco-Corrientes, c\u00f3mo lo merece el gran aniversario. El Blues, un g\u00e9nero musical impuesto en nuestra regi\u00f3n, que incluy\u00f3 al norte argentino en el mapa universal del Blues.La fiesta comenzar\u00e1 con una Jam Session en cada [&hellip;]<\/p>\n","protected":false},"author":4,"featured_media":11361,"comment_status":"closed","ping_status":"closed","sticky":false,"template":"","format":"standard","meta":{"om_disable_all_campaigns":false,"_monsterinsights_skip_tracking":false,"_monsterinsights_sitenote_active":false,"_monsterinsights_sitenote_note":"","_monsterinsights_sitenote_category":0,"footnotes":""},"categories":[53,7],"tags":[3599,3598],"class_list":["post-11359","post","type-post","status-publish","format-standard","has-post-thumbnail","hentry","category-cultura","category-espectaculos","tag-blues","tag-festival-blues"],"aioseo_notices":[],"amp_enabled":true,"_links":{"self":[{"href":"https:\/\/diariodigitalnea.com\/index.php\/wp-json\/wp\/v2\/posts\/11359","targetHints":{"allow":["GET"]}}],"collection":[{"href":"https:\/\/diariodigitalnea.com\/index.php\/wp-json\/wp\/v2\/posts"}],"about":[{"href":"https:\/\/diariodigitalnea.com\/index.php\/wp-json\/wp\/v2\/types\/post"}],"author":[{"embeddable":true,"href":"https:\/\/diariodigitalnea.com\/index.php\/wp-json\/wp\/v2\/users\/4"}],"replies":[{"embeddable":true,"href":"https:\/\/diariodigitalnea.com\/index.php\/wp-json\/wp\/v2\/comments?post=11359"}],"version-history":[{"count":1,"href":"https:\/\/diariodigitalnea.com\/index.php\/wp-json\/wp\/v2\/posts\/11359\/revisions"}],"predecessor-version":[{"id":11363,"href":"https:\/\/diariodigitalnea.com\/index.php\/wp-json\/wp\/v2\/posts\/11359\/revisions\/11363"}],"wp:featuredmedia":[{"embeddable":true,"href":"https:\/\/diariodigitalnea.com\/index.php\/wp-json\/wp\/v2\/media\/11361"}],"wp:attachment":[{"href":"https:\/\/diariodigitalnea.com\/index.php\/wp-json\/wp\/v2\/media?parent=11359"}],"wp:term":[{"taxonomy":"category","embeddable":true,"href":"https:\/\/diariodigitalnea.com\/index.php\/wp-json\/wp\/v2\/categories?post=11359"},{"taxonomy":"post_tag","embeddable":true,"href":"https:\/\/diariodigitalnea.com\/index.php\/wp-json\/wp\/v2\/tags?post=11359"}],"curies":[{"name":"wp","href":"https:\/\/api.w.org\/{rel}","templated":true}]}}