{"id":11353,"date":"2023-10-24T22:20:38","date_gmt":"2023-10-24T22:20:38","guid":{"rendered":"https:\/\/diariodigitalnea.com\/?p=11353"},"modified":"2023-10-24T22:20:39","modified_gmt":"2023-10-24T22:20:39","slug":"paritarias-empleados-bancarios-consiguieron-un-super-bono-de-460-000-y-acordo-minimo-de-mas-de-500-000","status":"publish","type":"post","link":"https:\/\/diariodigitalnea.com\/index.php\/2023\/10\/24\/paritarias-empleados-bancarios-consiguieron-un-super-bono-de-460-000-y-acordo-minimo-de-mas-de-500-000\/","title":{"rendered":"Paritarias: empleados bancarios consiguieron un s\u00faper bono de $ 460.000 y acord\u00f3 m\u00ednimo de m\u00e1s de $ 500.000"},"content":{"rendered":"\n<p>La Asociaci\u00f3n Bancaria inform\u00f3 un nuevo incremento salarial del 28% para los empleados bancarios que regir\u00e1 a partir de este mes. Por otro lado, el bono anual ver\u00e1 el impacto de esta actualizaci\u00f3n.<\/p>\n\n\n\n<p>El sindicato a cargo de Sergio Palazzo inform\u00f3 esta semana el salario m\u00ednimo que se aplica a partir de octubre para todos los trabajadores de bancos afiliados al gremio. La paritaria firmada se desprende de un aumento salarial y de un adelanto a ra\u00edz de la inflaci\u00f3n anual.<\/p>\n\n\n\n<p>El comunicado oficial indica que el sueldo b\u00e1sico a partir de octubre tendr\u00e1 un incremento del 21,8%, correspondiente al adelanto que se suma a la suba del 6,2% acordada en la paritaria anterior. As\u00ed, el ajuste ser\u00e1 del 28% en total este mes.<\/p>\n\n\n\n<p>De esta forma, el salario m\u00ednimo qued\u00f3 fijado en $ 539.826 para todos los trabajadores afiliados al sindicato de la Asociaci\u00f3n Bancaria. \u00abEl aumento de octubre es en concepto de adelanto, ya que de superar la inflaci\u00f3n del 125% se ajustar\u00e1 autom\u00e1ticamente, debiendo las entidades bancarias aplicar la diferencia salarial retroactiva que corresponda\u00bb, se\u00f1alaron desde el gremio.<\/p>\n\n\n\n<figure class=\"wp-block-image size-large\"><img fetchpriority=\"high\" decoding=\"async\" width=\"1024\" height=\"513\" src=\"http:\/\/diariodigitalnea.com\/wp-content\/uploads\/2023\/05\/ENCUENTRO-IG-Verde-copy-1024x513.jpg\" alt=\"PUBLICIDAD\" class=\"wp-image-8132\" srcset=\"https:\/\/diariodigitalnea.com\/wp-content\/uploads\/2023\/05\/ENCUENTRO-IG-Verde-copy-1024x513.jpg 1024w, https:\/\/diariodigitalnea.com\/wp-content\/uploads\/2023\/05\/ENCUENTRO-IG-Verde-copy-300x150.jpg 300w, https:\/\/diariodigitalnea.com\/wp-content\/uploads\/2023\/05\/ENCUENTRO-IG-Verde-copy-768x385.jpg 768w, https:\/\/diariodigitalnea.com\/wp-content\/uploads\/2023\/05\/ENCUENTRO-IG-Verde-copy-1536x769.jpg 1536w, https:\/\/diariodigitalnea.com\/wp-content\/uploads\/2023\/05\/ENCUENTRO-IG-Verde-copy-2048x1026.jpg 2048w\" sizes=\"(max-width: 1024px) 100vw, 1024px\" \/><figcaption>Publicidad: Encuentro Tienda de Bebidas, Chile 190 Local 4 \u2013 Tel: 3624386655 &#8211; Gral San Mart\u00edn<\/figcaption><\/figure>\n\n\n\n<p>Por otro lado, el sueldo se desglosa de la siguiente forma: un m\u00ednimo de $ 521.000 que se suma a la Participaci\u00f3n de Ganancias (ROE) de $ 18.826 en total, seg\u00fan explica el gremio dirigido por Palazzo.<\/p>\n\n\n\n<p>El texto oficial concluye que los aumentos se aplican \u00aba todas las remuneraciones y adicionales convencionales y no convencionales sobre la base de salarios a diciembre de 2022\u00bb y a\u00f1ade que se dio una actualizaci\u00f3n \u00ab125% desde enero hasta el presente mes\u00bb.<\/p>\n\n\n\n<h2 class=\"wp-block-heading\">\u00bfEn cu\u00e1nto queda el bono por el d\u00eda del bancario?<\/h2>\n\n\n\n<p>Adem\u00e1s del incremento de octubre, todos los trabajadores de bancos y entidades financiera acopladas al convenio colectivo de la Asociaci\u00f3n Bancaria cobran en noviembre el bono por el d\u00eda del bancario.<\/p>\n\n\n\n<figure class=\"wp-block-image size-large\"><img decoding=\"async\" width=\"621\" height=\"1024\" src=\"http:\/\/diariodigitalnea.com\/wp-content\/uploads\/2023\/10\/bancaria-621x1024.jpg\" alt=\"\" class=\"wp-image-11354\" srcset=\"https:\/\/diariodigitalnea.com\/wp-content\/uploads\/2023\/10\/bancaria-621x1024.jpg 621w, https:\/\/diariodigitalnea.com\/wp-content\/uploads\/2023\/10\/bancaria-182x300.jpg 182w, https:\/\/diariodigitalnea.com\/wp-content\/uploads\/2023\/10\/bancaria.jpg 700w\" sizes=\"(max-width: 621px) 100vw, 621px\" \/><\/figure>\n\n\n\n<p>Con la nueva actualizaci\u00f3n salarial, el monto de este adicional tambi\u00e9n subi\u00f3 y el pr\u00f3ximo mes, los trabajadores cobrar\u00e1n un extra de $ 464.453 como m\u00ednimo.<\/p>\n\n\n\n<p>Otro punto a destacar es que, a partir de este mes, ning\u00fan trabajador que cobre hasta 15 salarios m\u00ednimos, vitales y m\u00f3viles, es decir una remuneraci\u00f3n bruta mensual inferior a $ 1.980.000, pagar\u00e1 el impuesto a las Ganancias.<\/p>\n\n\n\n<p>La medida fiscal fue anunciada por el ministro de Econom\u00eda, Sergio Massa, confirmada por el Gobierno y revalidada por una ley que sancion\u00f3 el Congreso.<\/p>\n\n\n\n<figure class=\"wp-block-image size-large\"><img decoding=\"async\" width=\"1024\" height=\"446\" src=\"http:\/\/diariodigitalnea.com\/wp-content\/uploads\/2023\/05\/CONSTRUCAL-CON-FABRICA-2-1024x446.jpg\" alt=\"publicidad Construcal 2\" class=\"wp-image-8211\" srcset=\"https:\/\/diariodigitalnea.com\/wp-content\/uploads\/2023\/05\/CONSTRUCAL-CON-FABRICA-2-1024x446.jpg 1024w, https:\/\/diariodigitalnea.com\/wp-content\/uploads\/2023\/05\/CONSTRUCAL-CON-FABRICA-2-300x131.jpg 300w, https:\/\/diariodigitalnea.com\/wp-content\/uploads\/2023\/05\/CONSTRUCAL-CON-FABRICA-2-768x334.jpg 768w, https:\/\/diariodigitalnea.com\/wp-content\/uploads\/2023\/05\/CONSTRUCAL-CON-FABRICA-2-1536x669.jpg 1536w, https:\/\/diariodigitalnea.com\/wp-content\/uploads\/2023\/05\/CONSTRUCAL-CON-FABRICA-2-2048x892.jpg 2048w\" sizes=\"(max-width: 1024px) 100vw, 1024px\" \/><figcaption>Publicidad: ConstruCal Cales hidratas y vivas para uso vial y construcci\u00f3n TEL: 3624602737\n<\/figcaption><\/figure>\n","protected":false},"excerpt":{"rendered":"<p>La Asociaci\u00f3n Bancaria inform\u00f3 un nuevo incremento salarial del 28% para los empleados bancarios que regir\u00e1 a partir de este mes. Por otro lado, el bono anual ver\u00e1 el impacto de esta actualizaci\u00f3n. El sindicato a cargo de Sergio Palazzo inform\u00f3 esta semana el salario m\u00ednimo que se aplica a partir de octubre para todos [&hellip;]<\/p>\n","protected":false},"author":3,"featured_media":11355,"comment_status":"closed","ping_status":"closed","sticky":false,"template":"","format":"standard","meta":{"om_disable_all_campaigns":false,"_monsterinsights_skip_tracking":false,"_monsterinsights_sitenote_active":false,"_monsterinsights_sitenote_note":"","_monsterinsights_sitenote_category":0,"footnotes":""},"categories":[5,90],"tags":[3596,1479,3020,402,3597],"class_list":["post-11353","post","type-post","status-publish","format-standard","has-post-thumbnail","hentry","category-economia","category-nacionales","tag-empleados-bancarios","tag-impuesto-a-las-ganancias","tag-paritarias","tag-sueldos","tag-super-bono"],"aioseo_notices":[],"amp_enabled":true,"_links":{"self":[{"href":"https:\/\/diariodigitalnea.com\/index.php\/wp-json\/wp\/v2\/posts\/11353","targetHints":{"allow":["GET"]}}],"collection":[{"href":"https:\/\/diariodigitalnea.com\/index.php\/wp-json\/wp\/v2\/posts"}],"about":[{"href":"https:\/\/diariodigitalnea.com\/index.php\/wp-json\/wp\/v2\/types\/post"}],"author":[{"embeddable":true,"href":"https:\/\/diariodigitalnea.com\/index.php\/wp-json\/wp\/v2\/users\/3"}],"replies":[{"embeddable":true,"href":"https:\/\/diariodigitalnea.com\/index.php\/wp-json\/wp\/v2\/comments?post=11353"}],"version-history":[{"count":1,"href":"https:\/\/diariodigitalnea.com\/index.php\/wp-json\/wp\/v2\/posts\/11353\/revisions"}],"predecessor-version":[{"id":11356,"href":"https:\/\/diariodigitalnea.com\/index.php\/wp-json\/wp\/v2\/posts\/11353\/revisions\/11356"}],"wp:featuredmedia":[{"embeddable":true,"href":"https:\/\/diariodigitalnea.com\/index.php\/wp-json\/wp\/v2\/media\/11355"}],"wp:attachment":[{"href":"https:\/\/diariodigitalnea.com\/index.php\/wp-json\/wp\/v2\/media?parent=11353"}],"wp:term":[{"taxonomy":"category","embeddable":true,"href":"https:\/\/diariodigitalnea.com\/index.php\/wp-json\/wp\/v2\/categories?post=11353"},{"taxonomy":"post_tag","embeddable":true,"href":"https:\/\/diariodigitalnea.com\/index.php\/wp-json\/wp\/v2\/tags?post=11353"}],"curies":[{"name":"wp","href":"https:\/\/api.w.org\/{rel}","templated":true}]}}