{"id":11335,"date":"2023-10-23T02:00:52","date_gmt":"2023-10-23T02:00:52","guid":{"rendered":"https:\/\/diariodigitalnea.com\/?p=11335"},"modified":"2023-10-23T02:00:52","modified_gmt":"2023-10-23T02:00:52","slug":"habra-balotaje-massa-quedo-en-primer-lugar-milei-segundo-y-bullrich-fuera-de-la-segunda-vuelta","status":"publish","type":"post","link":"https:\/\/diariodigitalnea.com\/index.php\/2023\/10\/23\/habra-balotaje-massa-quedo-en-primer-lugar-milei-segundo-y-bullrich-fuera-de-la-segunda-vuelta\/","title":{"rendered":"Habr\u00e1 balotaje: Massa qued\u00f3 en primer lugar, Milei segundo y Bullrich fuera de la segunda vuelta"},"content":{"rendered":"\n<p>El actual ministro de Econom\u00eda y candidato de UxP sum\u00f3 m\u00e1s de 3 millones de votos con respecto a las PASO. El libertario solamente aument\u00f3 m\u00e1s de 100 mil y la referente del PRO qued\u00f3 fuera de la discusi\u00f3n.<\/p>\n\n\n\n<p><br>Este domingo se desarrollaron las elecciones presidenciales donde los argentinos votaron para elegir a su pr\u00f3ximo jefe de Estado. Adem\u00e1s, tambi\u00e9n sufragaron para renovar a su Vicepresidente, a 43 representantes del Parlasur, 130 diputados y 24 senadores.<\/p>\n\n\n\n<figure class=\"wp-block-gallery has-nested-images columns-default is-cropped wp-block-gallery-1 is-layout-flex wp-block-gallery-is-layout-flex\">\n<figure class=\"wp-block-image size-large\"><img fetchpriority=\"high\" decoding=\"async\" width=\"1000\" height=\"654\" data-id=\"11337\" src=\"https:\/\/diariodigitalnea.com\/wp-content\/uploads\/2023\/10\/massa-milei-02.jpg\" alt=\"\" class=\"wp-image-11337\" srcset=\"https:\/\/diariodigitalnea.com\/wp-content\/uploads\/2023\/10\/massa-milei-02.jpg 1000w, https:\/\/diariodigitalnea.com\/wp-content\/uploads\/2023\/10\/massa-milei-02-300x196.jpg 300w, https:\/\/diariodigitalnea.com\/wp-content\/uploads\/2023\/10\/massa-milei-02-768x502.jpg 768w\" sizes=\"(max-width: 1000px) 100vw, 1000px\" \/><\/figure>\n\n\n\n<figure class=\"wp-block-image size-large\"><img decoding=\"async\" width=\"1024\" height=\"690\" data-id=\"11336\" src=\"https:\/\/diariodigitalnea.com\/wp-content\/uploads\/2023\/10\/massa-milei-03-1024x690.jpg\" alt=\"\" class=\"wp-image-11336\" srcset=\"https:\/\/diariodigitalnea.com\/wp-content\/uploads\/2023\/10\/massa-milei-03-1024x690.jpg 1024w, https:\/\/diariodigitalnea.com\/wp-content\/uploads\/2023\/10\/massa-milei-03-300x202.jpg 300w, https:\/\/diariodigitalnea.com\/wp-content\/uploads\/2023\/10\/massa-milei-03-768x518.jpg 768w, https:\/\/diariodigitalnea.com\/wp-content\/uploads\/2023\/10\/massa-milei-03.jpg 1300w\" sizes=\"(max-width: 1024px) 100vw, 1024px\" \/><\/figure>\n<\/figure>\n\n\n\n<p>Pasadas las 21:20 horas, la C\u00e1mara Electoral Nacional dio a conocer los resultados con m\u00e1s del 75% de los votos y posicion\u00f3 a Sergio Massa en la primera ubicaci\u00f3n. En segundo lugar Javier Milei y en tercera posici\u00f3n Patricia Bullrich que se queda fuera de la segunda vuelta.<\/p>\n\n\n\n<figure class=\"wp-block-image size-large\"><img decoding=\"async\" width=\"1024\" height=\"513\" src=\"http:\/\/diariodigitalnea.com\/wp-content\/uploads\/2023\/05\/ENCUENTRO-IG-Verde-copy-1024x513.jpg\" alt=\"PUBLICIDAD\" class=\"wp-image-8132\" srcset=\"https:\/\/diariodigitalnea.com\/wp-content\/uploads\/2023\/05\/ENCUENTRO-IG-Verde-copy-1024x513.jpg 1024w, https:\/\/diariodigitalnea.com\/wp-content\/uploads\/2023\/05\/ENCUENTRO-IG-Verde-copy-300x150.jpg 300w, https:\/\/diariodigitalnea.com\/wp-content\/uploads\/2023\/05\/ENCUENTRO-IG-Verde-copy-768x385.jpg 768w, https:\/\/diariodigitalnea.com\/wp-content\/uploads\/2023\/05\/ENCUENTRO-IG-Verde-copy-1536x769.jpg 1536w, https:\/\/diariodigitalnea.com\/wp-content\/uploads\/2023\/05\/ENCUENTRO-IG-Verde-copy-2048x1026.jpg 2048w\" sizes=\"(max-width: 1024px) 100vw, 1024px\" \/><figcaption>Publicidad: Encuentro Tienda de Bebidas, Chile 190 Local 4 \u2013 Tel: 3624386655 &#8211; Gral San Mart\u00edn<\/figcaption><\/figure>\n\n\n\n<p><strong>RESULTADOS: 92,85% DE MESAS ESCRUTADAS<\/strong><\/p>\n\n\n\n<ul class=\"wp-block-list\"><li>Uni\u00f3n por la Patria (Sergio Massa &#8211; Agust\u00edn Rossi): 36,39%<\/li><li>La Libertad Avanza (Javier Milei &#8211; Patricia Villaruel): 30,13%<\/li><li>Juntos por el Cambio (Patricia Bullrich &#8211; Luis Petri): 23,83%<\/li><li>Hacemos por Nuestro Pa\u00eds (Juan Schiaretti \u2013 Florencio Randazzo): 6,94%%<\/li><li>Frente de Izquierda y de los Trabajadores \u2013 Unidad (Myriam Bregman y Nicol\u00e1s Del Ca\u00f1o): 2,67%<\/li><\/ul>\n\n\n\n<figure class=\"wp-block-image size-large\"><img loading=\"lazy\" decoding=\"async\" width=\"1024\" height=\"446\" src=\"http:\/\/diariodigitalnea.com\/wp-content\/uploads\/2023\/05\/CONSTRUCAL-CON-FABRICA-2-1024x446.jpg\" alt=\"publicidad Construcal 2\" class=\"wp-image-8211\" srcset=\"https:\/\/diariodigitalnea.com\/wp-content\/uploads\/2023\/05\/CONSTRUCAL-CON-FABRICA-2-1024x446.jpg 1024w, https:\/\/diariodigitalnea.com\/wp-content\/uploads\/2023\/05\/CONSTRUCAL-CON-FABRICA-2-300x131.jpg 300w, https:\/\/diariodigitalnea.com\/wp-content\/uploads\/2023\/05\/CONSTRUCAL-CON-FABRICA-2-768x334.jpg 768w, https:\/\/diariodigitalnea.com\/wp-content\/uploads\/2023\/05\/CONSTRUCAL-CON-FABRICA-2-1536x669.jpg 1536w, https:\/\/diariodigitalnea.com\/wp-content\/uploads\/2023\/05\/CONSTRUCAL-CON-FABRICA-2-2048x892.jpg 2048w\" sizes=\"(max-width: 1024px) 100vw, 1024px\" \/><figcaption>Publicidad: ConstruCal Cales hidratas y vivas para uso vial y construcci\u00f3n TEL: 3624602737\n<\/figcaption><\/figure>\n","protected":false},"excerpt":{"rendered":"<p>El actual ministro de Econom\u00eda y candidato de UxP sum\u00f3 m\u00e1s de 3 millones de votos con respecto a las PASO. El libertario solamente aument\u00f3 m\u00e1s de 100 mil y la referente del PRO qued\u00f3 fuera de la discusi\u00f3n. Este domingo se desarrollaron las elecciones presidenciales donde los argentinos votaron para elegir a su pr\u00f3ximo [&hellip;]<\/p>\n","protected":false},"author":4,"featured_media":11338,"comment_status":"closed","ping_status":"closed","sticky":false,"template":"","format":"standard","meta":{"om_disable_all_campaigns":false,"_monsterinsights_skip_tracking":false,"_monsterinsights_sitenote_active":false,"_monsterinsights_sitenote_note":"","_monsterinsights_sitenote_category":0,"footnotes":""},"categories":[90],"tags":[1266,1480],"class_list":["post-11335","post","type-post","status-publish","format-standard","has-post-thumbnail","hentry","category-nacionales","tag-massa","tag-milei"],"aioseo_notices":[],"amp_enabled":true,"_links":{"self":[{"href":"https:\/\/diariodigitalnea.com\/index.php\/wp-json\/wp\/v2\/posts\/11335","targetHints":{"allow":["GET"]}}],"collection":[{"href":"https:\/\/diariodigitalnea.com\/index.php\/wp-json\/wp\/v2\/posts"}],"about":[{"href":"https:\/\/diariodigitalnea.com\/index.php\/wp-json\/wp\/v2\/types\/post"}],"author":[{"embeddable":true,"href":"https:\/\/diariodigitalnea.com\/index.php\/wp-json\/wp\/v2\/users\/4"}],"replies":[{"embeddable":true,"href":"https:\/\/diariodigitalnea.com\/index.php\/wp-json\/wp\/v2\/comments?post=11335"}],"version-history":[{"count":1,"href":"https:\/\/diariodigitalnea.com\/index.php\/wp-json\/wp\/v2\/posts\/11335\/revisions"}],"predecessor-version":[{"id":11339,"href":"https:\/\/diariodigitalnea.com\/index.php\/wp-json\/wp\/v2\/posts\/11335\/revisions\/11339"}],"wp:featuredmedia":[{"embeddable":true,"href":"https:\/\/diariodigitalnea.com\/index.php\/wp-json\/wp\/v2\/media\/11338"}],"wp:attachment":[{"href":"https:\/\/diariodigitalnea.com\/index.php\/wp-json\/wp\/v2\/media?parent=11335"}],"wp:term":[{"taxonomy":"category","embeddable":true,"href":"https:\/\/diariodigitalnea.com\/index.php\/wp-json\/wp\/v2\/categories?post=11335"},{"taxonomy":"post_tag","embeddable":true,"href":"https:\/\/diariodigitalnea.com\/index.php\/wp-json\/wp\/v2\/tags?post=11335"}],"curies":[{"name":"wp","href":"https:\/\/api.w.org\/{rel}","templated":true}]}}