{"id":11276,"date":"2023-10-19T23:01:44","date_gmt":"2023-10-19T23:01:44","guid":{"rendered":"https:\/\/diariodigitalnea.com\/?p=11276"},"modified":"2023-10-19T23:01:45","modified_gmt":"2023-10-19T23:01:45","slug":"la-policia-difunde-el-identikit-elvis-benitez-joven-desaparecido-hace-seis-anos","status":"publish","type":"post","link":"https:\/\/diariodigitalnea.com\/index.php\/2023\/10\/19\/la-policia-difunde-el-identikit-elvis-benitez-joven-desaparecido-hace-seis-anos\/","title":{"rendered":"La polic\u00eda difunde el identikit Elvis Ben\u00edtez, joven desaparecido hace seis a\u00f1os"},"content":{"rendered":"\n<p>El dibujo lo hizo personal del Departamento Estrategias y T\u00e9cnicas Investigativas Metropolitana, en base a los relatos del transportista.<\/p>\n\n\n\n<p>Elvis Ben\u00edtez desapareci\u00f3 en la navidad de 2017, desde entonces no hubo pistas certeras sobre su paradero, hasta hace unos d\u00edas, cuando un camionero llam\u00f3 a la Polic\u00eda del Chaco para dar una nueva pista.<\/p>\n\n\n\n<p>Hoy, el testigo pudo ampliar su declaraci\u00f3n en sede policial y, en base a los datos aportados, la polic\u00eda difunde el identikit de Elvis y el de uno de los acompa\u00f1antes.<\/p>\n\n\n\n<p>Seg\u00fan los relatos del camionero, \u00e9l hab\u00eda auxiliado a Elvis y a dos acompa\u00f1antes mientras iba por Ruta N\u00b011, camino a C\u00f3rdoba. All\u00ed el joven, se present\u00f3 como Elvis Ben\u00edtez, y le pidi\u00f3 que contactara a su familia en Chaco.<\/p>\n\n\n\n<p>El identikit fue mostrado al transportista y dijo que se parec\u00eda en un 90% a la persona que hab\u00eda visto.<\/p>\n","protected":false},"excerpt":{"rendered":"<p>El dibujo lo hizo personal del Departamento Estrategias y T\u00e9cnicas Investigativas Metropolitana, en base a los relatos del transportista. Elvis Ben\u00edtez desapareci\u00f3 en la navidad de 2017, desde entonces no hubo pistas certeras sobre su paradero, hasta hace unos d\u00edas, cuando un camionero llam\u00f3 a la Polic\u00eda del Chaco para dar una nueva pista. Hoy, [&hellip;]<\/p>\n","protected":false},"author":3,"featured_media":11277,"comment_status":"closed","ping_status":"closed","sticky":false,"template":"","format":"standard","meta":{"om_disable_all_campaigns":false,"_monsterinsights_skip_tracking":false,"_monsterinsights_sitenote_active":false,"_monsterinsights_sitenote_note":"","_monsterinsights_sitenote_category":0,"footnotes":""},"categories":[33,52],"tags":[628,3583,3582],"class_list":["post-11276","post","type-post","status-publish","format-standard","has-post-thumbnail","hentry","category-chaco","category-policiales","tag-desaparecido","tag-elvis-benitez","tag-identikit"],"aioseo_notices":[],"amp_enabled":true,"_links":{"self":[{"href":"https:\/\/diariodigitalnea.com\/index.php\/wp-json\/wp\/v2\/posts\/11276","targetHints":{"allow":["GET"]}}],"collection":[{"href":"https:\/\/diariodigitalnea.com\/index.php\/wp-json\/wp\/v2\/posts"}],"about":[{"href":"https:\/\/diariodigitalnea.com\/index.php\/wp-json\/wp\/v2\/types\/post"}],"author":[{"embeddable":true,"href":"https:\/\/diariodigitalnea.com\/index.php\/wp-json\/wp\/v2\/users\/3"}],"replies":[{"embeddable":true,"href":"https:\/\/diariodigitalnea.com\/index.php\/wp-json\/wp\/v2\/comments?post=11276"}],"version-history":[{"count":1,"href":"https:\/\/diariodigitalnea.com\/index.php\/wp-json\/wp\/v2\/posts\/11276\/revisions"}],"predecessor-version":[{"id":11278,"href":"https:\/\/diariodigitalnea.com\/index.php\/wp-json\/wp\/v2\/posts\/11276\/revisions\/11278"}],"wp:featuredmedia":[{"embeddable":true,"href":"https:\/\/diariodigitalnea.com\/index.php\/wp-json\/wp\/v2\/media\/11277"}],"wp:attachment":[{"href":"https:\/\/diariodigitalnea.com\/index.php\/wp-json\/wp\/v2\/media?parent=11276"}],"wp:term":[{"taxonomy":"category","embeddable":true,"href":"https:\/\/diariodigitalnea.com\/index.php\/wp-json\/wp\/v2\/categories?post=11276"},{"taxonomy":"post_tag","embeddable":true,"href":"https:\/\/diariodigitalnea.com\/index.php\/wp-json\/wp\/v2\/tags?post=11276"}],"curies":[{"name":"wp","href":"https:\/\/api.w.org\/{rel}","templated":true}]}}