{"id":11190,"date":"2023-10-17T15:43:38","date_gmt":"2023-10-17T15:43:38","guid":{"rendered":"https:\/\/diariodigitalnea.com\/?p=11190"},"modified":"2023-10-17T15:43:39","modified_gmt":"2023-10-17T15:43:39","slug":"los-certificados-de-discapacidad-no-tendran-vencimiento","status":"publish","type":"post","link":"https:\/\/diariodigitalnea.com\/index.php\/2023\/10\/17\/los-certificados-de-discapacidad-no-tendran-vencimiento\/","title":{"rendered":"Los Certificados de Discapacidad no tendr\u00e1n vencimiento"},"content":{"rendered":"\n<p>As\u00ed lo estableci\u00f3 el Gobierno Nacional, a trav\u00e9s de la Resoluci\u00f3n 322\/2023 de la Agencia Nacional de Discapacidad.<\/p>\n\n\n\n<p><\/p>\n\n\n\n<p>A partir de este martes, los Certificados \u00danicos de Discapacidad (CUD) se expedir\u00e1n sin vencimiento. As\u00ed lo estableci\u00f3 el Gobierno Nacional, a trav\u00e9s de la Resoluci\u00f3n 322\/2023 de la Agencia Nacional de Discapacidad, publicada en el Bolet\u00edn Oficial.<\/p>\n\n\n\n<p><\/p>\n\n\n\n<p>\u00abSe trata de un paso fundamental hacia una nueva din\u00e1mica de vinculaci\u00f3n de las personas con discapacidad con los procesos de certificaci\u00f3n y de acceso a derechos, simplificada, desburocratizada y con mayor presencia del Estado en el acompa\u00f1amiento permanente de las personas con discapacidad y sus familias\u00bb, asegura el documento.<\/p>\n\n\n\n<figure class=\"wp-block-image size-large\"><img fetchpriority=\"high\" decoding=\"async\" width=\"1024\" height=\"680\" src=\"https:\/\/diariodigitalnea.com\/wp-content\/uploads\/2023\/10\/DISC-2-1024x680.jpg\" alt=\"\" class=\"wp-image-11191\" srcset=\"https:\/\/diariodigitalnea.com\/wp-content\/uploads\/2023\/10\/DISC-2-1024x680.jpg 1024w, https:\/\/diariodigitalnea.com\/wp-content\/uploads\/2023\/10\/DISC-2-300x199.jpg 300w, https:\/\/diariodigitalnea.com\/wp-content\/uploads\/2023\/10\/DISC-2-768x510.jpg 768w, https:\/\/diariodigitalnea.com\/wp-content\/uploads\/2023\/10\/DISC-2.jpg 1302w\" sizes=\"(max-width: 1024px) 100vw, 1024px\" \/><\/figure>\n\n\n\n<p>La medida ratifica la implementaci\u00f3n progresiva, gradual y en etapas, de una nueva din\u00e1mica de vinculaci\u00f3n de las personas con discapacidad con los procesos de certificaci\u00f3n, tanto para quienes ya poseen el CUD, como para aquellas que tramiten la obtenci\u00f3n del mismo por primera vez.<\/p>\n\n\n\n<p><\/p>\n\n\n\n<p><strong>CUD: CU\u00c1LES SON LOS CAMBIOS<\/strong><\/p>\n\n\n\n<p>Entre las novedades y mejoras introducidas, se destaca que el CUD ya no tendr\u00e1 vencimiento; y el Estado ser\u00e1 el que adopte un rol proactivo para acompa\u00f1ar a las personas con discapacidad durante todo su curso de vida y se promover\u00e1 una innovaci\u00f3n tecnol\u00f3gica que permitir\u00e1 la simplificaci\u00f3n, desburocratizaci\u00f3n y agilizaci\u00f3n de los tr\u00e1mites vinculados con la certificaci\u00f3n<\/p>\n\n\n\n<figure class=\"wp-block-image size-large\"><img decoding=\"async\" width=\"1024\" height=\"513\" src=\"http:\/\/diariodigitalnea.com\/wp-content\/uploads\/2023\/05\/ENCUENTRO-IG-Verde-copy-1024x513.jpg\" alt=\"PUBLICIDAD\" class=\"wp-image-8132\" srcset=\"https:\/\/diariodigitalnea.com\/wp-content\/uploads\/2023\/05\/ENCUENTRO-IG-Verde-copy-1024x513.jpg 1024w, https:\/\/diariodigitalnea.com\/wp-content\/uploads\/2023\/05\/ENCUENTRO-IG-Verde-copy-300x150.jpg 300w, https:\/\/diariodigitalnea.com\/wp-content\/uploads\/2023\/05\/ENCUENTRO-IG-Verde-copy-768x385.jpg 768w, https:\/\/diariodigitalnea.com\/wp-content\/uploads\/2023\/05\/ENCUENTRO-IG-Verde-copy-1536x769.jpg 1536w, https:\/\/diariodigitalnea.com\/wp-content\/uploads\/2023\/05\/ENCUENTRO-IG-Verde-copy-2048x1026.jpg 2048w\" sizes=\"(max-width: 1024px) 100vw, 1024px\" \/><figcaption>Publicidad: Encuentro Tienda de Bebidas, Chile 190 Local 4 \u2013 Tel: 3624386655 &#8211; Gral San Mart\u00edn<\/figcaption><\/figure>\n\n\n\n<p>La primera etapa, de implementaci\u00f3n inmediata, prev\u00e9 que los CUD se emitan sin plazo de vencimiento, tanto en su versi\u00f3n f\u00edsica como digital, previendo, a su vez, un per\u00edodo en el que el Estado tomar\u00e1 contacto con la persona con discapacidad para acompa\u00f1arla y mantener sus datos actualizados, cuesti\u00f3n clave para asegurar el acceso a derechos, prestaciones y servicios derivados de la certificaci\u00f3n, como as\u00ed tambi\u00e9n para mantener los registros actualizados que sirven para dise\u00f1ar y ejecutar eficientemente pol\u00edticas p\u00fablicas para las personas con discapacidad.<\/p>\n\n\n\n<p><\/p>\n\n\n\n<p>Las instancias de acompa\u00f1amiento y actualizaci\u00f3n se efectivizar\u00e1n con una periodicidad entre los 5 y 15 a\u00f1os, en todos los casos, contados desde la certificaci\u00f3n inicial o de la instancia de actualizaci\u00f3n correspondiente, mediante un contacto y acercamiento fehaciente por parte del Estado, a trav\u00e9s de los canales y v\u00edas de comunicaci\u00f3n existentes y de los que se implementen en el marco de la innovaci\u00f3n tecnol\u00f3gica planificada a tal efecto.<\/p>\n\n\n\n<p><\/p>\n\n\n\n<p>La implementaci\u00f3n de estas mejoras requerir\u00e1 la adopci\u00f3n de diversas medidas administrativas, normativas y tecnol\u00f3gicas que se ir\u00e1n formalizando paulatinamente, salvaguardando, en todo momento, la continuidad ininterrumpida del acceso a derechos, prestaciones y servicios por parte de las personas con discapacidad.<\/p>\n\n\n\n<figure class=\"wp-block-image size-large\"><img decoding=\"async\" width=\"1024\" height=\"446\" src=\"http:\/\/diariodigitalnea.com\/wp-content\/uploads\/2023\/05\/CONSTRUCAL-CON-FABRICA-2-1024x446.jpg\" alt=\"publicidad Construcal 2\" class=\"wp-image-8211\" srcset=\"https:\/\/diariodigitalnea.com\/wp-content\/uploads\/2023\/05\/CONSTRUCAL-CON-FABRICA-2-1024x446.jpg 1024w, https:\/\/diariodigitalnea.com\/wp-content\/uploads\/2023\/05\/CONSTRUCAL-CON-FABRICA-2-300x131.jpg 300w, https:\/\/diariodigitalnea.com\/wp-content\/uploads\/2023\/05\/CONSTRUCAL-CON-FABRICA-2-768x334.jpg 768w, https:\/\/diariodigitalnea.com\/wp-content\/uploads\/2023\/05\/CONSTRUCAL-CON-FABRICA-2-1536x669.jpg 1536w, https:\/\/diariodigitalnea.com\/wp-content\/uploads\/2023\/05\/CONSTRUCAL-CON-FABRICA-2-2048x892.jpg 2048w\" sizes=\"(max-width: 1024px) 100vw, 1024px\" \/><figcaption>Publicidad: ConstruCal Cales hidratas y vivas para uso vial y construcci\u00f3n TEL: 3624602737\n<\/figcaption><\/figure>\n","protected":false},"excerpt":{"rendered":"<p>As\u00ed lo estableci\u00f3 el Gobierno Nacional, a trav\u00e9s de la Resoluci\u00f3n 322\/2023 de la Agencia Nacional de Discapacidad. A partir de este martes, los Certificados \u00danicos de Discapacidad (CUD) se expedir\u00e1n sin vencimiento. As\u00ed lo estableci\u00f3 el Gobierno Nacional, a trav\u00e9s de la Resoluci\u00f3n 322\/2023 de la Agencia Nacional de Discapacidad, publicada en el Bolet\u00edn [&hellip;]<\/p>\n","protected":false},"author":4,"featured_media":11192,"comment_status":"closed","ping_status":"closed","sticky":false,"template":"","format":"standard","meta":{"om_disable_all_campaigns":false,"_monsterinsights_skip_tracking":false,"_monsterinsights_sitenote_active":false,"_monsterinsights_sitenote_note":"","_monsterinsights_sitenote_category":0,"footnotes":""},"categories":[90,2496],"tags":[3568,197],"class_list":["post-11190","post","type-post","status-publish","format-standard","has-post-thumbnail","hentry","category-nacionales","category-salud","tag-certificados","tag-discapacidad"],"aioseo_notices":[],"amp_enabled":true,"_links":{"self":[{"href":"https:\/\/diariodigitalnea.com\/index.php\/wp-json\/wp\/v2\/posts\/11190","targetHints":{"allow":["GET"]}}],"collection":[{"href":"https:\/\/diariodigitalnea.com\/index.php\/wp-json\/wp\/v2\/posts"}],"about":[{"href":"https:\/\/diariodigitalnea.com\/index.php\/wp-json\/wp\/v2\/types\/post"}],"author":[{"embeddable":true,"href":"https:\/\/diariodigitalnea.com\/index.php\/wp-json\/wp\/v2\/users\/4"}],"replies":[{"embeddable":true,"href":"https:\/\/diariodigitalnea.com\/index.php\/wp-json\/wp\/v2\/comments?post=11190"}],"version-history":[{"count":1,"href":"https:\/\/diariodigitalnea.com\/index.php\/wp-json\/wp\/v2\/posts\/11190\/revisions"}],"predecessor-version":[{"id":11193,"href":"https:\/\/diariodigitalnea.com\/index.php\/wp-json\/wp\/v2\/posts\/11190\/revisions\/11193"}],"wp:featuredmedia":[{"embeddable":true,"href":"https:\/\/diariodigitalnea.com\/index.php\/wp-json\/wp\/v2\/media\/11192"}],"wp:attachment":[{"href":"https:\/\/diariodigitalnea.com\/index.php\/wp-json\/wp\/v2\/media?parent=11190"}],"wp:term":[{"taxonomy":"category","embeddable":true,"href":"https:\/\/diariodigitalnea.com\/index.php\/wp-json\/wp\/v2\/categories?post=11190"},{"taxonomy":"post_tag","embeddable":true,"href":"https:\/\/diariodigitalnea.com\/index.php\/wp-json\/wp\/v2\/tags?post=11190"}],"curies":[{"name":"wp","href":"https:\/\/api.w.org\/{rel}","templated":true}]}}