{"id":11117,"date":"2023-10-13T13:59:16","date_gmt":"2023-10-13T13:59:16","guid":{"rendered":"https:\/\/diariodigitalnea.com\/?p=11117"},"modified":"2023-10-13T14:26:31","modified_gmt":"2023-10-13T14:26:31","slug":"ataque-terrorista-en-francia-asesinan-a-un-profesor-en-su-escuela","status":"publish","type":"post","link":"https:\/\/diariodigitalnea.com\/index.php\/2023\/10\/13\/ataque-terrorista-en-francia-asesinan-a-un-profesor-en-su-escuela\/","title":{"rendered":"Ataque terrorista en Francia: asesinan a un profesor en una escuela, al grito de \u00abAllahu Akbar\u00bb\u00a0 el atacante lo degoll\u00f3"},"content":{"rendered":"\n<p>Un profesor fue asesinado en una escuela de Francia. El agresor ingres\u00f3 con un pu\u00f1al, profiriendo proclamas islamistas. Dijo en \u00e1rabe, entre otras cosas, \u00abAl\u00e1 es m\u00e1s grande\u00bb.<\/p>\n\n\n\n<p><\/p>\n\n\n\n<p>El asesinato este viernes de un profesor en un liceo de la ciudad de Arras, en Francia, por parte de un antiguo alumno de origen checheno que era objeto de seguimiento por los servicios secretos por sus v\u00ednculos con el integrismo isl\u00e1mico, que adem\u00e1s caus\u00f3 otros dos heridos, es un ataque terrorista.<\/p>\n\n\n\n<figure class=\"wp-block-image size-large\"><img fetchpriority=\"high\" decoding=\"async\" width=\"1024\" height=\"699\" src=\"https:\/\/diariodigitalnea.com\/wp-content\/uploads\/2023\/10\/terrorista2-1024x699.jpg\" alt=\"\" class=\"wp-image-11118\" srcset=\"https:\/\/diariodigitalnea.com\/wp-content\/uploads\/2023\/10\/terrorista2-1024x699.jpg 1024w, https:\/\/diariodigitalnea.com\/wp-content\/uploads\/2023\/10\/terrorista2-300x205.jpg 300w, https:\/\/diariodigitalnea.com\/wp-content\/uploads\/2023\/10\/terrorista2-768x524.jpg 768w, https:\/\/diariodigitalnea.com\/wp-content\/uploads\/2023\/10\/terrorista2.jpg 1112w\" sizes=\"(max-width: 1024px) 100vw, 1024px\" \/><\/figure>\n\n\n\n<p>La Fiscal\u00eda Nacional Antiterrorista (PNAT) ha anunciado en un comunicado que se ha hecho cargo de la investigaci\u00f3n por los cargos de asesinato terrorista, tentativa de asesinato terrorista y asociaci\u00f3n terrorista para preparar atentados.<\/p>\n\n\n\n<p><\/p>\n\n\n\n<p>Los hechos ocurrieron hacia las 11.00 hora local (09.00 GMT) de la ma\u00f1ana en el liceo Gambetta de Arras. Un joven de una veintena de a\u00f1os, que hab\u00eda sido alumno all\u00ed, mat\u00f3 con arma blanca a un profesor que fue degollado e hiri\u00f3 al director y a otro empleado de ese instituto de ense\u00f1anza media, seg\u00fan los medios.<\/p>\n\n\n\n<p><\/p>\n\n\n\n<p>El ministro franc\u00e9s del Interior, G\u00e9rald Darmanin, indic\u00f3 en su cuenta de Twitter, que el autor del atentado ha sido detenido. Un hermano suyo tambi\u00e9n ha sido arrestado, seg\u00fan BFMTV cerca de otro centro educativo.<\/p>\n\n\n\n<figure class=\"wp-block-image size-large\"><img decoding=\"async\" width=\"1024\" height=\"513\" src=\"http:\/\/diariodigitalnea.com\/wp-content\/uploads\/2023\/05\/ENCUENTRO-IG-Verde-copy-1024x513.jpg\" alt=\"PUBLICIDAD\" class=\"wp-image-8132\" srcset=\"https:\/\/diariodigitalnea.com\/wp-content\/uploads\/2023\/05\/ENCUENTRO-IG-Verde-copy-1024x513.jpg 1024w, https:\/\/diariodigitalnea.com\/wp-content\/uploads\/2023\/05\/ENCUENTRO-IG-Verde-copy-300x150.jpg 300w, https:\/\/diariodigitalnea.com\/wp-content\/uploads\/2023\/05\/ENCUENTRO-IG-Verde-copy-768x385.jpg 768w, https:\/\/diariodigitalnea.com\/wp-content\/uploads\/2023\/05\/ENCUENTRO-IG-Verde-copy-1536x769.jpg 1536w, https:\/\/diariodigitalnea.com\/wp-content\/uploads\/2023\/05\/ENCUENTRO-IG-Verde-copy-2048x1026.jpg 2048w\" sizes=\"(max-width: 1024px) 100vw, 1024px\" \/><figcaption>Publicidad: Encuentro Tienda de Bebidas, Chile 190 Local 4 \u2013 Tel: 3624386655 &#8211; Gral San Mart\u00edn<\/figcaption><\/figure>\n\n\n\n<p>El asesino profiri\u00f3 proclamas islamistas durante su acci\u00f3n, seg\u00fan los medios. En concreto, testigos del suceso le escucharon decir \u00abAl\u00e1 es el m\u00e1s grande\u00bb en \u00e1rabe.<\/p>\n\n\n\n<p><\/p>\n\n\n\n<p>El El\u00edseo se\u00f1al\u00f3 que el presidente franc\u00e9s, Emmanuel Macron, va a trasladarse a Arras en las pr\u00f3ximas horas, donde tambi\u00e9n se espera al ministro de Educaci\u00f3n, Gabriel Attal.<\/p>\n\n\n\n<p><\/p>\n\n\n\n<p>A falta de elementos precisos, este suceso tiene algunas similitudes con el asesinato el 16 de octubre de 2020 del profesor Samuel Paty, en las proximidades del colegio en el que ense\u00f1aba en Conflans Sainte Honorine, en la regi\u00f3n de Par\u00eds, por un terrorista integrista checheno que se hab\u00eda refugiado con su familia en Francia.<\/p>\n\n\n\n<p><\/p>\n\n\n\n<p>Los hechos ocurren en un contexto particular, marcado por la ofensiva terrorista lanzada por Ham\u00e1s contra el territorio israel\u00ed el pasado s\u00e1bado y la respuesta de Israel en la Franja de Gaza.<\/p>\n\n\n\n<figure class=\"wp-block-image size-large\"><img decoding=\"async\" width=\"1024\" height=\"446\" src=\"http:\/\/diariodigitalnea.com\/wp-content\/uploads\/2023\/05\/CONSTRUCAL-CON-FABRICA-2-1024x446.jpg\" alt=\"publicidad Construcal 2\" class=\"wp-image-8211\" srcset=\"https:\/\/diariodigitalnea.com\/wp-content\/uploads\/2023\/05\/CONSTRUCAL-CON-FABRICA-2-1024x446.jpg 1024w, https:\/\/diariodigitalnea.com\/wp-content\/uploads\/2023\/05\/CONSTRUCAL-CON-FABRICA-2-300x131.jpg 300w, https:\/\/diariodigitalnea.com\/wp-content\/uploads\/2023\/05\/CONSTRUCAL-CON-FABRICA-2-768x334.jpg 768w, https:\/\/diariodigitalnea.com\/wp-content\/uploads\/2023\/05\/CONSTRUCAL-CON-FABRICA-2-1536x669.jpg 1536w, https:\/\/diariodigitalnea.com\/wp-content\/uploads\/2023\/05\/CONSTRUCAL-CON-FABRICA-2-2048x892.jpg 2048w\" sizes=\"(max-width: 1024px) 100vw, 1024px\" \/><figcaption>Publicidad: ConstruCal Cales hidratas y vivas para uso vial y construcci\u00f3n TEL: 3624602737\n<\/figcaption><\/figure>\n","protected":false},"excerpt":{"rendered":"<p>Un profesor fue asesinado en una escuela de Francia. El agresor ingres\u00f3 con un pu\u00f1al, profiriendo proclamas islamistas. Dijo en \u00e1rabe, entre otras cosas, \u00abAl\u00e1 es m\u00e1s grande\u00bb. El asesinato este viernes de un profesor en un liceo de la ciudad de Arras, en Francia, por parte de un antiguo alumno de origen checheno que [&hellip;]<\/p>\n","protected":false},"author":4,"featured_media":11119,"comment_status":"closed","ping_status":"closed","sticky":false,"template":"","format":"standard","meta":{"om_disable_all_campaigns":false,"_monsterinsights_skip_tracking":false,"_monsterinsights_sitenote_active":false,"_monsterinsights_sitenote_note":"","_monsterinsights_sitenote_category":0,"footnotes":""},"categories":[95,9],"tags":[3536,630],"class_list":["post-11117","post","type-post","status-publish","format-standard","has-post-thumbnail","hentry","category-informacion-general","category-internacionales","tag-ataques-terroristas","tag-francia"],"aioseo_notices":[],"amp_enabled":true,"_links":{"self":[{"href":"https:\/\/diariodigitalnea.com\/index.php\/wp-json\/wp\/v2\/posts\/11117","targetHints":{"allow":["GET"]}}],"collection":[{"href":"https:\/\/diariodigitalnea.com\/index.php\/wp-json\/wp\/v2\/posts"}],"about":[{"href":"https:\/\/diariodigitalnea.com\/index.php\/wp-json\/wp\/v2\/types\/post"}],"author":[{"embeddable":true,"href":"https:\/\/diariodigitalnea.com\/index.php\/wp-json\/wp\/v2\/users\/4"}],"replies":[{"embeddable":true,"href":"https:\/\/diariodigitalnea.com\/index.php\/wp-json\/wp\/v2\/comments?post=11117"}],"version-history":[{"count":3,"href":"https:\/\/diariodigitalnea.com\/index.php\/wp-json\/wp\/v2\/posts\/11117\/revisions"}],"predecessor-version":[{"id":11127,"href":"https:\/\/diariodigitalnea.com\/index.php\/wp-json\/wp\/v2\/posts\/11117\/revisions\/11127"}],"wp:featuredmedia":[{"embeddable":true,"href":"https:\/\/diariodigitalnea.com\/index.php\/wp-json\/wp\/v2\/media\/11119"}],"wp:attachment":[{"href":"https:\/\/diariodigitalnea.com\/index.php\/wp-json\/wp\/v2\/media?parent=11117"}],"wp:term":[{"taxonomy":"category","embeddable":true,"href":"https:\/\/diariodigitalnea.com\/index.php\/wp-json\/wp\/v2\/categories?post=11117"},{"taxonomy":"post_tag","embeddable":true,"href":"https:\/\/diariodigitalnea.com\/index.php\/wp-json\/wp\/v2\/tags?post=11117"}],"curies":[{"name":"wp","href":"https:\/\/api.w.org\/{rel}","templated":true}]}}