{"id":11108,"date":"2023-10-13T04:12:12","date_gmt":"2023-10-13T04:12:12","guid":{"rendered":"https:\/\/diariodigitalnea.com\/?p=11108"},"modified":"2023-10-13T04:12:12","modified_gmt":"2023-10-13T04:12:12","slug":"inflacion-que-fue-lo-que-mas-aumento-a-lo-largo-de-septiembre","status":"publish","type":"post","link":"https:\/\/diariodigitalnea.com\/index.php\/2023\/10\/13\/inflacion-que-fue-lo-que-mas-aumento-a-lo-largo-de-septiembre\/","title":{"rendered":"Inflaci\u00f3n: qu\u00e9 fue lo que m\u00e1s aument\u00f3 a lo largo de septiembre"},"content":{"rendered":"\n<p>El Indec inform\u00f3 que en septiembre la inflaci\u00f3n fue del 12,7% y los precios acumularon un avance del 103,2% en los primeros 9 meses del a\u00f1o.<\/p>\n\n\n\n<p>El Instituto Nacional de Estad\u00edsticas y Censos (INDEC) inform\u00f3 este jueves que la inflaci\u00f3n de septiembre fue del 12,7%, el dato m\u00e1s alto en lo que va del a\u00f1o y en los \u00faltimos 12 meses ya alcanz\u00f3 el 138,3%. En tanto los precios acumularon un alza del 103,2&#8243; en los primeros 9 meses del a\u00f1o.<\/p>\n\n\n\n<p>Desde el equipo econ\u00f3mico se\u00f1alaron que el IPC en el noveno mes del a\u00f1o estuvo muy influido por el arrastre de agosto y por el efecto de la devaluaci\u00f3n del 22% en el tipo de cambio mayorista que tuvo lugar el pasado 14 de agosto, tras las elecciones primarias.<\/p>\n\n\n\n<p>Las cuatro divisiones que estuvieron por encima de la medici\u00f3n general fueron: Prendas de vestir y calzado (15,7%), debido al cambio de la temporada, Recreaci\u00f3n y cultura (15,1%), por las alzas en los servicios de cable, libros, diarios y cines, entre otros; Alimentos y bebidas no alcoh\u00f3licas (14,3%) impulsado por el precio de la carne que aument\u00f3 en torno a 20% y los panificados cerca de 13%; y Restaurantes y hoteles (13,2%).<\/p>\n\n\n\n<figure class=\"wp-block-image size-large\"><img fetchpriority=\"high\" decoding=\"async\" width=\"1024\" height=\"513\" src=\"http:\/\/diariodigitalnea.com\/wp-content\/uploads\/2023\/05\/ENCUENTRO-IG-Verde-copy-1024x513.jpg\" alt=\"PUBLICIDAD\" class=\"wp-image-8132\" srcset=\"https:\/\/diariodigitalnea.com\/wp-content\/uploads\/2023\/05\/ENCUENTRO-IG-Verde-copy-1024x513.jpg 1024w, https:\/\/diariodigitalnea.com\/wp-content\/uploads\/2023\/05\/ENCUENTRO-IG-Verde-copy-300x150.jpg 300w, https:\/\/diariodigitalnea.com\/wp-content\/uploads\/2023\/05\/ENCUENTRO-IG-Verde-copy-768x385.jpg 768w, https:\/\/diariodigitalnea.com\/wp-content\/uploads\/2023\/05\/ENCUENTRO-IG-Verde-copy-1536x769.jpg 1536w, https:\/\/diariodigitalnea.com\/wp-content\/uploads\/2023\/05\/ENCUENTRO-IG-Verde-copy-2048x1026.jpg 2048w\" sizes=\"(max-width: 1024px) 100vw, 1024px\" \/><figcaption>Publicidad: Encuentro Tienda de Bebidas, Chile 190 Local 4 \u2013 Tel: 3624386655 &#8211; Gral San Mart\u00edn<\/figcaption><\/figure>\n\n\n\n<h2 class=\"wp-block-heading\">Inflaci\u00f3n: los productos que m\u00e1s subieron<\/h2>\n\n\n\n<p>Alimentos y bebidas no alcoh\u00f3licas fue la divisi\u00f3n con mayor incidencia en todas las regiones, siendo a su vez La Patagonia en la que m\u00e1s aument\u00f3 con un 17%, seguida de Cuyo 15,8%, Pampeana 15,2%, Noreste 15,1%, Noroeste 14% y GBA 13,2%.<\/p>\n\n\n\n<p>Hacia dentro de la divisi\u00f3n de alimentos la banana triplic\u00f3 la variaci\u00f3n del rubro y se ubic\u00f3 en el 46%. En tanto, los dem\u00e1s productos no superaron el 30%, como fue el caso del arroz blanco que subi\u00f3 26,4%, manteca (+23,6%), sal fina (+21,2%), jam\u00f3n cocido (+18,4%), pollo entero (+18,2%), naranja (+17,8%) y cuadrada (+17,6%).<\/p>\n\n\n\n<p>En el otro extremo, la lechuga baj\u00f3 13,2% y el tomate redondo, 1,1%; mientras que completaron la lista de los menores aumentos, zapallo anco (+2,3%), yogur firme (+3,1%), pan de mesa (+5,8%), queso cremoso (+5,9%) y jab\u00f3n en polvo para ropa (+6,4%).<\/p>\n\n\n\n<p>Seg\u00fan explic\u00f3 Mar\u00eda Castiglioni de C&amp;T Asociados a \u00c1mbito la inflaci\u00f3n tuvo \u00abun fuerte impulso de lo que fueron las primeras semanas de septiembre en carnes, frutas, aceites y panificados\u00bb. Aunque despu\u00e9s de la segunda quincena y a principios de octubre hubo una \u00abdesaceleraci\u00f3n\u00bb, \u00abpero ahora est\u00e1 volviendo a acelerarse\u00bb.<\/p>\n\n\n\n<p>\u00abLa inflaci\u00f3n ven\u00eda con un arrastre muy fuerte de agosto\u00bb, resalt\u00f3 la economista. En aquel mes, tras las elecciones primarias y la devaluaci\u00f3n del 20% del peso, la inflaci\u00f3n se dispar\u00f3 a 12,4%, un m\u00e1ximo en 32 a\u00f1os. Asimismo, Isaac Rudnik director de Instituto de Investigaci\u00f3n Social, Econ\u00f3mica y Pol\u00edtica (ISEPCi), coincidi\u00f3 que \u00abes una continuidad de una tendencia alcista que no se modific\u00f3\u00bb.<\/p>\n\n\n\n<p>La variaci\u00f3n de precios, con alimentos arriba de un 14%, -para Rudnik- es una \u00abcontinuidad de golpes al bolsillo de los trabajadores\u00bb, ya que las medidas \u00abcompensatorias\u00bb lanzadas por el ministro de Econom\u00eda Sergio Massa tras la devaluaci\u00f3n, \u00abno compensan estos aumentos\u00bb.<\/p>\n\n\n\n<figure class=\"wp-block-image size-large\"><img decoding=\"async\" width=\"1024\" height=\"446\" src=\"http:\/\/diariodigitalnea.com\/wp-content\/uploads\/2023\/05\/CONSTRUCAL-CON-FABRICA-2-1024x446.jpg\" alt=\"publicidad Construcal 2\" class=\"wp-image-8211\" srcset=\"https:\/\/diariodigitalnea.com\/wp-content\/uploads\/2023\/05\/CONSTRUCAL-CON-FABRICA-2-1024x446.jpg 1024w, https:\/\/diariodigitalnea.com\/wp-content\/uploads\/2023\/05\/CONSTRUCAL-CON-FABRICA-2-300x131.jpg 300w, https:\/\/diariodigitalnea.com\/wp-content\/uploads\/2023\/05\/CONSTRUCAL-CON-FABRICA-2-768x334.jpg 768w, https:\/\/diariodigitalnea.com\/wp-content\/uploads\/2023\/05\/CONSTRUCAL-CON-FABRICA-2-1536x669.jpg 1536w, https:\/\/diariodigitalnea.com\/wp-content\/uploads\/2023\/05\/CONSTRUCAL-CON-FABRICA-2-2048x892.jpg 2048w\" sizes=\"(max-width: 1024px) 100vw, 1024px\" \/><figcaption>Publicidad: ConstruCal Cales hidratas y vivas para uso vial y construcci\u00f3n TEL: 3624602737\n<\/figcaption><\/figure>\n","protected":false},"excerpt":{"rendered":"<p>El Indec inform\u00f3 que en septiembre la inflaci\u00f3n fue del 12,7% y los precios acumularon un avance del 103,2% en los primeros 9 meses del a\u00f1o. El Instituto Nacional de Estad\u00edsticas y Censos (INDEC) inform\u00f3 este jueves que la inflaci\u00f3n de septiembre fue del 12,7%, el dato m\u00e1s alto en lo que va del a\u00f1o [&hellip;]<\/p>\n","protected":false},"author":3,"featured_media":11109,"comment_status":"closed","ping_status":"closed","sticky":false,"template":"","format":"standard","meta":{"om_disable_all_campaigns":false,"_monsterinsights_skip_tracking":false,"_monsterinsights_sitenote_active":false,"_monsterinsights_sitenote_note":"","_monsterinsights_sitenote_category":0,"footnotes":""},"categories":[5],"tags":[1962,517,15,3550],"class_list":["post-11108","post","type-post","status-publish","format-standard","has-post-thumbnail","hentry","category-economia","tag-canasta-basica","tag-indec","tag-inflacion","tag-productos"],"aioseo_notices":[],"amp_enabled":true,"_links":{"self":[{"href":"https:\/\/diariodigitalnea.com\/index.php\/wp-json\/wp\/v2\/posts\/11108","targetHints":{"allow":["GET"]}}],"collection":[{"href":"https:\/\/diariodigitalnea.com\/index.php\/wp-json\/wp\/v2\/posts"}],"about":[{"href":"https:\/\/diariodigitalnea.com\/index.php\/wp-json\/wp\/v2\/types\/post"}],"author":[{"embeddable":true,"href":"https:\/\/diariodigitalnea.com\/index.php\/wp-json\/wp\/v2\/users\/3"}],"replies":[{"embeddable":true,"href":"https:\/\/diariodigitalnea.com\/index.php\/wp-json\/wp\/v2\/comments?post=11108"}],"version-history":[{"count":1,"href":"https:\/\/diariodigitalnea.com\/index.php\/wp-json\/wp\/v2\/posts\/11108\/revisions"}],"predecessor-version":[{"id":11110,"href":"https:\/\/diariodigitalnea.com\/index.php\/wp-json\/wp\/v2\/posts\/11108\/revisions\/11110"}],"wp:featuredmedia":[{"embeddable":true,"href":"https:\/\/diariodigitalnea.com\/index.php\/wp-json\/wp\/v2\/media\/11109"}],"wp:attachment":[{"href":"https:\/\/diariodigitalnea.com\/index.php\/wp-json\/wp\/v2\/media?parent=11108"}],"wp:term":[{"taxonomy":"category","embeddable":true,"href":"https:\/\/diariodigitalnea.com\/index.php\/wp-json\/wp\/v2\/categories?post=11108"},{"taxonomy":"post_tag","embeddable":true,"href":"https:\/\/diariodigitalnea.com\/index.php\/wp-json\/wp\/v2\/tags?post=11108"}],"curies":[{"name":"wp","href":"https:\/\/api.w.org\/{rel}","templated":true}]}}