{"id":11104,"date":"2023-10-13T04:08:01","date_gmt":"2023-10-13T04:08:01","guid":{"rendered":"https:\/\/diariodigitalnea.com\/?p=11104"},"modified":"2023-10-13T04:08:02","modified_gmt":"2023-10-13T04:08:02","slug":"tabla-de-posiciones-de-las-eliminatorias-sudamericanas","status":"publish","type":"post","link":"https:\/\/diariodigitalnea.com\/index.php\/2023\/10\/13\/tabla-de-posiciones-de-las-eliminatorias-sudamericanas\/","title":{"rendered":"Tabla de posiciones de las Eliminatorias Sudamericanas"},"content":{"rendered":"\n<p>Tras la tercera fecha, y con el empate de Brasil, Argentina qued\u00f3 como \u00fanico l\u00edder de las Eliminatorias Sudamericanas rumbo al Mundial 2026.<\/p>\n\n\n\n<p>Argentina sigue en el primer escal\u00f3n de las posiciones de las Eliminatorias Sudamericanas al cabo de la tercera fecha, siendo en consecuencia el \u00fanico con puntaje ideal.<\/p>\n\n\n\n<p>Los brasile\u00f1os, que cerraron la jornada con un empate de local ante la sorprendente Venezuela, cayeron a la segunda posici\u00f3n.<\/p>\n\n\n\n<h2 class=\"wp-block-heading\">Tabla de posiciones de las Eliminatorias Sudamericanas<\/h2>\n\n\n\n<p>Las posiciones de estas Eliminatorias que conducen al Mundial de Estados Unidos-M\u00e9xico-Canad\u00e1 2026 y arrojan 6\/7 plazas para esa competencia, son las siguientes:<\/p>\n\n\n\n<figure class=\"wp-block-image size-full\"><img fetchpriority=\"high\" decoding=\"async\" width=\"951\" height=\"754\" src=\"http:\/\/diariodigitalnea.com\/wp-content\/uploads\/2023\/10\/posiciones.jpg\" alt=\"\" class=\"wp-image-11105\" srcset=\"https:\/\/diariodigitalnea.com\/wp-content\/uploads\/2023\/10\/posiciones.jpg 951w, https:\/\/diariodigitalnea.com\/wp-content\/uploads\/2023\/10\/posiciones-300x238.jpg 300w, https:\/\/diariodigitalnea.com\/wp-content\/uploads\/2023\/10\/posiciones-768x609.jpg 768w, https:\/\/diariodigitalnea.com\/wp-content\/uploads\/2023\/10\/posiciones-220x175.jpg 220w\" sizes=\"(max-width: 951px) 100vw, 951px\" \/><\/figure>\n\n\n\n<p>Los seis primeros se clasifican directamente al Mundial 2026 y el s\u00e9ptimo jugar\u00e1 un repechaje con un rival de las Eliminatorias Asi\u00e1ticas.<\/p>\n\n\n\n<p>Se le descontaron 3 puntos a Ecuador por la mala inclusi\u00f3n del futbolista Byron Castillo en las Eliminatorias anteriores.<\/p>\n","protected":false},"excerpt":{"rendered":"<p>Tras la tercera fecha, y con el empate de Brasil, Argentina qued\u00f3 como \u00fanico l\u00edder de las Eliminatorias Sudamericanas rumbo al Mundial 2026. Argentina sigue en el primer escal\u00f3n de las posiciones de las Eliminatorias Sudamericanas al cabo de la tercera fecha, siendo en consecuencia el \u00fanico con puntaje ideal. Los brasile\u00f1os, que cerraron la [&hellip;]<\/p>\n","protected":false},"author":3,"featured_media":11106,"comment_status":"closed","ping_status":"closed","sticky":false,"template":"","format":"standard","meta":{"om_disable_all_campaigns":false,"_monsterinsights_skip_tracking":false,"_monsterinsights_sitenote_active":false,"_monsterinsights_sitenote_note":"","_monsterinsights_sitenote_category":0,"footnotes":""},"categories":[6],"tags":[3395,604,241],"class_list":["post-11104","post","type-post","status-publish","format-standard","has-post-thumbnail","hentry","category-deporte","tag-eliminatorias-sudamericanas","tag-lionel-messi","tag-seleccion-argentina"],"aioseo_notices":[],"amp_enabled":true,"_links":{"self":[{"href":"https:\/\/diariodigitalnea.com\/index.php\/wp-json\/wp\/v2\/posts\/11104","targetHints":{"allow":["GET"]}}],"collection":[{"href":"https:\/\/diariodigitalnea.com\/index.php\/wp-json\/wp\/v2\/posts"}],"about":[{"href":"https:\/\/diariodigitalnea.com\/index.php\/wp-json\/wp\/v2\/types\/post"}],"author":[{"embeddable":true,"href":"https:\/\/diariodigitalnea.com\/index.php\/wp-json\/wp\/v2\/users\/3"}],"replies":[{"embeddable":true,"href":"https:\/\/diariodigitalnea.com\/index.php\/wp-json\/wp\/v2\/comments?post=11104"}],"version-history":[{"count":1,"href":"https:\/\/diariodigitalnea.com\/index.php\/wp-json\/wp\/v2\/posts\/11104\/revisions"}],"predecessor-version":[{"id":11107,"href":"https:\/\/diariodigitalnea.com\/index.php\/wp-json\/wp\/v2\/posts\/11104\/revisions\/11107"}],"wp:featuredmedia":[{"embeddable":true,"href":"https:\/\/diariodigitalnea.com\/index.php\/wp-json\/wp\/v2\/media\/11106"}],"wp:attachment":[{"href":"https:\/\/diariodigitalnea.com\/index.php\/wp-json\/wp\/v2\/media?parent=11104"}],"wp:term":[{"taxonomy":"category","embeddable":true,"href":"https:\/\/diariodigitalnea.com\/index.php\/wp-json\/wp\/v2\/categories?post=11104"},{"taxonomy":"post_tag","embeddable":true,"href":"https:\/\/diariodigitalnea.com\/index.php\/wp-json\/wp\/v2\/tags?post=11104"}],"curies":[{"name":"wp","href":"https:\/\/api.w.org\/{rel}","templated":true}]}}