{"id":11075,"date":"2023-10-11T14:09:04","date_gmt":"2023-10-11T14:09:04","guid":{"rendered":"https:\/\/diariodigitalnea.com\/?p=11075"},"modified":"2023-10-11T14:09:05","modified_gmt":"2023-10-11T14:09:05","slug":"ley-de-alquileres-uno-por-uno-los-principales-puntos-de-la-reforma","status":"publish","type":"post","link":"https:\/\/diariodigitalnea.com\/index.php\/2023\/10\/11\/ley-de-alquileres-uno-por-uno-los-principales-puntos-de-la-reforma\/","title":{"rendered":"Ley de Alquileres: uno por uno, los principales puntos de la reforma"},"content":{"rendered":"\n<p>El oficialismo logr\u00f3 aprobar la iniciativa que contaba media sanci\u00f3n del Senado. \u00bfCu\u00e1les son los cambios?<\/p>\n\n\n\n<p><\/p>\n\n\n\n<p>La C\u00e1mara de Diputados convirti\u00f3 en ley la reforma a los alquileres este mi\u00e9rcoles 11 de octubre, con 128 votos positivos y 114 negativos, luego de una sesi\u00f3n m\u00e1s que prolongada. Es decir que, la C\u00e1mara baja aprob\u00f3 en la norma los cambios que hab\u00edan sido incorporados por el Senado d\u00edas atr\u00e1s.<\/p>\n\n\n\n<p><\/p>\n\n\n\n<p>La nueva ley mantiene los tres a\u00f1os de duraci\u00f3n de los contratos y el intervalo m\u00ednimo para actualizar el precio del alquiler pasa de un a\u00f1o a seis meses. A su vez, dicta que el precio de los contratos debe fijarse en pesos.<\/p>\n\n\n\n<figure class=\"wp-block-image size-large\"><img fetchpriority=\"high\" decoding=\"async\" width=\"1024\" height=\"724\" src=\"https:\/\/diariodigitalnea.com\/wp-content\/uploads\/2023\/10\/alquiler-2-1024x724.jpg\" alt=\"\" class=\"wp-image-11077\" srcset=\"https:\/\/diariodigitalnea.com\/wp-content\/uploads\/2023\/10\/alquiler-2-1024x724.jpg 1024w, https:\/\/diariodigitalnea.com\/wp-content\/uploads\/2023\/10\/alquiler-2-300x212.jpg 300w, https:\/\/diariodigitalnea.com\/wp-content\/uploads\/2023\/10\/alquiler-2-768x543.jpg 768w, https:\/\/diariodigitalnea.com\/wp-content\/uploads\/2023\/10\/alquiler-2.jpg 1076w\" sizes=\"(max-width: 1024px) 100vw, 1024px\" \/><\/figure>\n\n\n\n<p><strong>TODOS LAS CAMBIOS EN LA LEY DE ALQUILERES<\/strong><\/p>\n\n\n\n<p>La reforma de la ley de Alquileres sancionada este mi\u00e9rcoles 11 de octubre fue impulsada por el oficialismo. Los puntos claves:<\/p>\n\n\n\n<p>Se mantiene un m\u00ednimo de tres a\u00f1os de locaci\u00f3n.<\/p>\n\n\n\n<p>Los contratos deben realizarse en moneda nacional.<\/p>\n\n\n\n<p>Los ajustes ser\u00e1n cada 6 meses.<\/p>\n\n\n\n<figure class=\"wp-block-image size-large\"><img decoding=\"async\" width=\"1024\" height=\"513\" src=\"http:\/\/diariodigitalnea.com\/wp-content\/uploads\/2023\/05\/ENCUENTRO-IG-Verde-copy-1024x513.jpg\" alt=\"PUBLICIDAD\" class=\"wp-image-8132\" srcset=\"https:\/\/diariodigitalnea.com\/wp-content\/uploads\/2023\/05\/ENCUENTRO-IG-Verde-copy-1024x513.jpg 1024w, https:\/\/diariodigitalnea.com\/wp-content\/uploads\/2023\/05\/ENCUENTRO-IG-Verde-copy-300x150.jpg 300w, https:\/\/diariodigitalnea.com\/wp-content\/uploads\/2023\/05\/ENCUENTRO-IG-Verde-copy-768x385.jpg 768w, https:\/\/diariodigitalnea.com\/wp-content\/uploads\/2023\/05\/ENCUENTRO-IG-Verde-copy-1536x769.jpg 1536w, https:\/\/diariodigitalnea.com\/wp-content\/uploads\/2023\/05\/ENCUENTRO-IG-Verde-copy-2048x1026.jpg 2048w\" sizes=\"(max-width: 1024px) 100vw, 1024px\" \/><figcaption>Publicidad: Encuentro Tienda de Bebidas, Chile 190 Local 4 \u2013 Tel: 3624386655 &#8211; Gral San Mart\u00edn<\/figcaption><\/figure>\n\n\n\n<p>Se modifica el mecanismo de actualizaci\u00f3n de precios de alquileres y se aplicar\u00e1 el \u00edndice de Casa Propia: la medici\u00f3n del menor \u00edndice entre el Coeficiente de Variaci\u00f3n Salarial (CVS) y el Coeficiente de Estabilizaci\u00f3n de Referencia (CER).<\/p>\n\n\n\n<p>Se eliminan pagos anticipados por per\u00edodos m\u00e1s extensos.<\/p>\n\n\n\n<p>Incorporan que los ingresos provenientes de locaci\u00f3n de hasta dos inmuebles estar\u00e1n \u00abexentos del pago del Monotributo\u00bb.<\/p>\n\n\n\n<p>Se suma la posibilidad de que \u00ablas partes podr\u00e1n deducir del Impuesto a las Ganancias a la suma equivalente al 10% del monto anual del contrato de locaci\u00f3n\u00bb.<\/p>\n\n\n\n<p>Los propietarios no pagar\u00e1n Bienes Personales sobre los inmuebles que se pongan en alquiler ni impuesto al cheque en las cuentas bancarias destinadas a cobrar esos contratos que est\u00e9n \u00abdebidamente registrados\u00bb ante la AFIP.<\/p>\n\n\n\n<p>La reforma aprobada este mi\u00e9rcoles fue elevada al Poder Ejecutivo y entrar\u00e1 en vigencia cuando se promulgue con la oficializaci\u00f3n en el Bolet\u00edn Oficial. Hasta entonces, los contratos seguir\u00e1n siendo de tres a\u00f1os y se ajustar\u00e1n anualmente a trav\u00e9s del \u00cdndice de Contratos de Locaci\u00f3n (ICL).<\/p>\n\n\n\n<figure class=\"wp-block-image size-large\"><img decoding=\"async\" width=\"1024\" height=\"446\" src=\"http:\/\/diariodigitalnea.com\/wp-content\/uploads\/2023\/05\/CONSTRUCAL-CON-FABRICA-2-1024x446.jpg\" alt=\"publicidad Construcal 2\" class=\"wp-image-8211\" srcset=\"https:\/\/diariodigitalnea.com\/wp-content\/uploads\/2023\/05\/CONSTRUCAL-CON-FABRICA-2-1024x446.jpg 1024w, https:\/\/diariodigitalnea.com\/wp-content\/uploads\/2023\/05\/CONSTRUCAL-CON-FABRICA-2-300x131.jpg 300w, https:\/\/diariodigitalnea.com\/wp-content\/uploads\/2023\/05\/CONSTRUCAL-CON-FABRICA-2-768x334.jpg 768w, https:\/\/diariodigitalnea.com\/wp-content\/uploads\/2023\/05\/CONSTRUCAL-CON-FABRICA-2-1536x669.jpg 1536w, https:\/\/diariodigitalnea.com\/wp-content\/uploads\/2023\/05\/CONSTRUCAL-CON-FABRICA-2-2048x892.jpg 2048w\" sizes=\"(max-width: 1024px) 100vw, 1024px\" \/><figcaption>Publicidad: ConstruCal Cales hidratas y vivas para uso vial y construcci\u00f3n TEL: 3624602737\n<\/figcaption><\/figure>\n","protected":false},"excerpt":{"rendered":"<p>El oficialismo logr\u00f3 aprobar la iniciativa que contaba media sanci\u00f3n del Senado. \u00bfCu\u00e1les son los cambios? La C\u00e1mara de Diputados convirti\u00f3 en ley la reforma a los alquileres este mi\u00e9rcoles 11 de octubre, con 128 votos positivos y 114 negativos, luego de una sesi\u00f3n m\u00e1s que prolongada. Es decir que, la C\u00e1mara baja aprob\u00f3 en [&hellip;]<\/p>\n","protected":false},"author":4,"featured_media":11076,"comment_status":"closed","ping_status":"closed","sticky":false,"template":"","format":"standard","meta":{"om_disable_all_campaigns":false,"_monsterinsights_skip_tracking":false,"_monsterinsights_sitenote_active":false,"_monsterinsights_sitenote_note":"","_monsterinsights_sitenote_category":0,"footnotes":""},"categories":[5,4],"tags":[3546,2431],"class_list":["post-11075","post","type-post","status-publish","format-standard","has-post-thumbnail","hentry","category-economia","category-politica","tag-alquileres","tag-ley"],"aioseo_notices":[],"amp_enabled":true,"_links":{"self":[{"href":"https:\/\/diariodigitalnea.com\/index.php\/wp-json\/wp\/v2\/posts\/11075","targetHints":{"allow":["GET"]}}],"collection":[{"href":"https:\/\/diariodigitalnea.com\/index.php\/wp-json\/wp\/v2\/posts"}],"about":[{"href":"https:\/\/diariodigitalnea.com\/index.php\/wp-json\/wp\/v2\/types\/post"}],"author":[{"embeddable":true,"href":"https:\/\/diariodigitalnea.com\/index.php\/wp-json\/wp\/v2\/users\/4"}],"replies":[{"embeddable":true,"href":"https:\/\/diariodigitalnea.com\/index.php\/wp-json\/wp\/v2\/comments?post=11075"}],"version-history":[{"count":1,"href":"https:\/\/diariodigitalnea.com\/index.php\/wp-json\/wp\/v2\/posts\/11075\/revisions"}],"predecessor-version":[{"id":11078,"href":"https:\/\/diariodigitalnea.com\/index.php\/wp-json\/wp\/v2\/posts\/11075\/revisions\/11078"}],"wp:featuredmedia":[{"embeddable":true,"href":"https:\/\/diariodigitalnea.com\/index.php\/wp-json\/wp\/v2\/media\/11076"}],"wp:attachment":[{"href":"https:\/\/diariodigitalnea.com\/index.php\/wp-json\/wp\/v2\/media?parent=11075"}],"wp:term":[{"taxonomy":"category","embeddable":true,"href":"https:\/\/diariodigitalnea.com\/index.php\/wp-json\/wp\/v2\/categories?post=11075"},{"taxonomy":"post_tag","embeddable":true,"href":"https:\/\/diariodigitalnea.com\/index.php\/wp-json\/wp\/v2\/tags?post=11075"}],"curies":[{"name":"wp","href":"https:\/\/api.w.org\/{rel}","templated":true}]}}