{"id":11012,"date":"2023-10-07T17:17:48","date_gmt":"2023-10-07T17:17:48","guid":{"rendered":"https:\/\/diariodigitalnea.com\/?p=11012"},"modified":"2023-10-07T17:17:56","modified_gmt":"2023-10-07T17:17:56","slug":"israel-declara-que-esta-en-guerra-tras-una-ofensiva-sopresa-de-hamas-desde-la-franja-de-gaza","status":"publish","type":"post","link":"https:\/\/diariodigitalnea.com\/index.php\/2023\/10\/07\/israel-declara-que-esta-en-guerra-tras-una-ofensiva-sopresa-de-hamas-desde-la-franja-de-gaza\/","title":{"rendered":"Israel\u00a0declara que \u00abest\u00e1 en guerra\u00bb tras una ofensiva sopresa de Hamas desde la Franja de Gaza"},"content":{"rendered":"\n<p>Israel afirm\u00f3 hoy que el pa\u00eds \u00abest\u00e1 en guerra\u00bb tras el sorpresivo ataque por tierra, mar y aire de milicianos palestinos, que incluye la captura de soldados y civiles en localidades fronterizas, y asegur\u00f3 que el movimiento Hamas, que gobierna la Franja de Gaza, pagar\u00e1 \u00abun precio sin precedentes\u00bb.<\/p>\n\n\n\n<p>\u00abCiudadanos de Israel, estamos en guerra. No en una operaci\u00f3n, no son rondas de combates, es una guerra\u00bb, indic\u00f3 el primer ministro Israel\u00ed, Benjamin Netanyahu, en un video difundido en sus redes sociales.<\/p>\n\n\n\n<figure class=\"wp-block-gallery has-nested-images columns-default is-cropped wp-block-gallery-1 is-layout-flex wp-block-gallery-is-layout-flex\">\n<figure class=\"wp-block-image size-large\"><img fetchpriority=\"high\" decoding=\"async\" width=\"1417\" height=\"945\" data-id=\"11018\" src=\"http:\/\/diariodigitalnea.com\/wp-content\/uploads\/2023\/10\/israel41.jpg\" alt=\"\" class=\"wp-image-11018\" srcset=\"https:\/\/diariodigitalnea.com\/wp-content\/uploads\/2023\/10\/israel41.jpg 1417w, https:\/\/diariodigitalnea.com\/wp-content\/uploads\/2023\/10\/israel41-300x200.jpg 300w, https:\/\/diariodigitalnea.com\/wp-content\/uploads\/2023\/10\/israel41-1024x683.jpg 1024w, https:\/\/diariodigitalnea.com\/wp-content\/uploads\/2023\/10\/israel41-768x512.jpg 768w, https:\/\/diariodigitalnea.com\/wp-content\/uploads\/2023\/10\/israel41-900x600.jpg 900w\" sizes=\"(max-width: 1417px) 100vw, 1417px\" \/><figcaption>SENSITIVE MATERIAL. THIS IMAGE MAY OFFEND OR DISTURB A man takes a photo of dead people strewn across a road following a mass-infiltration by Hamas gunmen from the Gaza Strip, in the Sderot area, southern Israel October 7, 2023. REUTERS\/Ammar Awad     TPX IMAGES OF THE DAY<\/figcaption><\/figure>\n\n\n\n<figure class=\"wp-block-image size-large\"><img decoding=\"async\" width=\"1417\" height=\"945\" data-id=\"11017\" src=\"http:\/\/diariodigitalnea.com\/wp-content\/uploads\/2023\/10\/israel3.jpg\" alt=\"\" class=\"wp-image-11017\" srcset=\"https:\/\/diariodigitalnea.com\/wp-content\/uploads\/2023\/10\/israel3.jpg 1417w, https:\/\/diariodigitalnea.com\/wp-content\/uploads\/2023\/10\/israel3-300x200.jpg 300w, https:\/\/diariodigitalnea.com\/wp-content\/uploads\/2023\/10\/israel3-1024x683.jpg 1024w, https:\/\/diariodigitalnea.com\/wp-content\/uploads\/2023\/10\/israel3-768x512.jpg 768w, https:\/\/diariodigitalnea.com\/wp-content\/uploads\/2023\/10\/israel3-900x600.jpg 900w\" sizes=\"(max-width: 1417px) 100vw, 1417px\" \/><figcaption>SENSITIVE MATERIAL. THIS IMAGE MAY OFFEND OR DISTURB A man and woman lie dead in their car following a mass-infiltration by Hamas gunmen from the Gaza Strip, in the Sderot area, southern Israel October 7, 2023. REUTERS\/Ammar Awad     TPX IMAGES OF THE DAY<\/figcaption><\/figure>\n\n\n\n<figure class=\"wp-block-image size-large\"><img decoding=\"async\" width=\"2560\" height=\"1707\" data-id=\"11016\" src=\"http:\/\/diariodigitalnea.com\/wp-content\/uploads\/2023\/10\/israel1-scaled.jpg\" alt=\"\" class=\"wp-image-11016\" srcset=\"https:\/\/diariodigitalnea.com\/wp-content\/uploads\/2023\/10\/israel1-scaled.jpg 2560w, https:\/\/diariodigitalnea.com\/wp-content\/uploads\/2023\/10\/israel1-300x200.jpg 300w, https:\/\/diariodigitalnea.com\/wp-content\/uploads\/2023\/10\/israel1-1024x683.jpg 1024w, https:\/\/diariodigitalnea.com\/wp-content\/uploads\/2023\/10\/israel1-768x512.jpg 768w, https:\/\/diariodigitalnea.com\/wp-content\/uploads\/2023\/10\/israel1-1536x1024.jpg 1536w, https:\/\/diariodigitalnea.com\/wp-content\/uploads\/2023\/10\/israel1-2048x1366.jpg 2048w, https:\/\/diariodigitalnea.com\/wp-content\/uploads\/2023\/10\/israel1-900x600.jpg 900w\" sizes=\"(max-width: 2560px) 100vw, 2560px\" \/><\/figure>\n<\/figure>\n\n\n\n<p>\u00abOrden\u00e9, en primer lugar, que se desalojaran las comunidades en las que se hab\u00edan infiltrado terroristas. Esto actualmente se est\u00e1 llevando a cabo. Al mismo tiempo, he ordenado una amplia movilizaci\u00f3n de reservas y que devolvamos el fuego de una magnitud que el enemigo no ha conocido. El enemigo pagar\u00e1 un precio sin precedentes\u00bb, explic\u00f3 el premier.<\/p>\n\n\n\n<p>Los servicios de emergencias Israel\u00edes informaron que al menos 40 personas murieron y al menos 779 personas resultaron heridas y fueron trasladadas a hospitales.<\/p>\n\n\n\n<p>La parte palestina, en tanto, comunic\u00f3 que hay al menos 161 fallecidos y 931 heridos por la respuesta Israel\u00ed en la Franja de Gaza.<\/p>\n\n\n\n<p>La nueva escalada de violencia comenz\u00f3 con un lanzamiento masivo de cohetes desde varios puntos de la Franja de Gaza a partir de las 6:30 hora local (00:30 de la Argentina).<\/p>\n\n\n\n<p>El portavoz del ej\u00e9rcito Israel\u00ed, el teniente coronel Richard Hecht, mencion\u00f3 que al menos 2.200 cohetes fueron disparados, mientras que Hamas reivindic\u00f3 el lanzamiento de 5.500 proyectiles.<\/p>\n\n\n\n<p>Im\u00e1genes que circulan en redes sociales muestran tambi\u00e9n la incursi\u00f3n por tierra de milicianos de Hamas y la captura de soldados y civiles.<\/p>\n\n\n\n<p>El propio movimiento difundi\u00f3 un video que muestra a tres hombres vestidos como civiles, visiblemente asustados, capturados por sus combatientes.<\/p>\n\n\n\n<p>\u00abEscenas de las Brigadas al Qassam capturando a varios soldados enemigos en la batalla &#8216;Diluvio de Al Aqsa'\u00bb, indicaba una frase que aparec\u00eda sobre fondo negro al principio de la grabaci\u00f3n, consign\u00f3 la agencia de noticias AFP.<\/p>\n\n\n\n<p>Los carteles en hebreo del fondo suger\u00edan que la grabaci\u00f3n se realiz\u00f3 en el lado Israel\u00ed del paso de Erez entre Israel y la Franja de Gaza.<\/p>\n\n\n\n<p>Otros videos difundidos en redes sociales mostraban los cad\u00e1veres de varias personas vestidas con uniforme militar, as\u00ed como automovilistas y pasajeros muertos en una autopista.<\/p>\n\n\n\n<p>El Ej\u00e9rcito Israel\u00ed ratific\u00f3 lo anunciado previamente por Netanyahu y anticip\u00f3 que miles de reservistas fueron llamados a filas para operar en Gaza, as\u00ed como en el norte del pa\u00eds, cerca de las fronteras con L\u00edbano y Siria, y en la ocupada Cisjordania.<\/p>\n\n\n\n<p>Las fuerzas armadas Israel\u00edes informaron de la activaci\u00f3n de sirenas en el sur del pa\u00eds, mientras la Polic\u00eda pidi\u00f3 a la poblaci\u00f3n permanecer cerca de los refugios antibombas.<\/p>\n\n\n\n<p>En tanto, cientos de palestinos de la Franja de Gaza abandonaron sus casas para alejarse de zonas fronterizas con Israel.<\/p>\n\n\n\n<figure class=\"wp-block-gallery has-nested-images columns-default is-cropped wp-block-gallery-2 is-layout-flex wp-block-gallery-is-layout-flex\">\n<figure class=\"wp-block-image size-large\"><img loading=\"lazy\" decoding=\"async\" width=\"2560\" height=\"1706\" data-id=\"11015\" src=\"http:\/\/diariodigitalnea.com\/wp-content\/uploads\/2023\/10\/israel00-scaled.jpg\" alt=\"\" class=\"wp-image-11015\" srcset=\"https:\/\/diariodigitalnea.com\/wp-content\/uploads\/2023\/10\/israel00-scaled.jpg 2560w, https:\/\/diariodigitalnea.com\/wp-content\/uploads\/2023\/10\/israel00-300x200.jpg 300w, https:\/\/diariodigitalnea.com\/wp-content\/uploads\/2023\/10\/israel00-1024x683.jpg 1024w, https:\/\/diariodigitalnea.com\/wp-content\/uploads\/2023\/10\/israel00-768x512.jpg 768w, https:\/\/diariodigitalnea.com\/wp-content\/uploads\/2023\/10\/israel00-1536x1024.jpg 1536w, https:\/\/diariodigitalnea.com\/wp-content\/uploads\/2023\/10\/israel00-2048x1365.jpg 2048w, https:\/\/diariodigitalnea.com\/wp-content\/uploads\/2023\/10\/israel00-900x600.jpg 900w\" sizes=\"(max-width: 2560px) 100vw, 2560px\" \/><figcaption>Smoke rises following Israeli strikes in Gaza, October 7, 2023. REUTERS\/Mohammed Salem<\/figcaption><\/figure>\n\n\n\n<figure class=\"wp-block-image size-large\"><img loading=\"lazy\" decoding=\"async\" width=\"1417\" height=\"945\" data-id=\"11013\" src=\"http:\/\/diariodigitalnea.com\/wp-content\/uploads\/2023\/10\/eisrael9.jpg\" alt=\"\" class=\"wp-image-11013\" srcset=\"https:\/\/diariodigitalnea.com\/wp-content\/uploads\/2023\/10\/eisrael9.jpg 1417w, https:\/\/diariodigitalnea.com\/wp-content\/uploads\/2023\/10\/eisrael9-300x200.jpg 300w, https:\/\/diariodigitalnea.com\/wp-content\/uploads\/2023\/10\/eisrael9-1024x683.jpg 1024w, https:\/\/diariodigitalnea.com\/wp-content\/uploads\/2023\/10\/eisrael9-768x512.jpg 768w, https:\/\/diariodigitalnea.com\/wp-content\/uploads\/2023\/10\/eisrael9-900x600.jpg 900w\" sizes=\"(max-width: 1417px) 100vw, 1417px\" \/><figcaption>Palestinians inspect an ambulance hit by an Israeli strike, after Hamas gunmen launched a surprise attack against Israel, in the southern Gaza Strip, October 7, 2023. REUTERS\/Ibraheem Abu Mustafa<\/figcaption><\/figure>\n<\/figure>\n\n\n\n<p>Egipto, mediador central entre Palestina e Israel, anunci\u00f3 hoy que mantiene contactos a nivel internacional para \u00abcontener la tensa situaci\u00f3n\u00bb y alert\u00f3 sobre las \u00abgraves repercusiones\u00bb por una nueva escalada de violencia.<\/p>\n\n\n\n<p>Por su parte, el Pent\u00e1gono reafirm\u00f3 hoy el compromiso \u00abinquebrantable\u00bb de Estados Unidos con el derecho de Israel a defenderse y prometi\u00f3 asegurarse de que su aliado clave tuviera los medios para hacerlo.<\/p>\n\n\n\n<p>Mientras que el coordinador especial de la ONU para el proceso de paz en Oriente Pr\u00f3ximo, Tor Wennesland, conden\u00f3 \u00aben\u00e9rgicamente el asalto por m\u00faltiples frentes contra las ciudades y poblaciones Israel\u00edes cerca de la Franja de Gaza y la andanada de cohetes que lanzaron las milicias de Hamas contra el centro de Israel\u00bb.<\/p>\n\n\n\n<p>Francia, Reino Unido, Alemania y Espa\u00f1a tambi\u00e9n repudiaron los ataques de Hamas y tanto Italia como Ucrania apoyaron el derecho de Israel un defensor.<\/p>\n\n\n\n<p>Por su parte, Rusia hizo un llamado a la calma, y dijo estar \u00aben contacto con todo el mundo en este momento, con los Israel\u00edes, los palestinos y los \u00e1rabes\u00bb, seg\u00fan declar\u00f3 Mijail Bogdanov, viceministro de Exteriores y emisario del Kremlin para Oriente Medio y \u00c1frica.<\/p>\n\n\n\n<p>Mientras que el presidente de Turqu\u00eda, Recep Tayyip Erdogan, exhort\u00f3 a Israel y Palestina a actuar con moderaci\u00f3n y evitar las acciones que podr\u00edan exacerbar el conflicto.<\/p>\n\n\n\n<p>Israel mantiene un duro bloqueo contra la Franja de Gaza, un empobrecido y sobrepoblado territorio palestino, desde que en 2007 asumi\u00f3 todo el poder Hamas.<\/p>\n\n\n\n<p>Desde entonces se produjeron varias guerras devastadoras entre combatientes palestinos y fuerzas IsraelEs decir, que la mayor\u00eda de las personas que Las dos partes vivieron tensiones en septiembre, cuando Israel cerr\u00f3 la frontera para los trabajadores palestinos durante dos semanas.<\/p>\n\n\n\n<p>El cierre fronterizo fue criticado como un castigo colectivo que perjudic\u00f3 a miles de trabajadores palestinos, que pueden ganar m\u00e1s dinero trabando en Israel que en Gaza, donde el desempleo es muy elevado.<\/p>\n\n\n\n<p>La reapertura fronteriza despert\u00f3 la esperanza de una mejora de la situaci\u00f3n en Gaza, donde viven 2,3 millones de personas.<\/p>\n\n\n\n<p>En mayo, un intercambio de bombardeos a\u00e9reos Israel\u00edes y cohetes desde Gaza provoc\u00f3 la muerte de 34 palestinos y un Israel<\/p>\n","protected":false},"excerpt":{"rendered":"<p>Israel afirm\u00f3 hoy que el pa\u00eds \u00abest\u00e1 en guerra\u00bb tras el sorpresivo ataque por tierra, mar y aire de milicianos palestinos, que incluye la captura de soldados y civiles en localidades fronterizas, y asegur\u00f3 que el movimiento Hamas, que gobierna la Franja de Gaza, pagar\u00e1 \u00abun precio sin precedentes\u00bb. \u00abCiudadanos de Israel, estamos en guerra. [&hellip;]<\/p>\n","protected":false},"author":3,"featured_media":11014,"comment_status":"closed","ping_status":"closed","sticky":false,"template":"","format":"standard","meta":{"om_disable_all_campaigns":false,"_monsterinsights_skip_tracking":false,"_monsterinsights_sitenote_active":false,"_monsterinsights_sitenote_note":"","_monsterinsights_sitenote_category":0,"footnotes":""},"categories":[9,52],"tags":[3536,3537,310],"class_list":["post-11012","post","type-post","status-publish","format-standard","has-post-thumbnail","hentry","category-internacionales","category-policiales","tag-ataques-terroristas","tag-franja-de-gaza","tag-israel"],"aioseo_notices":[],"amp_enabled":true,"_links":{"self":[{"href":"https:\/\/diariodigitalnea.com\/index.php\/wp-json\/wp\/v2\/posts\/11012","targetHints":{"allow":["GET"]}}],"collection":[{"href":"https:\/\/diariodigitalnea.com\/index.php\/wp-json\/wp\/v2\/posts"}],"about":[{"href":"https:\/\/diariodigitalnea.com\/index.php\/wp-json\/wp\/v2\/types\/post"}],"author":[{"embeddable":true,"href":"https:\/\/diariodigitalnea.com\/index.php\/wp-json\/wp\/v2\/users\/3"}],"replies":[{"embeddable":true,"href":"https:\/\/diariodigitalnea.com\/index.php\/wp-json\/wp\/v2\/comments?post=11012"}],"version-history":[{"count":1,"href":"https:\/\/diariodigitalnea.com\/index.php\/wp-json\/wp\/v2\/posts\/11012\/revisions"}],"predecessor-version":[{"id":11020,"href":"https:\/\/diariodigitalnea.com\/index.php\/wp-json\/wp\/v2\/posts\/11012\/revisions\/11020"}],"wp:featuredmedia":[{"embeddable":true,"href":"https:\/\/diariodigitalnea.com\/index.php\/wp-json\/wp\/v2\/media\/11014"}],"wp:attachment":[{"href":"https:\/\/diariodigitalnea.com\/index.php\/wp-json\/wp\/v2\/media?parent=11012"}],"wp:term":[{"taxonomy":"category","embeddable":true,"href":"https:\/\/diariodigitalnea.com\/index.php\/wp-json\/wp\/v2\/categories?post=11012"},{"taxonomy":"post_tag","embeddable":true,"href":"https:\/\/diariodigitalnea.com\/index.php\/wp-json\/wp\/v2\/tags?post=11012"}],"curies":[{"name":"wp","href":"https:\/\/api.w.org\/{rel}","templated":true}]}}