{"id":10853,"date":"2023-09-28T03:37:12","date_gmt":"2023-09-28T03:37:12","guid":{"rendered":"https:\/\/diariodigitalnea.com\/?p=10853"},"modified":"2023-09-28T04:47:48","modified_gmt":"2023-09-28T04:47:48","slug":"en-la-primera-mitad-de-ano-la-pobreza-llego-al-401-y-alcanzo-a-186-millones-de-personas","status":"publish","type":"post","link":"https:\/\/diariodigitalnea.com\/index.php\/2023\/09\/28\/en-la-primera-mitad-de-ano-la-pobreza-llego-al-401-y-alcanzo-a-186-millones-de-personas\/","title":{"rendered":"En la primera mitad de a\u00f1o, la pobreza lleg\u00f3 al 40,1% y alcanz\u00f3 a 18,6 millones de personas"},"content":{"rendered":"\n<p>Los datos son anteriores a la disparada inflacionaria tras la devaluaci\u00f3n de mediados de agosto. Corresponden a los 31 conglomerados urbanos. Si se proyecta al total del pa\u00eds, la pobreza afecta a 18,6 millones personas y la indigencia a 4,3 millones.<\/p>\n\n\n\n<p>urante el primer semestre de 2023, la pobreza escal\u00f3 al 40,1% y afect\u00f3 a 11,8 millones de ciudadanos mientras que la indigencia salt\u00f3 a 9,3%% y alcanz\u00f3 a 2,7 millones de personas, seg\u00fan inform\u00f3 esta tarde el Instituto Nacional de Estad\u00edstica y Censos (INDEC) en base a la Encuesta Permanente de Hogares (EPH). Si se proyecta al total del pa\u00eds, la pobreza impact\u00f3 sobre 18,6 millones personas y la indigencia sobre 4,3 millones.<\/p>\n\n\n\n<p>Seg\u00fan la EPH, que comprende un universo de 29,4 millones de argentinos, el porcentaje de hogares por debajo de la l\u00ednea de pobreza fue de 29,6% mientras que el 6,8% se ubic\u00f3 por debajo del umbral de la l\u00ednea de indigencia. Cabe destacar que los datos son anteriores a la disparada de la inflaci\u00f3n por la devaluaci\u00f3n poselectoral de agosto.<\/p>\n\n\n\n<h2 class=\"wp-block-heading\">Cu\u00e1nto crecieron la pobreza y la indigencia en el primer semestre de 2023<\/h2>\n\n\n\n<p>\u00abCon respecto al segundo semestre de 2022, la incidencia de la pobreza se mantuvo sin cambios en los hogares y registr\u00f3 un aumento de 0,9 puntos porcentuales (p.p.) en las personas. En el caso de la indigencia, mostr\u00f3 un aumento de 0,6 p.p. en los hogares y de 1,2 p.p. en las personas\u00bb, indica el documento oficial.<\/p>\n\n\n\n<figure class=\"wp-block-pullquote\"><blockquote><p> \u00abLa Argentina no crece desde el 2011, y el crecimiento ayuda a combatir la inflaci\u00f3n\u00bb<\/p><cite>Mart\u00edn Gonz\u00e1lez Rozada<\/cite><\/blockquote><\/figure>\n\n\n\n<p>El \u00faltimo relevamiento del INDEC hab\u00eda estimado que la pobreza alcanz\u00f3 al 39,2% de la poblaci\u00f3n econ\u00f3micamente activa al cierre de la segunda mitad de 2022, por encima del 37,3% del mismo per\u00edodo del 2021. A su vez, el 8,1% de la poblaci\u00f3n estaba debajo de la l\u00ednea de indigencia.<\/p>\n\n\n\n<p>El dato de los primeros seis meses del a\u00f1o se revel\u00f3 a pocos d\u00edas del debate presidencial y a menos de un mes de las elecciones, en las que el actual ministro de Econom\u00eda, Sergio Massa, buscar\u00e1 llegar a la Casa Rosada el 10 de diciembre, al igual que el libertario Javier Milei y Patricia Bullrich, referente de Juntos por el Cambio.<\/p>\n\n\n\n<h2 class=\"wp-block-heading\">El mapa de la pobreza en Argentina<\/h2>\n\n\n\n<p>De los 31 aglomerados urbanos estudiados, las mayores incidencias de la pobreza en personas se registraron en las regiones Noreste (NEA), 42,0%; y el Gran Buenos Aires (GBA), 41,4%. Por el contrario, las menores tuvieron lugar en las regiones Patagonia, 33,2%; y Pampeana, 36,8%.<\/p>\n\n\n\n<p>\u00abEn los aglomerados de 500.000 y m\u00e1s habitantes se observ\u00f3 un aumento de la pobreza de 1,2 puntos porcentuales. En cambio, en los aglomerados de menos de 500.000 se observ\u00f3 una reducci\u00f3n de la misma de 0,9 p.p. con respecto al segundo semestre de 2022\u00bb, remarca el an\u00e1lisis oficial.<\/p>\n\n\n\n<figure class=\"wp-block-image size-full\"><img fetchpriority=\"high\" decoding=\"async\" width=\"900\" height=\"505\" src=\"http:\/\/diariodigitalnea.com\/wp-content\/uploads\/2023\/09\/indec.jpg\" alt=\"\" class=\"wp-image-10854\" srcset=\"https:\/\/diariodigitalnea.com\/wp-content\/uploads\/2023\/09\/indec.jpg 900w, https:\/\/diariodigitalnea.com\/wp-content\/uploads\/2023\/09\/indec-300x168.jpg 300w, https:\/\/diariodigitalnea.com\/wp-content\/uploads\/2023\/09\/indec-768x431.jpg 768w\" sizes=\"(max-width: 900px) 100vw, 900px\" \/><\/figure>\n\n\n\n<p>En relaci\u00f3n a los grupos de edad seg\u00fan condici\u00f3n de pobreza, se dio a conocer que m\u00e1s de la mitad (56,2%) de<br>los ni\u00f1os de 0 a 14 a\u00f1os son pobres. El porcentaje total de pobres para los grupos etarios de 15 a 29 a\u00f1os y de 30 a 64 a\u00f1os es de 46,8% y 35,4%, respectivamente. En la poblaci\u00f3n de 65 a\u00f1os y m\u00e1s, el 13,2% es pobre.<\/p>\n\n\n\n<h2 class=\"wp-block-heading\">Los pron\u00f3sticos privados sobre la pobreza<\/h2>\n\n\n\n<p>Las estimaciones privadas arrojaron que la pobreza se ubic\u00f3 por encima del 40%; cifra impulsada por el pico inflacionario originado por la devaluaci\u00f3n de 22% implementada por el Gobierno tras las primarias y la subsiguiente p\u00e9rdida de poder adquisitivo.<\/p>\n\n\n\n<p>En este sentido, y para Mart\u00edn Rozada, Director de la Maestr\u00eda en Econometr\u00eda de la Universidad Torcuato Di Tella, la pobreza alcanz\u00f3 el 44.4% en el segundo trimestre de 2023 y el 43.1% espec\u00edficamente en el bimestre julio-agosto de 2023.<\/p>\n\n\n\n<p>El Nowcast de Pobreza que realiza la entidad educativa mide la pobreza en t\u00e9rminos del porcentaje de personas que viven en hogares pobres. La estimaci\u00f3n est\u00e1 basada en la Encuesta Permanente de Hogares (EPH) del INDEC junto a proyecciones de la canasta b\u00e1sica total (CBT) utilizando el \u00cdndice de Precios al Consumidor (IPC) y a proyecciones de los deciles de ingreso total familiar.<\/p>\n\n\n\n<p>Por su parte, y seg\u00fan el reciente informe elaborado por el Observatorio de la Deuda Social de la UCA (Universidad Cat\u00f3lica Argentina), el \u00edndice de pobreza alcanz\u00f3 al 38,9% de la poblaci\u00f3n en septiembre, una tasa similar a la observada en 2006, es decir, 17 a\u00f1os atr\u00e1s; y esta trepar\u00eda al 50% sin la Asignaci\u00f3n Universal por Hijo (AUH) y otros planes sociales, indic\u00f3 el estudio.<\/p>\n\n\n\n<pre class=\"wp-block-verse\"><strong>Es oficial el bono de $20.000 para desempleados: a cu\u00e1ntas personas alcanza y cu\u00e1ndo se cobra<\/strong><\/pre>\n\n\n\n<p>En este sentido, los ni\u00f1os, ni\u00f1as y adolescentes son los m\u00e1s afectados por esta situaci\u00f3n: en este caso la tasa alcanza al 61,6% hasta los 17 a\u00f1os.<\/p>\n\n\n\n<p>Adem\u00e1s, la tasa de indigencia crecer\u00eda al 19,6% si no se contemplara el cobro de la Asignaci\u00f3n Universal por Hijo (AUH) ni la percepci\u00f3n de pensiones no contributivas.<\/p>\n\n\n\n<p>El economista Orlando Ferreres, a su vez, vincul\u00f3 el alza en la pobreza con el desplome del salario informal, que \u00abcay\u00f3 m\u00e1s del 20% en los \u00faltimos a\u00f1os\u201d, seg\u00fan sostuvo en di\u00e1logo con Canal E.<\/p>\n\n\n\n<p>Es en este contexto que, en las \u00faltimas horas, el Gobierno Nacional implement\u00f3 distintas medidas para intentar mejorar el poder adquisitivo de todos los sectores. Estos anuncios estuvieron liderados por el titular de la cartera econ\u00f3mica, y candidato a presidente, Sergio Massa, qui\u00e9n tambi\u00e9n busc\u00f3, entre los objetivos, que estas variables negativas no afecten su imagen electoral a poco menos de un mes de los comicios.<\/p>\n\n\n\n<p>Cabe remarcar que durante el inicio del gobierno de Alberto Fern\u00e1ndez la pobreza se ubic\u00f3 en un 34,7% y que, con la pandemia y el desplome de la actividad, lleg\u00f3 a tocar un pico de hasta el 40,9%; un n\u00famero muy similar al que se vio reflejado en los datos del primer semestre del 2023.<\/p>\n","protected":false},"excerpt":{"rendered":"<p>Los datos son anteriores a la disparada inflacionaria tras la devaluaci\u00f3n de mediados de agosto. Corresponden a los 31 conglomerados urbanos. Si se proyecta al total del pa\u00eds, la pobreza afecta a 18,6 millones personas y la indigencia a 4,3 millones. urante el primer semestre de 2023, la pobreza escal\u00f3 al 40,1% y afect\u00f3 a [&hellip;]<\/p>\n","protected":false},"author":3,"featured_media":10856,"comment_status":"closed","ping_status":"closed","sticky":false,"template":"","format":"standard","meta":{"om_disable_all_campaigns":false,"_monsterinsights_skip_tracking":false,"_monsterinsights_sitenote_active":false,"_monsterinsights_sitenote_note":"","_monsterinsights_sitenote_category":0,"footnotes":""},"categories":[5,90],"tags":[3499,89,517,3498,15,3500],"class_list":["post-10853","post","type-post","status-publish","format-standard","has-post-thumbnail","hentry","category-economia","category-nacionales","tag-distribucion-de-la-riqueza","tag-economia","tag-indec","tag-indice-de-pobreza","tag-inflacion","tag-politica-economica"],"aioseo_notices":[],"amp_enabled":true,"_links":{"self":[{"href":"https:\/\/diariodigitalnea.com\/index.php\/wp-json\/wp\/v2\/posts\/10853","targetHints":{"allow":["GET"]}}],"collection":[{"href":"https:\/\/diariodigitalnea.com\/index.php\/wp-json\/wp\/v2\/posts"}],"about":[{"href":"https:\/\/diariodigitalnea.com\/index.php\/wp-json\/wp\/v2\/types\/post"}],"author":[{"embeddable":true,"href":"https:\/\/diariodigitalnea.com\/index.php\/wp-json\/wp\/v2\/users\/3"}],"replies":[{"embeddable":true,"href":"https:\/\/diariodigitalnea.com\/index.php\/wp-json\/wp\/v2\/comments?post=10853"}],"version-history":[{"count":1,"href":"https:\/\/diariodigitalnea.com\/index.php\/wp-json\/wp\/v2\/posts\/10853\/revisions"}],"predecessor-version":[{"id":10855,"href":"https:\/\/diariodigitalnea.com\/index.php\/wp-json\/wp\/v2\/posts\/10853\/revisions\/10855"}],"wp:featuredmedia":[{"embeddable":true,"href":"https:\/\/diariodigitalnea.com\/index.php\/wp-json\/wp\/v2\/media\/10856"}],"wp:attachment":[{"href":"https:\/\/diariodigitalnea.com\/index.php\/wp-json\/wp\/v2\/media?parent=10853"}],"wp:term":[{"taxonomy":"category","embeddable":true,"href":"https:\/\/diariodigitalnea.com\/index.php\/wp-json\/wp\/v2\/categories?post=10853"},{"taxonomy":"post_tag","embeddable":true,"href":"https:\/\/diariodigitalnea.com\/index.php\/wp-json\/wp\/v2\/tags?post=10853"}],"curies":[{"name":"wp","href":"https:\/\/api.w.org\/{rel}","templated":true}]}}