{"id":10843,"date":"2023-09-27T14:47:45","date_gmt":"2023-09-27T14:47:45","guid":{"rendered":"https:\/\/diariodigitalnea.com\/?p=10843"},"modified":"2023-09-27T15:11:19","modified_gmt":"2023-09-27T15:11:19","slug":"padres-denuncian-la-obstruccion-del-vinculo-y-reclaman-frente-al-juzgado-de-familias-de-resistencia","status":"publish","type":"post","link":"https:\/\/diariodigitalnea.com\/index.php\/2023\/09\/27\/padres-denuncian-la-obstruccion-del-vinculo-y-reclaman-frente-al-juzgado-de-familias-de-resistencia\/","title":{"rendered":"Padres denuncian la \u00abobstrucci\u00f3n del v\u00ednculo\u00bb y reclaman frente al Juzgado de Familias de Resistencia"},"content":{"rendered":"\n<p>Familiares se convocaron frente al Juzgado de Familias para pedir que desde la Justicia act\u00faen para que puedan ver a sus ni\u00f1os. Denuncian ineficiencia en los procesos y piden mayor \u00abresponsabilidad\u00bb.<\/p>\n\n\n\n<p><\/p>\n\n\n\n<p>Los familiares afuera del \u00abJuzgado de Ni\u00f1ez, Adolescencia y Familia\u00bb reclamaron por la obstrucci\u00f3n del v\u00ednculo en Chaco. \u00abHay m\u00e1s de 3.000 casos en Chaco en lo que va del 2023. Hasta el momento en nuestras agrupaciones no hay ninguna revinculaci\u00f3n\u00bb, expres\u00f3 Fernando Calera, padre autoconvocado.<\/p>\n\n\n\n<p><\/p>\n\n\n\n<p>Padres, t\u00edos y abuelos reclaman que, debido a conflictos existentes con el otro progenitor, su relaci\u00f3n se ve \u00abobstruida\u00bb con sus hijos debido a denuncias que, seg\u00fan ellos, algunas resultan \u00abfalsas\u00bb y hay casos donde la Justicia no realiza un correcto abordaje para proteger y mantener la relaci\u00f3n entre los ni\u00f1os y sus familiares.<\/p>\n\n\n\n<p><\/p>\n\n\n\n<p>Estos \u00faltimos se hicieron presentes \u00abprotestando pac\u00edficamente\u00bb donde expresaron que \u00absomos obstruidos sin ning\u00fan motivo\u00bb, al mismo tiempo que se\u00f1alaron que las autoridades judiciales no tienen en cuenta la lejan\u00eda que estos mantienen con sus hijos.<\/p>\n\n\n\n<figure class=\"wp-block-image size-large\"><img fetchpriority=\"high\" decoding=\"async\" width=\"1024\" height=\"576\" src=\"https:\/\/diariodigitalnea.com\/wp-content\/uploads\/2023\/09\/WhatsApp-Image-2023-09-27-at-11.42.19-1024x576.jpeg\" alt=\"\" class=\"wp-image-10844\" srcset=\"https:\/\/diariodigitalnea.com\/wp-content\/uploads\/2023\/09\/WhatsApp-Image-2023-09-27-at-11.42.19-1024x576.jpeg 1024w, https:\/\/diariodigitalnea.com\/wp-content\/uploads\/2023\/09\/WhatsApp-Image-2023-09-27-at-11.42.19-300x169.jpeg 300w, https:\/\/diariodigitalnea.com\/wp-content\/uploads\/2023\/09\/WhatsApp-Image-2023-09-27-at-11.42.19-768x432.jpeg 768w, https:\/\/diariodigitalnea.com\/wp-content\/uploads\/2023\/09\/WhatsApp-Image-2023-09-27-at-11.42.19.jpeg 1156w\" sizes=\"(max-width: 1024px) 100vw, 1024px\" \/><\/figure>\n\n\n\n<p>Los casos de obstrucci\u00f3n del v\u00ednculo var\u00edan en tiempo, ya que hay padres que no pueden ver a sus ni\u00f1os desde hac\u00eda uno o dos a\u00f1os, mientras que, seg\u00fan denunciaron, hay casos de abuelos que no pueden ver a sus nietos desde hace incluso cuatro a\u00f1os.<\/p>\n\n\n\n<p><\/p>\n\n\n\n<p>Calera, indic\u00f3 a Diario Chaco\u00a0 que focalizan su reclamo en que se respete el derecho de los m\u00e1s peque\u00f1os, como tambi\u00e9n que se aplique una perspectiva de infancia en los casos que la Justicia lleva adelante. \u00abLas expectativas hoy es que haya revinculaciones. Estamos esperando esa mesa de trabajo interdisciplinaria en el STJ para avanzar con esto y que no haya tantas familias y tantos padres reclamando por ver a sus hijos que son separados sin motivo alguno\u00bb, consider\u00f3.<\/p>\n\n\n\n<p><\/p>\n\n\n\n<p>En este aspecto, resalt\u00f3 que \u00abno hubo respuesta formal\u00bb y que, incluso existen casos donde \u00abHay padres y abuelos que no ven a sus hijos hace cuatro a\u00f1os, teniendo una revinculaci\u00f3n pactada, lo cual consideramos muy grave\u00bb, asever\u00f3.<\/p>\n\n\n\n<p><\/p>\n\n\n\n<p>Emanuela R\u00edos, una de las madres convocadas, tambi\u00e9n se refiri\u00f3 a la problem\u00e1tica, a la que apunt\u00f3 contra el Juzgado de Familias ya que \u00abno investigan nada\u00bb. \u00abEn mi caso estoy hace dos a\u00f1os y nueve meses sin poder tener ning\u00fan tipo de v\u00ednculo con mi hija. A trav\u00e9s de una falsa denuncia me ponen una perimetral el a\u00f1o pasado\u00bb, explic\u00f3.<\/p>\n\n\n\n<figure class=\"wp-block-image size-large\"><img decoding=\"async\" width=\"1024\" height=\"513\" src=\"http:\/\/diariodigitalnea.com\/wp-content\/uploads\/2023\/05\/ENCUENTRO-IG-Verde-copy-1024x513.jpg\" alt=\"PUBLICIDAD\" class=\"wp-image-8132\" srcset=\"https:\/\/diariodigitalnea.com\/wp-content\/uploads\/2023\/05\/ENCUENTRO-IG-Verde-copy-1024x513.jpg 1024w, https:\/\/diariodigitalnea.com\/wp-content\/uploads\/2023\/05\/ENCUENTRO-IG-Verde-copy-300x150.jpg 300w, https:\/\/diariodigitalnea.com\/wp-content\/uploads\/2023\/05\/ENCUENTRO-IG-Verde-copy-768x385.jpg 768w, https:\/\/diariodigitalnea.com\/wp-content\/uploads\/2023\/05\/ENCUENTRO-IG-Verde-copy-1536x769.jpg 1536w, https:\/\/diariodigitalnea.com\/wp-content\/uploads\/2023\/05\/ENCUENTRO-IG-Verde-copy-2048x1026.jpg 2048w\" sizes=\"(max-width: 1024px) 100vw, 1024px\" \/><figcaption>Publicidad: Encuentro Tienda de Bebidas, Chile 190 Local 4 \u2013 Tel: 3624386655 &#8211; Gral San Mart\u00edn<\/figcaption><\/figure>\n\n\n\n<p>\u00a0Debido a esta problem\u00e1tica, los autoconvocados pidieron que haya \u00abresponsabilidad\u00bb y \u00abque los jueces den el ejemplo de que hay que venir a trabajar. No hay seriedad de los jueces, los letrados o funcionarios p\u00fablicos que tienen un cargo ac\u00e1\u00bb.<\/p>\n\n\n\n<p><\/p>\n\n\n\n<p>\u00abLos tiempos que perdemos con nuestros hijos, no nos pueden devolver, perdemos cumplea\u00f1os, no sabemos si se enferman, si comen o qu\u00e9 situaci\u00f3n est\u00e1n pasando\u00bb, aseveraron. \u00abQueremos estar con nuestros hijos, no pedimos otra cosa\u00bb, remarcaron.<\/p>\n\n\n\n<p><\/p>\n\n\n\n<p><strong>PROCESOS CUESTIONABLES<\/strong><\/p>\n\n\n\n<p>Entre los reclamos, R\u00edos abord\u00f3 los modos en el que los trabajadores del \u00e1rea realizan las entrevistas a los ni\u00f1os de manera virtual, algo en lo que el ni\u00f1o podr\u00eda estar f\u00e1cilmente presionado psicol\u00f3gicamente por su obstructor.<\/p>\n\n\n\n<p><\/p>\n\n\n\n<p>\u00abLos informes del equipo interdisciplinario no son serios, no puede ser un informe serio a trav\u00e9s de una videollamada. Lamentablemente la jueza desde los juzgados de familia los tiene en cuenta\u00bb, asegur\u00f3.<\/p>\n\n\n\n<figure class=\"wp-block-image size-large\"><img decoding=\"async\" width=\"1024\" height=\"446\" src=\"http:\/\/diariodigitalnea.com\/wp-content\/uploads\/2023\/05\/CONSTRUCAL-CON-FABRICA-2-1024x446.jpg\" alt=\"publicidad Construcal 2\" class=\"wp-image-8211\" srcset=\"https:\/\/diariodigitalnea.com\/wp-content\/uploads\/2023\/05\/CONSTRUCAL-CON-FABRICA-2-1024x446.jpg 1024w, https:\/\/diariodigitalnea.com\/wp-content\/uploads\/2023\/05\/CONSTRUCAL-CON-FABRICA-2-300x131.jpg 300w, https:\/\/diariodigitalnea.com\/wp-content\/uploads\/2023\/05\/CONSTRUCAL-CON-FABRICA-2-768x334.jpg 768w, https:\/\/diariodigitalnea.com\/wp-content\/uploads\/2023\/05\/CONSTRUCAL-CON-FABRICA-2-1536x669.jpg 1536w, https:\/\/diariodigitalnea.com\/wp-content\/uploads\/2023\/05\/CONSTRUCAL-CON-FABRICA-2-2048x892.jpg 2048w\" sizes=\"(max-width: 1024px) 100vw, 1024px\" \/><figcaption>Publicidad: ConstruCal Cales hidratas y vivas para uso vial y construcci\u00f3n TEL: 3624602737\n<\/figcaption><\/figure>\n","protected":false},"excerpt":{"rendered":"<p>Familiares se convocaron frente al Juzgado de Familias para pedir que desde la Justicia act\u00faen para que puedan ver a sus ni\u00f1os. Denuncian ineficiencia en los procesos y piden mayor \u00abresponsabilidad\u00bb. Los familiares afuera del \u00abJuzgado de Ni\u00f1ez, Adolescencia y Familia\u00bb reclamaron por la obstrucci\u00f3n del v\u00ednculo en Chaco. \u00abHay m\u00e1s de 3.000 casos en [&hellip;]<\/p>\n","protected":false},"author":4,"featured_media":10845,"comment_status":"closed","ping_status":"closed","sticky":false,"template":"","format":"standard","meta":{"om_disable_all_campaigns":false,"_monsterinsights_skip_tracking":false,"_monsterinsights_sitenote_active":false,"_monsterinsights_sitenote_note":"","_monsterinsights_sitenote_category":0,"footnotes":""},"categories":[95,52],"tags":[199,3495,3496],"class_list":["post-10843","post","type-post","status-publish","format-standard","has-post-thumbnail","hentry","category-informacion-general","category-policiales","tag-ninos","tag-padres","tag-vinculo"],"aioseo_notices":[],"amp_enabled":true,"_links":{"self":[{"href":"https:\/\/diariodigitalnea.com\/index.php\/wp-json\/wp\/v2\/posts\/10843","targetHints":{"allow":["GET"]}}],"collection":[{"href":"https:\/\/diariodigitalnea.com\/index.php\/wp-json\/wp\/v2\/posts"}],"about":[{"href":"https:\/\/diariodigitalnea.com\/index.php\/wp-json\/wp\/v2\/types\/post"}],"author":[{"embeddable":true,"href":"https:\/\/diariodigitalnea.com\/index.php\/wp-json\/wp\/v2\/users\/4"}],"replies":[{"embeddable":true,"href":"https:\/\/diariodigitalnea.com\/index.php\/wp-json\/wp\/v2\/comments?post=10843"}],"version-history":[{"count":2,"href":"https:\/\/diariodigitalnea.com\/index.php\/wp-json\/wp\/v2\/posts\/10843\/revisions"}],"predecessor-version":[{"id":10848,"href":"https:\/\/diariodigitalnea.com\/index.php\/wp-json\/wp\/v2\/posts\/10843\/revisions\/10848"}],"wp:featuredmedia":[{"embeddable":true,"href":"https:\/\/diariodigitalnea.com\/index.php\/wp-json\/wp\/v2\/media\/10845"}],"wp:attachment":[{"href":"https:\/\/diariodigitalnea.com\/index.php\/wp-json\/wp\/v2\/media?parent=10843"}],"wp:term":[{"taxonomy":"category","embeddable":true,"href":"https:\/\/diariodigitalnea.com\/index.php\/wp-json\/wp\/v2\/categories?post=10843"},{"taxonomy":"post_tag","embeddable":true,"href":"https:\/\/diariodigitalnea.com\/index.php\/wp-json\/wp\/v2\/tags?post=10843"}],"curies":[{"name":"wp","href":"https:\/\/api.w.org\/{rel}","templated":true}]}}